{"id":120753,"date":"2025-12-19T16:57:10","date_gmt":"2025-12-19T16:57:10","guid":{"rendered":"https:\/\/www.europesays.com\/fi\/120753\/"},"modified":"2025-12-19T16:57:10","modified_gmt":"2025-12-19T16:57:10","slug":"avatar-tulen-ja-tuhkan-maailmaan-elokuva-esitetaan-la-geodessa-immersiivisessa-katseluelamyksessa-sortir-a-paris","status":"publish","type":"post","link":"https:\/\/www.europesays.com\/fi\/120753\/","title":{"rendered":"Avatar: Tulen ja tuhkan maailmaan \u2013 elokuva esitet\u00e4\u00e4n La G\u00e9odessa immersiivisess\u00e4 katseluel\u00e4myksess\u00e4 &#8211; Sortir \u00e0 Paris"},"content":{"rendered":"<ol>\n<li><a href=\"https:\/\/news.google.com\/rss\/articles\/CBMi-gFBVV95cUxOLXJUYjVJYW5Ea3FIT09tcExLS1dqZTBUekJOdXZLUHgxS1Q1aGlHM3RmZDdYT0dvUl8wZmhlSzdlenlTalNrdDZVRFc1a3l1aDNOaFkwTnlVOFhjUEhRQXVxeGc1bnlBamFiSl9SSmpiWndBZVBLbXVBSVh5a3NXWEdaYUJIZGlZNW91SDNBd3lnYTVEZTB5Q0tIMmctN29FOTNBWnhPVktTaWdBYU1nOHd1Q1JYVzl0bWVTUnVGeFVPMVJnSDNDdFNOZFVpXzVULVdBc2Y4V0hjT0p0WHRZZDJZVjh1a0F6YUVmcVF4eVphUi0tc0tCV3hn?oc=5\" target=\"_blank\" rel=\"nofollow noopener\">Avatar: Tulen ja tuhkan maailmaan \u2013 elokuva esitet\u00e4\u00e4n La G\u00e9odessa immersiivisess\u00e4 katseluel\u00e4myksess\u00e4<\/a>&nbsp;&nbsp;Sortir \u00e0 Paris<\/li>\n<li><a href=\"https:\/\/news.google.com\/rss\/articles\/CBMiUEFVX3lxTE1zb1FHSTRTUmNNSndhc2dwV1pMYmJlVXItdlY1SVY0RHV3a2UwUzQ0dzdoWTkxOUwxa2dIYzFsbGN3NGdrbDdTenVyUlgyclJQ?oc=5\" target=\"_blank\" rel=\"nofollow noopener\">Elokuva-arvio | Uushenkinen scifi-h\u00f6tt\u00f6 Avatar: Fire and Ash lyps\u00e4\u00e4 lompakoita tutulla kaavalla<\/a>&nbsp;&nbsp;Keskisuomalainen<\/li>\n<li><a href=\"https:\/\/news.google.com\/rss\/articles\/CBMiiAFBVV95cUxPVTZuVm82NTd4SmwxdWtmUXJHaFZBLWFPaVo0MV9JZG1oVjh1d1ZxM1ExbUJvaEZLUV9adGVNcE9uUWJoQVFjMm95ZXUtVkxHOS1WYXU4dGtfLWxPbUZsOUU4VmdoZ2tfY0lOZEwyeHRDWVNoMllCVXQ3RzhIYjEtNXpveVpNWHhZ?oc=5\" target=\"_blank\" rel=\"nofollow noopener\">Arvio: 3D-laseille tulee k\u00e4ytt\u00f6\u00e4 pitk\u00e4st\u00e4 aikaa \u2013 Uusi Avatar on ylipitk\u00e4 ja toisteinen, mutta luultavasti silti hitti<\/a>&nbsp;&nbsp;Kaleva<\/li>\n<li><a href=\"https:\/\/news.google.com\/rss\/articles\/CBMiX0FVX3lxTE9HeDhZUEcxSlNRSUlFejE4Um5aeXFjSjhBWnZVbmw3Rkl0Z0NrN0tHNDdnMWcxRDNkM3paRmpZRWxrYjZ2SndPb0JjeEduRWh4dlU3cGpEam9DU3Z1dmRB?oc=5\" target=\"_blank\" rel=\"nofollow noopener\">Elokuva-arvio | Uutta Avataria ei voi j\u00e4tt\u00e4\u00e4 n\u00e4kem\u00e4tt\u00e4, vaikka se ei ole en\u00e4\u00e4 yht\u00e4 iso ihme kuin edelliset<\/a>&nbsp;&nbsp;HS.fi<\/li>\n<li><a href=\"https:\/\/news.google.com\/rss\/articles\/CBMiswFBVV95cUxPMEFaZ3FYZ05sMzJJQkdKWTd2SnExQlpacENsTjBVa2x2R01TTXlnQ2U1M0d3RFV5M2xNTTV0OEE4dXA0azVMNEo3NlNmMXdjcmxpbG9VMHA5aUhpNzFwaDQwTjF0elhjV1Q0VFpxWW1pdURiUV9oTWRKY25mNE9oczAzbmNqQkMwbmhTUWlKRFZaYXQwaU9hLS1vek1rUXl4bXN1cTN5TXpZZjJCR2xZOXBQcw?oc=5\" target=\"_blank\" rel=\"nofollow noopener\">Avatar: Fire and Ashin lippukassaennuste on t\u00e4\u00e4ll\u00e4 \u2013 pudotusta on ilmeisesti luvassa<\/a>&nbsp;&nbsp;Episodi.fi<\/li>\n<\/ol>\n","protected":false},"excerpt":{"rendered":"Avatar: Tulen ja tuhkan maailmaan \u2013 elokuva esitet\u00e4\u00e4n La G\u00e9odessa immersiivisess\u00e4 katseluel\u00e4myksess\u00e4&nbsp;&nbsp;Sortir \u00e0 Paris Elokuva-arvio | Uushenkinen scifi-h\u00f6tt\u00f6&hellip;\n","protected":false},"author":2,"featured_media":194,"comment_status":"","ping_status":"","sticky":false,"template":"","format":"standard","meta":{"footnotes":""},"categories":[130],"tags":[137,33,31,30,32,109],"class_list":{"0":"post-120753","1":"post","2":"type-post","3":"status-publish","4":"format-standard","5":"has-post-thumbnail","7":"category-viihde","8":"tag-entertainment","9":"tag-fi","10":"tag-finland","11":"tag-finnish","12":"tag-suomi","13":"tag-viihde"},"share_on_mastodon":{"url":"https:\/\/pubeurope.com\/@fi\/115747294034236231","error":""},"_links":{"self":[{"href":"https:\/\/www.europesays.com\/fi\/wp-json\/wp\/v2\/posts\/120753","targetHints":{"allow":["GET"]}}],"collection":[{"href":"https:\/\/www.europesays.com\/fi\/wp-json\/wp\/v2\/posts"}],"about":[{"href":"https:\/\/www.europesays.com\/fi\/wp-json\/wp\/v2\/types\/post"}],"author":[{"embeddable":true,"href":"https:\/\/www.europesays.com\/fi\/wp-json\/wp\/v2\/users\/2"}],"replies":[{"embeddable":true,"href":"https:\/\/www.europesays.com\/fi\/wp-json\/wp\/v2\/comments?post=120753"}],"version-history":[{"count":0,"href":"https:\/\/www.europesays.com\/fi\/wp-json\/wp\/v2\/posts\/120753\/revisions"}],"wp:featuredmedia":[{"embeddable":true,"href":"https:\/\/www.europesays.com\/fi\/wp-json\/wp\/v2\/media\/194"}],"wp:attachment":[{"href":"https:\/\/www.europesays.com\/fi\/wp-json\/wp\/v2\/media?parent=120753"}],"wp:term":[{"taxonomy":"category","embeddable":true,"href":"https:\/\/www.europesays.com\/fi\/wp-json\/wp\/v2\/categories?post=120753"},{"taxonomy":"post_tag","embeddable":true,"href":"https:\/\/www.europesays.com\/fi\/wp-json\/wp\/v2\/tags?post=120753"}],"curies":[{"name":"wp","href":"https:\/\/api.w.org\/{rel}","templated":true}]}}