{"id":120758,"date":"2025-12-19T17:01:17","date_gmt":"2025-12-19T17:01:17","guid":{"rendered":"https:\/\/www.europesays.com\/fi\/120758\/"},"modified":"2025-12-19T17:01:17","modified_gmt":"2025-12-19T17:01:17","slug":"usan-lentoturmassa-kuolleen-viimeinen-tekstiviesti-julki-musertavaa-luettavaa","status":"publish","type":"post","link":"https:\/\/www.europesays.com\/fi\/120758\/","title":{"rendered":"USA:n lentoturmassa kuolleen viimeinen tekstiviesti julki \u2013 Musertavaa luettavaa"},"content":{"rendered":"<p>Greg Bifflen vaimo l\u00e4hetti viel\u00e4 yhden viestin \u00e4idilleen.<\/p>\n<p><img decoding=\"async\" class=\"image image-show image-preview\" src=\"https:\/\/www.europesays.com\/fi\/wp-content\/uploads\/2025\/12\/dede1ffcc3300598552617c48e95f6bc0c4bd01144a08dac65e6b3b1573d87cb.jpg\" alt=\"\"\/><img decoding=\"async\" class=\"image image-show\" src=\"https:\/\/www.europesays.com\/fi\/wp-content\/uploads\/2025\/12\/1766163677_929_dede1ffcc3300598552617c48e95f6bc0c4bd01144a08dac65e6b3b1573d87cb.jpg\" alt=\"\"\/><\/p>\n<p>Greg Biffle ja Cristina-vaimo ovat poissa. AOP<\/p>\n<p class=\"paragraph\">Autourheilut\u00e4hti <a href=\"https:\/\/www.iltalehti.fi\/henkilot\/Greg Biffle\" class=\"article-link-person-page\" rel=\"nofollow noopener\" target=\"_blank\">Greg Bifflen<\/a> kuolemasta on tullut julki hyyt\u00e4v\u00e4 yksityiskohta, <a href=\"https:\/\/people.com\/greg-biffle-wife-cristina-texted-mom-were-in-trouble-before-died-plane-crash-exclusive-11872732\" target=\"_blank\" rel=\"noopener nofollow\">People-lehti<\/a> uutisoi.<\/p>\n<p class=\"paragraph\">Biffle, 55, kuoli torstaina lento-onnettomuudessa. H\u00e4nen omistamansa lentokone Cessna C550 nousi ilmaan, mutta k\u00e4\u00e4ntyi pian takaisin ja yritti laskeutua. Kone putosi ja r\u00e4j\u00e4hti liekkeihin.<\/p>\n<p class=\"paragraph\">People-lehden mukaan Bifflen vaimo <strong>Cristina<\/strong> ehti l\u00e4hett\u00e4\u00e4 \u00e4idilleen <strong>Cathy Grossulle<\/strong> tekstiviestin, ennen kuin h\u00e4n, puoliso ja kaksi lasta menehtyiv\u00e4t liekkimeren keskell\u00e4.<\/p>\n<p class=\"paragraph\">\u2013 Olemme ongelmissa, viestiss\u00e4 luki.<\/p>\n<p class=\"paragraph\">Grossu kommentoi tapausta j\u00e4rkyttyneen\u00e4.<\/p>\n<p class=\"paragraph\">\u2013 Olemme musertuneita. Syd\u00e4memme s\u00e4rkyiv\u00e4t, h\u00e4n sanoi.<\/p>\n<p class=\"paragraph\">Onnettomuudessa kuoli Bifflen perheen lis\u00e4ksi my\u00f6s kolme muuta ihmist\u00e4. Porukka oli syntym\u00e4p\u00e4iv\u00e4matkalla, kohteenaan Florida.<\/p>\n<p class=\"paragraph\">\u2013 Ajatella nyt, ett\u00e4 kuolet syntym\u00e4p\u00e4iv\u00e4reissulla. Se loppui niin karmealla tavalla, ett\u00e4 sit\u00e4 on vaikea k\u00e4sitell\u00e4. En voi uskoa, ett\u00e4 he ovat poissa, Grossu vaikeroi.<\/p>\n","protected":false},"excerpt":{"rendered":"Greg Bifflen vaimo l\u00e4hetti viel\u00e4 yhden viestin \u00e4idilleen. Greg Biffle ja Cristina-vaimo ovat poissa. AOP Autourheilut\u00e4hti Greg Bifflen&hellip;\n","protected":false},"author":2,"featured_media":120759,"comment_status":"","ping_status":"","sticky":false,"template":"","format":"standard","meta":{"footnotes":""},"categories":[14],"tags":[35,22,23,26,27,33,31,30,17,2187,24,25,121,990,28,29,15,837,120,18,21,32,19,20,56,16,59,60,61],"class_list":{"0":"post-120758","1":"post","2":"type-post","3":"status-publish","4":"format-standard","5":"has-post-thumbnail","7":"category-ulkomaat","8":"tag-24h","9":"tag-breaking-news","10":"tag-breakingnews","11":"tag-featured-news","12":"tag-featurednews","13":"tag-fi","14":"tag-finland","15":"tag-finnish","16":"tag-headlines","17":"tag-kulkuneuvot","18":"tag-latest-news","19":"tag-latestnews","20":"tag-liikenne-ja-kuljetus","21":"tag-liikenneonnettomuudet","22":"tag-main-news","23":"tag-mainnews","24":"tag-news","25":"tag-onnettomuudet","26":"tag-onnettomuustapaus","27":"tag-otsikot","28":"tag-paauutiset","29":"tag-suomi","30":"tag-top-stories","31":"tag-topstories","32":"tag-ulkomaat","33":"tag-uutiset","34":"tag-world","35":"tag-world-news","36":"tag-worldnews"},"share_on_mastodon":{"url":"https:\/\/pubeurope.com\/@fi\/115747310532395365","error":""},"_links":{"self":[{"href":"https:\/\/www.europesays.com\/fi\/wp-json\/wp\/v2\/posts\/120758","targetHints":{"allow":["GET"]}}],"collection":[{"href":"https:\/\/www.europesays.com\/fi\/wp-json\/wp\/v2\/posts"}],"about":[{"href":"https:\/\/www.europesays.com\/fi\/wp-json\/wp\/v2\/types\/post"}],"author":[{"embeddable":true,"href":"https:\/\/www.europesays.com\/fi\/wp-json\/wp\/v2\/users\/2"}],"replies":[{"embeddable":true,"href":"https:\/\/www.europesays.com\/fi\/wp-json\/wp\/v2\/comments?post=120758"}],"version-history":[{"count":0,"href":"https:\/\/www.europesays.com\/fi\/wp-json\/wp\/v2\/posts\/120758\/revisions"}],"wp:featuredmedia":[{"embeddable":true,"href":"https:\/\/www.europesays.com\/fi\/wp-json\/wp\/v2\/media\/120759"}],"wp:attachment":[{"href":"https:\/\/www.europesays.com\/fi\/wp-json\/wp\/v2\/media?parent=120758"}],"wp:term":[{"taxonomy":"category","embeddable":true,"href":"https:\/\/www.europesays.com\/fi\/wp-json\/wp\/v2\/categories?post=120758"},{"taxonomy":"post_tag","embeddable":true,"href":"https:\/\/www.europesays.com\/fi\/wp-json\/wp\/v2\/tags?post=120758"}],"curies":[{"name":"wp","href":"https:\/\/api.w.org\/{rel}","templated":true}]}}