{"id":120760,"date":"2025-12-19T17:03:14","date_gmt":"2025-12-19T17:03:14","guid":{"rendered":"https:\/\/www.europesays.com\/fi\/120760\/"},"modified":"2025-12-19T17:03:14","modified_gmt":"2025-12-19T17:03:14","slug":"hs-kolme-erikoislaakaria-kayttaytyi-epaasiallisesti-opiskelijajuhlissa","status":"publish","type":"post","link":"https:\/\/www.europesays.com\/fi\/120760\/","title":{"rendered":"HS: Kolme erikoisl\u00e4\u00e4k\u00e4ri\u00e4 k\u00e4ytt\u00e4ytyi ep\u00e4asiallisesti opiskelijajuhlissa"},"content":{"rendered":"<p>Sairaalan ja yliopiston reagointi antaa ymm\u00e4rt\u00e4\u00e4, ett\u00e4 kyse on jonkinasteisesta intiimist\u00e4 kanssak\u00e4ymisest\u00e4 tai sellaisen yritt\u00e4misest\u00e4, kertoo HS.<\/p>\n<p class=\"article-body mb-nof-24 px-nof-16\">Kolme erikoisl\u00e4\u00e4k\u00e4ri\u00e4 k\u00e4ytt\u00e4ytyi ep\u00e4asiallisesti syksyll\u00e4 j\u00e4rjestetyss\u00e4 l\u00e4\u00e4ketieteen opiskelijoiden kurssijuhlassa Turussa, kertoo <a class=\"article-genericlink\" href=\"https:\/\/www.hs.fi\/alueet\/art-2000011694434.html\" rel=\"nofollow noopener\" target=\"_blank\">Helsingin Sanomat. <\/a><\/p>\n<p class=\"article-body mb-nof-24 px-nof-16\">HS:n mukaan ep\u00e4asiallinen k\u00e4yt\u00f6s k\u00e4y ilmi anteeksipyynt\u00f6kirjeest\u00e4, jonka Turun yliopistollisen sairaalan erikoisl\u00e4\u00e4k\u00e4rit ovat l\u00e4hett\u00e4neet opiskelijoille. Kirjeess\u00e4 kaikki Tyks Orton erikoisl\u00e4\u00e4k\u00e4rit pahoittelevat kollegoidensa k\u00e4yt\u00f6st\u00e4 Turun yliopiston opiskelijajuhlissa.<\/p>\n<p class=\"article-body mb-nof-24 px-nof-16\">HS:n mukaan sairaalan ja yliopiston reagointi antaa ymm\u00e4rt\u00e4\u00e4, ett\u00e4 kyse on jonkinasteisesta intiimist\u00e4 kanssak\u00e4ymisest\u00e4 tai sellaisen yritt\u00e4misest\u00e4.<\/p>\n<p class=\"article-body mb-nof-24 px-nof-16\">Kyseess\u00e4 oli Cursus Caliduksen kirurgian C7-kurssin kurssijuhla. Kurssille osallistuneet l\u00e4\u00e4ketieteen kandidaatit ovat nelj\u00e4nnen vuosikurssin opiskelijoita.<\/p>\n<p class=\"article-body mb-nof-24 px-nof-16\">Opiskelijajuhlissa tapahtunut ep\u00e4asiallinen k\u00e4yt\u00f6s on aiemminkin noussut esille mediassa.<\/p>\n<p class=\"article-body mb-nof-24 px-nof-16\">Maaliskuussa 2023 uutisoitiin Aamulehden entisen vastaavan p\u00e4\u00e4toimittajan <a class=\"article-personlink\" href=\"https:\/\/www.is.fi\/haku\/?query=Jussi%20Tuulensuun\" rel=\"nofollow noopener\" target=\"_blank\">Jussi Tuulensuun <\/a>ep\u00e4asiallisesta k\u00e4yt\u00f6ksest\u00e4 ainej\u00e4rjest\u00f6n vuosijuhlassa Tampereella.<\/p>\n<p class=\"article-body mb-nof-24 px-nof-16\">Tuulensuu <a class=\"article-genericlink\" href=\"https:\/\/www.is.fi\/kotimaa\/art-2000009450610.html\" rel=\"nofollow noopener\" target=\"_blank\">irtisanoutui <\/a>teht\u00e4vist\u00e4\u00e4n pian sen j\u00e4lkeen, kun tapaus tuli julkisuuteen.<\/p>\n<p class=\"article-body mb-nof-24 px-nof-16\">\u2013 En n\u00e4e mahdolliseksi uskottavasti jatkaa Aamulehden vastaavan p\u00e4\u00e4toimittajan teht\u00e4v\u00e4ss\u00e4. Luovun siit\u00e4, jotta Aamulehdell\u00e4, Sanoman Pirkanmaan journalistiyhteis\u00f6ll\u00e4 ja br\u00e4ndeill\u00e4 olisi parhaat edellytykset jatkaa hyv\u00e4\u00e4 ty\u00f6t\u00e4\u00e4n ja lukijoidensa palvelemista, Tuulensuu kommentoi Twitteriss\u00e4 irtisanoutumisensa j\u00e4lkeen.<\/p>\n<p class=\"article-body mb-nof-24 px-nof-16\">Tuulensuu my\u00f6s pyysi anteeksi tapahtunutta.<\/p>\n<p class=\"article-body mb-nof-24 px-nof-16\">Kyseess\u00e4 oli Tampereen yliopiston journalistiikan, kuvajournalismin ja visuaalisen journalismin opiskelijoiden ainej\u00e4rjest\u00f6 Vostok ry:n j\u00e4rjest\u00e4m\u00e4 vuosijuhla.<\/p>\n<p class=\"article-body mb-nof-24 px-nof-16\">\u2013 Tied\u00e4mme, ett\u00e4 h\u00e4n on ollut selke\u00e4sti p\u00e4ihtyneen\u00e4 ja h\u00e4n on l\u00e4hestynyt naisia ep\u00e4asiallisesti ja h\u00e4nen k\u00e4yt\u00f6ksens\u00e4 on koettu ahdistavana, kommentoi Sanoma Media Finlandin toimitusjohtaja <a class=\"article-personlink\" href=\"https:\/\/www.is.fi\/haku\/?query=Pia%20Kalsta\" rel=\"nofollow noopener\" target=\"_blank\">Pia Kalsta<\/a> asiaa Sanoman <a class=\"article-genericlink\" href=\"https:\/\/www.is.fi\/kotimaa\/art-2000009451175.html\" rel=\"nofollow noopener\" target=\"_blank\">tiedotteessa<\/a>.<\/p>\n","protected":false},"excerpt":{"rendered":"Sairaalan ja yliopiston reagointi antaa ymm\u00e4rt\u00e4\u00e4, ett\u00e4 kyse on jonkinasteisesta intiimist\u00e4 kanssak\u00e4ymisest\u00e4 tai sellaisen yritt\u00e4misest\u00e4, kertoo HS. Kolme&hellip;\n","protected":false},"author":2,"featured_media":120761,"comment_status":"","ping_status":"","sticky":false,"template":"","format":"standard","meta":{"footnotes":""},"categories":[12],"tags":[22,23,26,27,33,31,30,17,34,24,25,28,29,15,18,21,32,19,20,16],"class_list":{"0":"post-120760","1":"post","2":"type-post","3":"status-publish","4":"format-standard","5":"has-post-thumbnail","7":"category-suomi","8":"tag-breaking-news","9":"tag-breakingnews","10":"tag-featured-news","11":"tag-featurednews","12":"tag-fi","13":"tag-finland","14":"tag-finnish","15":"tag-headlines","16":"tag-ilta-sanomat","17":"tag-latest-news","18":"tag-latestnews","19":"tag-main-news","20":"tag-mainnews","21":"tag-news","22":"tag-otsikot","23":"tag-paauutiset","24":"tag-suomi","25":"tag-top-stories","26":"tag-topstories","27":"tag-uutiset"},"share_on_mastodon":{"url":"","error":""},"_links":{"self":[{"href":"https:\/\/www.europesays.com\/fi\/wp-json\/wp\/v2\/posts\/120760","targetHints":{"allow":["GET"]}}],"collection":[{"href":"https:\/\/www.europesays.com\/fi\/wp-json\/wp\/v2\/posts"}],"about":[{"href":"https:\/\/www.europesays.com\/fi\/wp-json\/wp\/v2\/types\/post"}],"author":[{"embeddable":true,"href":"https:\/\/www.europesays.com\/fi\/wp-json\/wp\/v2\/users\/2"}],"replies":[{"embeddable":true,"href":"https:\/\/www.europesays.com\/fi\/wp-json\/wp\/v2\/comments?post=120760"}],"version-history":[{"count":0,"href":"https:\/\/www.europesays.com\/fi\/wp-json\/wp\/v2\/posts\/120760\/revisions"}],"wp:featuredmedia":[{"embeddable":true,"href":"https:\/\/www.europesays.com\/fi\/wp-json\/wp\/v2\/media\/120761"}],"wp:attachment":[{"href":"https:\/\/www.europesays.com\/fi\/wp-json\/wp\/v2\/media?parent=120760"}],"wp:term":[{"taxonomy":"category","embeddable":true,"href":"https:\/\/www.europesays.com\/fi\/wp-json\/wp\/v2\/categories?post=120760"},{"taxonomy":"post_tag","embeddable":true,"href":"https:\/\/www.europesays.com\/fi\/wp-json\/wp\/v2\/tags?post=120760"}],"curies":[{"name":"wp","href":"https:\/\/api.w.org\/{rel}","templated":true}]}}