{"id":120762,"date":"2025-12-19T17:04:22","date_gmt":"2025-12-19T17:04:22","guid":{"rendered":"https:\/\/www.europesays.com\/fi\/120762\/"},"modified":"2025-12-19T17:04:22","modified_gmt":"2025-12-19T17:04:22","slug":"legendaarinen-kulttuuritila-nuijamies-nousee-uudelleen-lappeenrannassa-sai-uuden-omistajan-kulttuuri","status":"publish","type":"post","link":"https:\/\/www.europesays.com\/fi\/120762\/","title":{"rendered":"Legendaarinen kulttuuritila Nuijamies nousee uudelleen Lappeenrannassa \u2013 sai uuden omistajan | Kulttuuri"},"content":{"rendered":"<p class=\"aw-1gybjub aw-5vja16 kEtdKx kmuxyA yle__article__paragraph\">Nuijamies Venue oy -niminen yritys aloittaa Valtakadun tiloissa tapahtumatoiminnan ensi vuonna.<\/p>\n<p><img decoding=\"async\" alt=\"Kulttuuritila Nuijamies Lappeenrannassa.\" src=\"https:\/\/www.europesays.com\/fi\/wp-content\/uploads\/2025\/11\/39-1555760691c7d289d477.jpeg\" class=\"aw-1l9m598 hKVVvP\"\/><\/p>\n<p>Avaa kuvien katselu<\/p>\n<p>Kulttuuritila Nuijamiehen toiminta jatkuu uusien omistajien johdolla Lappeenrannan keskustassa. Kuva: Kare Lehtonen \/ Yle<\/p>\n<p>17:15\u2022P\u00e4ivitetty 18:25<\/p>\n<p class=\"aw-1gybjub aw-1p7kakr kEtdKx cEmitX yle__article__paragraph\">Maineikkaan kulttuuritila Nuijamiehen tarina saa jatkoa.<\/p>\n<p class=\"aw-1gybjub aw-1p7kakr kEtdKx cEmitX yle__article__paragraph\">Nuijamies Venue oy -niminen yritys kertoo haluavansa turvata kulttuurihistoriallisesti merkitt\u00e4v\u00e4n rakennuksen toiminnan jatkossakin.<\/p>\n<p class=\"aw-1gybjub aw-1p7kakr kEtdKx cEmitX yle__article__paragraph\">Yhti\u00f6n tarjous konkurssipes\u00e4lle Nuijamiehen kiinteist\u00f6st\u00e4 irtaimistoineen hyv\u00e4ksyttiin perjantaina 19. joulukuuta.<\/p>\n<p class=\"aw-1gybjub aw-1p7kakr kEtdKx cEmitX yle__article__paragraph\">Toiminta k\u00e4ynnistyy uuden osakeyhti\u00f6n alaisuudessa ensi vuoden puolella osoitteessa Valtakatu 39 sijaitsevassa rakennuksessa.<\/p>\n<p class=\"aw-1gybjub aw-1p7kakr kEtdKx cEmitX yle__article__paragraph\">Kokonaisuudesta vastaava luova johtaja <strong class=\"aw-ak79eh KyCXm yle__article__strong\">Kira Pesonen<\/strong> painottaa, ett\u00e4 osakeyhti\u00f6 aloittaa puhtaalta p\u00f6yd\u00e4lt\u00e4 ja yhdistyksen j\u00e4lkeen j\u00e4\u00e4neet asiat ja toiminta eiv\u00e4t liity uuteen osakeyhti\u00f6\u00f6n.<\/p>\n<p class=\"aw-1gybjub aw-1p7kakr kEtdKx cEmitX yle__article__paragraph\">\u2013 Tapahtumia joudutaan suunnittelemaan ihan alusta. Tarkoitus olisi avata tila alkukev\u00e4\u00e4n aikana. Ensin toimimme yrityksen taustalla. Tilanne tuli aika nopeasti eteemme, ja nyt alkavat tositoimet, iloisee Pesonen.<\/p>\n<p><img decoding=\"async\" alt=\"Kulttuuritila Nuijamiehen sali.\" src=\"https:\/\/www.europesays.com\/fi\/wp-content\/uploads\/2025\/12\/39-125339065e7089bf16b5.jpeg\" loading=\"lazy\" class=\"aw-1l9m598 hKVVvP\"\/><\/p>\n<p>Avaa kuvien katselu<\/p>\n<p>Uuden Nuijamies Venue -yrityksen taustalla on my\u00f6s ihmisi\u00e4, joiden nimi\u00e4 ei ole kerrottu julkisuuteen.  Kuva: Antro Valo \/ YleTaustalla tuttua kulttuuriv\u00e4ke\u00e4<\/p>\n<p class=\"aw-1gybjub aw-1p7kakr kEtdKx cEmitX yle__article__paragraph\">Nuijamies Venue oy kertoo tiedotteessaan, ett\u00e4 osakkaina on kuusi paikallista tapahtuma- ja kulttuurialan ammattihenkil\u00f6\u00e4.<\/p>\n<p class=\"aw-1gybjub aw-1p7kakr kEtdKx cEmitX yle__article__paragraph\">Toiminnasta vastaavat luova johtaja <strong class=\"aw-ak79eh KyCXm yle__article__strong\">Kira Pesonen<\/strong>, joka vastaa kokonaisuudesta, viestinn\u00e4st\u00e4, br\u00e4ndist\u00e4 ja toiminnan suuntaviivoista, tapahtumatekniikan p\u00e4\u00e4llikk\u00f6 <strong class=\"aw-ak79eh KyCXm yle__article__strong\">Yai Talasmo<\/strong> sek\u00e4 hallituksen j\u00e4senet <strong class=\"aw-ak79eh KyCXm yle__article__strong\">Antti Hyyrynen<\/strong>, <strong class=\"aw-ak79eh KyCXm yle__article__strong\">Jenni Silvennoinen<\/strong>, <strong class=\"aw-ak79eh KyCXm yle__article__strong\">Paula Heino<\/strong>&#8211;<strong class=\"aw-ak79eh KyCXm yle__article__strong\">Linnahalme<\/strong> ja <strong class=\"aw-ak79eh KyCXm yle__article__strong\">Jarmo Kolehmainen<\/strong>.<\/p>\n<p class=\"aw-1gybjub aw-1p7kakr kEtdKx cEmitX yle__article__paragraph\">Osakeyhti\u00f6n lis\u00e4ksi taustalla vaikuttaa yrityksen sanojen mukaan joukko tahoillaan menestyneit\u00e4 sijoittajia, asianajajia ja konsultteja. Taustalla toimivat asiantuntijat vastaavat muun muassa taloushallinnosta ja liiketoiminnan kehitt\u00e4misest\u00e4.<\/p>\n<p class=\"aw-1gybjub aw-1p7kakr kEtdKx cEmitX yle__article__paragraph\">Rakennuksen kauppahintaa Nuijamies Venue ei halua kertoa julkisuuteen.<\/p>\n<p class=\"aw-1gybjub aw-1p7kakr kEtdKx cEmitX yle__article__paragraph\">\u2013 Emme ole ottaneet lainaa pankilta. Taloudenhallinnassa auttavat alan ammattilaiset, jotka haluavat pysy\u00e4 nimett\u00f6min\u00e4 taustalla, kertoo Pesonen.<\/p>\n<p><img decoding=\"async\" alt=\"Kulttuuritila Nuijamiehen sis\u00e4\u00e4nk\u00e4ynti ja lounastila.\" src=\"https:\/\/www.europesays.com\/fi\/wp-content\/uploads\/2025\/12\/39-125338865e7089a65425.jpeg\" loading=\"lazy\" class=\"aw-1l9m598 hKVVvP\"\/><\/p>\n<p>Avaa kuvien katselu<\/p>\n<p>Kulttuuritila Nuijamiehen uudet omistajat eiv\u00e4t halua kertoa kokonaisuuden kauppahintaa. Kuvituskuva. Kuva: Antro Valo \/ YleUusi ei rakentunut vanhan pohjalle<\/p>\n<p class=\"aw-1gybjub aw-1p7kakr kEtdKx cEmitX yle__article__paragraph\">Tilassa aiemmin toiminut yhdistys hallituksineen ei siis liity Nuijamies Venue oy:n toimintaan. Osakkaiden mukaan uusi osakeyhti\u00f6 on perustettu ammattimaistamaan ja varmistamaan Nuijamiehen toiminta, kuitenkin s\u00e4ilytt\u00e4en tilalle ominaisen hengen ja matalan kynnyksen kulttuuritoiminnan.<\/p>\n<p class=\"aw-1gybjub aw-1p7kakr kEtdKx cEmitX yle__article__paragraph\">\u2013 Talossa on remonttitarpeita, kuten katon uusiminen. Ensin palautetaan l\u00e4mm\u00f6t ja s\u00e4hk\u00f6t, Kira Pesonen kertoo.<\/p>\n<p class=\"aw-1gybjub aw-1p7kakr kEtdKx cEmitX yle__article__paragraph\">K\u00e4yt\u00e4nn\u00f6ss\u00e4 Nuijamies tulee tarjoamaan aiemmasta tuttua ohjelmaa, kuten keikkoja, esityksi\u00e4, elokuvia, yksityistilaisuuksia ja muita kulttuuritapahtumia.<\/p>\n<p><img decoding=\"async\" alt=\"Kulttuuritila Nuijamiehen ovi on auki ja sis\u00e4ll\u00e4 levytapahtuma.\" src=\"https:\/\/www.europesays.com\/fi\/wp-content\/uploads\/2025\/11\/39-1549331690b5f47ee008.jpeg\" loading=\"lazy\" class=\"aw-1l9m598 hKVVvP\"\/><\/p>\n<p>Avaa kuvien katselu<\/p>\n<p>Uudet omistajat palauttavat Nuijamieheen ensin s\u00e4hk\u00f6t ja l\u00e4mm\u00f6t, ja alkavat sitten suunnitella muita remonttitarpeita.   Kuva: Ilona Pesu \/ YleOli menossa myyntiin verkossa<\/p>\n<p class=\"aw-1gybjub aw-1p7kakr kEtdKx cEmitX yle__article__paragraph\">Viel\u00e4 viikko sitten suurimmat velkojat olivat yhdess\u00e4 konkurssipes\u00e4n hoitajan kanssa laittamassa lappeenrantalaisille t\u00e4rke\u00e4\u00e4 Nuijamiest\u00e4 tavaroineen myyntiin lainvoima.com-nimiselle <a class=\"aw-iao6s4 iHOxEa yle__article__link\" href=\"https:\/\/yle.fi\/a\/74-20199801\" role=\"link\" rel=\"nofollow noopener\" target=\"_blank\">nettihuutokauppasivustolle<\/a>. Samalla oli tarkoitus jatkaa konkurssipes\u00e4n selvitysty\u00f6t\u00e4.<\/p>\n<p class=\"aw-1gybjub aw-1p7kakr kEtdKx cEmitX yle__article__paragraph\">Kulttuuritila Nuijamies <a class=\"aw-iao6s4 iHOxEa yle__article__link\" href=\"https:\/\/yle.fi\/a\/74-20194656\" role=\"link\" rel=\"nofollow noopener\" target=\"_blank\">hakeutui konkurssiin<\/a> taloudellisten vaikeuksien vuoksi 9. marraskuuta. Yhdistys ei l\u00f6yt\u00e4nyt sijoittajaa tai muuta rahoitusratkaisua toiminnan jatkamiseksi.<\/p>\n<p class=\"aw-1gybjub aw-1p7kakr kEtdKx cEmitX yle__article__paragraph\">Nyt uusi Nuijamies k\u00e4ynistyy uudelleen uusien osakkaiden voimin.<\/p>\n<p class=\"aw-1gybjub aw-1p7kakr kEtdKx cEmitX yle__article__paragraph\"><strong class=\"aw-ak79eh KyCXm yle__article__strong\">T\u00e4llaista Nuijamiehess\u00e4 oli vuonna 2020<\/strong><\/p>\n<p><img decoding=\"async\" alt=\"\" src=\"https:\/\/www.europesays.com\/fi\/wp-content\/uploads\/2025\/12\/13-1-50104887-1577783395713.jpeg\" class=\"aw-1l9m598 hKVVvP\"\/><\/p>\n","protected":false},"excerpt":{"rendered":"Nuijamies Venue oy -niminen yritys aloittaa Valtakadun tiloissa tapahtumatoiminnan ensi vuonna. Avaa kuvien katselu Kulttuuritila Nuijamiehen toiminta jatkuu&hellip;\n","protected":false},"author":2,"featured_media":94537,"comment_status":"","ping_status":"","sticky":false,"template":"","format":"standard","meta":{"footnotes":""},"categories":[5],"tags":[22,23,1302,26,27,33,31,30,17,108,17054,1446,24,25,28,29,15,18,21,32,19,20,16],"class_list":{"0":"post-120762","1":"post","2":"type-post","3":"status-publish","4":"format-standard","5":"has-post-thumbnail","7":"category-otsikot","8":"tag-breaking-news","9":"tag-breakingnews","10":"tag-etela-karjala","11":"tag-featured-news","12":"tag-featurednews","13":"tag-fi","14":"tag-finland","15":"tag-finnish","16":"tag-headlines","17":"tag-kulttuuri","18":"tag-kulttuuritila-nuijamies","19":"tag-lappeenranta","20":"tag-latest-news","21":"tag-latestnews","22":"tag-main-news","23":"tag-mainnews","24":"tag-news","25":"tag-otsikot","26":"tag-paauutiset","27":"tag-suomi","28":"tag-top-stories","29":"tag-topstories","30":"tag-uutiset"},"share_on_mastodon":{"url":"https:\/\/pubeurope.com\/@fi\/115747322147334247","error":""},"_links":{"self":[{"href":"https:\/\/www.europesays.com\/fi\/wp-json\/wp\/v2\/posts\/120762","targetHints":{"allow":["GET"]}}],"collection":[{"href":"https:\/\/www.europesays.com\/fi\/wp-json\/wp\/v2\/posts"}],"about":[{"href":"https:\/\/www.europesays.com\/fi\/wp-json\/wp\/v2\/types\/post"}],"author":[{"embeddable":true,"href":"https:\/\/www.europesays.com\/fi\/wp-json\/wp\/v2\/users\/2"}],"replies":[{"embeddable":true,"href":"https:\/\/www.europesays.com\/fi\/wp-json\/wp\/v2\/comments?post=120762"}],"version-history":[{"count":0,"href":"https:\/\/www.europesays.com\/fi\/wp-json\/wp\/v2\/posts\/120762\/revisions"}],"wp:featuredmedia":[{"embeddable":true,"href":"https:\/\/www.europesays.com\/fi\/wp-json\/wp\/v2\/media\/94537"}],"wp:attachment":[{"href":"https:\/\/www.europesays.com\/fi\/wp-json\/wp\/v2\/media?parent=120762"}],"wp:term":[{"taxonomy":"category","embeddable":true,"href":"https:\/\/www.europesays.com\/fi\/wp-json\/wp\/v2\/categories?post=120762"},{"taxonomy":"post_tag","embeddable":true,"href":"https:\/\/www.europesays.com\/fi\/wp-json\/wp\/v2\/tags?post=120762"}],"curies":[{"name":"wp","href":"https:\/\/api.w.org\/{rel}","templated":true}]}}