{"id":120781,"date":"2025-12-19T17:28:11","date_gmt":"2025-12-19T17:28:11","guid":{"rendered":"https:\/\/www.europesays.com\/fi\/120781\/"},"modified":"2025-12-19T17:28:11","modified_gmt":"2025-12-19T17:28:11","slug":"maanviljelijat-raivostuivat-tuhannet-vastustivat-historiallista-eu-sopimusta-brysselissa","status":"publish","type":"post","link":"https:\/\/www.europesays.com\/fi\/120781\/","title":{"rendered":"Maanviljelij\u00e4t raivostuivat \u2013 tuhannet vastustivat historiallista EU-sopimusta Brysseliss\u00e4"},"content":{"rendered":"<p>Perunat ja kananmunat lensiv\u00e4t maanviljelij\u00f6iden mielenosoituksessa Brysseliss\u00e4. <\/p>\n<p class=\"article-body mb-nof-24 px-nof-16\">Palavien renkaiden ja roskien sankka savu ja poliisin k\u00e4ytt\u00e4m\u00e4 kyynelkaasu verhosivat torstaina Brysselin EU-korttelin, kun tuhannet mielenosoittajat kokoontuivat Belgian p\u00e4\u00e4kaupunkiin vastustamaan Euroopan unionin ja Etel\u00e4-Amerikan Mercosur-blokin v\u00e4list\u00e4 kauppasopimusta.<\/p>\n<p class=\"article-body mb-nof-24 px-nof-16\">Rovioiden paikalla olleen Euroopan parlamentin joulukuusen mielenosoittajat olivat kaataneet mediatietojen mukaan jo aiemmin. Mielenosoittajia taltuttaneet poliisit saivat osansa n\u00e4iden heittelemist\u00e4 perunoista, kananmunista ja ilotulitteista.<\/p>\n<p class=\"article-body mb-nof-24 px-nof-16\">Ihmisten lis\u00e4ksi Brysselin keskustaa tukki yli 150 traktoria, kertoi maatalousalan etuj\u00e4rjest\u00f6 Copa-Cogeca.<\/p>\n<p><img decoding=\"async\" src=\"https:\/\/www.europesays.com\/fi\/wp-content\/uploads\/2025\/12\/1766165290_807_468.jpg\" alt=\"Maanviljelij\u00e4t j\u00e4ttiv\u00e4t j\u00e4lkeens\u00e4 muun muassa perunoita.\" class=\"_Img_1rerz_1\" style=\"aspect-ratio:1.5\" loading=\"eager\"\/><\/p>\n<p class=\"article-picture-caption\">Maanviljelij\u00e4t j\u00e4ttiv\u00e4t j\u00e4lkeens\u00e4 muun muassa perunoita. Kuva:\u00a0Peng Ziyang \/ Xinhua \/ Zuma<\/p>\n<p class=\"article-body mb-nof-24 px-nof-16\">Joidenkin EU-maiden maanviljelij\u00e4t uskovat Mercosur-sopimuksen tuovan markkinat t\u00e4yteen halvempia vaihtoehtoja ulkomailta ja aiheuttavan n\u00e4in vahinkoa heid\u00e4n toimeentulolleen.<\/p>\n<p class=\"article-body mb-nof-24 px-nof-16\">Ranskalaiset karjankasvattajat ovat lis\u00e4ksi v\u00e4itt\u00e4neet, ett\u00e4 heid\u00e4n etel\u00e4amerikkalaisiin kilpailijoihinsa ei sovellettaisi samoja ymp\u00e4rist\u00f6- ja elintarviketurvallisuustoimenpiteit\u00e4 kuin Euroopassa.<\/p>\n<p class=\"article-body mb-nof-24 px-nof-16\">Mercosur-sopimus avaisi Etel\u00e4-Amerikan Mercosur-blokkiin kuuluvien Brasilian, Argentiinan, Uruguayn ja Paraguayn t\u00e4h\u00e4n menness\u00e4 suojatut markkinat eurooppalaisille yrityksille.<\/p>\n<p class=\"article-body mb-nof-24 px-nof-16\">Ranska, Italia ja Puola ovat vastustaneet sopimusta, mink\u00e4 vuoksi sen l\u00e4pimeno on ollut ep\u00e4varmaa. EU-komission puheenjohtaja <a class=\"article-personlink\" href=\"https:\/\/www.is.fi\/haku\/?query=Ursula%20von%20der%20Leyen\" rel=\"nofollow noopener\" target=\"_blank\">Ursula von der Leyen<\/a> sanoi kuitenkin perjantaina luottavansa siihen, ett\u00e4 EU p\u00e4\u00e4see sopuun Mercosur-maiden kanssa tammikuussa.<\/p>\n<p class=\"article-body mb-nof-24 px-nof-16\">H\u00e4nen mukaansa sopimuksen takana on nyt riitt\u00e4v\u00e4 enemmist\u00f6 EU:ssa.\u202fSopimuksen allekirjoittamisen lykk\u00e4\u00e4ntyminen tammikuulle varmistui viimeist\u00e4\u00e4n perjantaina.<\/p>\n<p><img decoding=\"async\" src=\"https:\/\/www.europesays.com\/fi\/wp-content\/uploads\/2025\/12\/1766165290_644_468.jpg\" alt=\"Mielenosoituksiin osallistui yli 150 traktoria.\" class=\"_Img_1rerz_1\" style=\"aspect-ratio:1.5011727912431587\" loading=\"eager\"\/><\/p>\n<p class=\"article-picture-caption\">Mielenosoituksiin osallistui yli 150 traktoria. Kuva:\u00a0Bob Reijnders \/ Zuma<\/p>\n<p><img decoding=\"async\" src=\"https:\/\/www.europesays.com\/fi\/wp-content\/uploads\/2025\/12\/1766165290_152_468.jpg\" alt=\"Mellakkapoliisit saivat osansa maanviljelij\u00f6iden heittelemist\u00e4 perunoista, kananmunista ja ilotulitteista.\" class=\"_Img_1rerz_1\" style=\"aspect-ratio:1.5\" loading=\"eager\"\/><\/p>\n<p class=\"article-picture-caption\">Mellakkapoliisit saivat osansa maanviljelij\u00f6iden heittelemist\u00e4 perunoista, kananmunista ja ilotulitteista. Kuva:\u00a0Bob Reijnders \/ Zuma<\/p>\n<p class=\"article-body mb-nof-24 px-nof-16\">Rauhoittaakseen maanviljelij\u00f6iden huolia Euroopan parlamentti suostui tiistaina muun muassa naudanlihan, siipikarjan ja sokerin tuonnin valvontaan ja mahdolliseen tullien palauttamiseen, jos kielteisi\u00e4 vaikutuksia ilmenisi.<\/p>\n<p class=\"article-body mb-nof-24 px-nof-16\">Elinkeinoel\u00e4m\u00e4n keskusliiton johtaja <a class=\"article-personlink\" href=\"https:\/\/www.is.fi\/haku\/?query=Timo%20Vuoren\" rel=\"nofollow noopener\" target=\"_blank\">Timo Vuoren<\/a> mukaan sopimus velvoittaisi my\u00f6s Latinalaisen Amerikan maita ottamaan huomioon ymp\u00e4rist\u00f6kysymyksi\u00e4 ja n\u00e4in ollen kehitt\u00e4m\u00e4\u00e4n omaa s\u00e4\u00e4ntely\u00e4\u00e4n maatalouteen liittyen.<\/p>\n<p class=\"article-body mb-nof-24 px-nof-16\">\u2013\u2009T\u00e4ytyy my\u00f6s muistaa, ett\u00e4 Ranskan, Puolan ja Italian poliittinen tilanne on t\u00e4ll\u00e4 hetkell\u00e4 tietyll\u00e4 tavalla herkk\u00e4. Siell\u00e4 konservatiiviset, osittain populistisetkin toimijat, uhmaavat perinteist\u00e4 hallintokulttuuria, ja n\u00e4iss\u00e4 kaikissa maissa maatalousblokki on t\u00e4rke\u00e4ss\u00e4 roolissa.<\/p>\n<p class=\"article-body mb-nof-24 px-nof-16\">\u2013\u2009Kun t\u00e4h\u00e4n sitten yhdistet\u00e4\u00e4n oppositiovoimia ja osittain populistisistakin ajattelua, saadaan aina my\u00f6s hyvi\u00e4 sis\u00e4poliittisia syit\u00e4 l\u00e4hte\u00e4 vastustamaan erilaisia kauppapoliittisia ulkosuhdeasioita, Vuori lis\u00e4\u00e4.<\/p>\n<p class=\"article-body mb-nof-24 px-nof-16\">EU-lains\u00e4\u00e4t\u00e4j\u00e4t haluavat komission puuttuvan asiaan, jos Mercosur-tuotteen hinta on v\u00e4hint\u00e4\u00e4n viisi prosenttia alhaisempi kuin vastaavan tuotteen hinta EU:ssa ja jos tullittoman tuonnin m\u00e4\u00e4r\u00e4 kasvaa yli viisi prosenttia. Alkuper\u00e4isess\u00e4 ehdotuksessa molemmat kynnysarvot asetettiin 10 prosenttiin.<\/p>\n<p><img decoding=\"async\" src=\"https:\/\/www.europesays.com\/fi\/wp-content\/uploads\/2025\/12\/1766165291_320_468.jpg\" alt=\"\" class=\"_Img_1rerz_1\" style=\"aspect-ratio:1.5011727912431587\" loading=\"eager\"\/><\/p>\n<p class=\"article-picture-caption\">Kuva:\u00a0Bob Reinjders \/ Zuma<\/p>\n","protected":false},"excerpt":{"rendered":"Perunat ja kananmunat lensiv\u00e4t maanviljelij\u00f6iden mielenosoituksessa Brysseliss\u00e4. Palavien renkaiden ja roskien sankka savu ja poliisin k\u00e4ytt\u00e4m\u00e4 kyynelkaasu verhosivat&hellip;\n","protected":false},"author":2,"featured_media":120782,"comment_status":"","ping_status":"","sticky":false,"template":"","format":"standard","meta":{"footnotes":""},"categories":[14],"tags":[22,23,26,27,33,31,30,17,34,24,25,28,29,15,18,21,32,19,20,56,16,59,60,61],"class_list":{"0":"post-120781","1":"post","2":"type-post","3":"status-publish","4":"format-standard","5":"has-post-thumbnail","7":"category-ulkomaat","8":"tag-breaking-news","9":"tag-breakingnews","10":"tag-featured-news","11":"tag-featurednews","12":"tag-fi","13":"tag-finland","14":"tag-finnish","15":"tag-headlines","16":"tag-ilta-sanomat","17":"tag-latest-news","18":"tag-latestnews","19":"tag-main-news","20":"tag-mainnews","21":"tag-news","22":"tag-otsikot","23":"tag-paauutiset","24":"tag-suomi","25":"tag-top-stories","26":"tag-topstories","27":"tag-ulkomaat","28":"tag-uutiset","29":"tag-world","30":"tag-world-news","31":"tag-worldnews"},"share_on_mastodon":{"url":"https:\/\/pubeurope.com\/@fi\/115747416797639572","error":""},"_links":{"self":[{"href":"https:\/\/www.europesays.com\/fi\/wp-json\/wp\/v2\/posts\/120781","targetHints":{"allow":["GET"]}}],"collection":[{"href":"https:\/\/www.europesays.com\/fi\/wp-json\/wp\/v2\/posts"}],"about":[{"href":"https:\/\/www.europesays.com\/fi\/wp-json\/wp\/v2\/types\/post"}],"author":[{"embeddable":true,"href":"https:\/\/www.europesays.com\/fi\/wp-json\/wp\/v2\/users\/2"}],"replies":[{"embeddable":true,"href":"https:\/\/www.europesays.com\/fi\/wp-json\/wp\/v2\/comments?post=120781"}],"version-history":[{"count":0,"href":"https:\/\/www.europesays.com\/fi\/wp-json\/wp\/v2\/posts\/120781\/revisions"}],"wp:featuredmedia":[{"embeddable":true,"href":"https:\/\/www.europesays.com\/fi\/wp-json\/wp\/v2\/media\/120782"}],"wp:attachment":[{"href":"https:\/\/www.europesays.com\/fi\/wp-json\/wp\/v2\/media?parent=120781"}],"wp:term":[{"taxonomy":"category","embeddable":true,"href":"https:\/\/www.europesays.com\/fi\/wp-json\/wp\/v2\/categories?post=120781"},{"taxonomy":"post_tag","embeddable":true,"href":"https:\/\/www.europesays.com\/fi\/wp-json\/wp\/v2\/tags?post=120781"}],"curies":[{"name":"wp","href":"https:\/\/api.w.org\/{rel}","templated":true}]}}