{"id":120783,"date":"2025-12-19T17:29:11","date_gmt":"2025-12-19T17:29:11","guid":{"rendered":"https:\/\/www.europesays.com\/fi\/120783\/"},"modified":"2025-12-19T17:29:11","modified_gmt":"2025-12-19T17:29:11","slug":"nain-perussuomalaisten-puheet-silmienvaantelysta-muuttuivat-viikossa","status":"publish","type":"post","link":"https:\/\/www.europesays.com\/fi\/120783\/","title":{"rendered":"N\u00e4in perussuomalaisten puheet silmienv\u00e4\u00e4ntelyst\u00e4 muuttuivat viikossa"},"content":{"rendered":"<p>Kansanedustaja Kaisa Garedew ihmetteli viel\u00e4 edellisen\u00e4 p\u00e4iv\u00e4n\u00e4, mit\u00e4k\u00f6h\u00e4n h\u00e4nen pit\u00e4isi pyyt\u00e4\u00e4 anteeksi.<\/p>\n<p>Lue tiivistelm\u00e4<\/p>\n<p class=\"article-body mb-nof-24 px-nof-16 sndp-summary-bullet-point-font\">Perussuomalaisten kansanedustajat Juho Eerola ja Kaisa Garedew pyysiv\u00e4t torstaina anteeksi silmi\u00e4\u00e4n venytt\u00e4vi\u00e4 kuvia, jotka he julkaisivat sosiaalisessa mediassa.<\/p>\n<p class=\"article-body mb-nof-24 px-nof-16 sndp-summary-bullet-point-font\">Perussuomalaisten eduskuntaryhm\u00e4 antoi kansanedustajille vakavat huomautukset, ja eduskuntaryhm\u00e4n puheenjohtaja Jani M\u00e4kel\u00e4 pyysi anteeksi aiheutunutta vahinkoa.<\/p>\n<p class=\"article-body mb-nof-24 px-nof-16 sndp-summary-bullet-point-font\">Viel\u00e4 viime viikolla perussuomalaiset pitk\u00e4lti v\u00e4h\u00e4tteliv\u00e4t kuvia ja niiden aiheuttamaa vahinkoa.<\/p>\n<p class=\"article-body mb-nof-24 px-nof-16 sndp-summary-bullet-point-font\">Kohu alkoi, kun Miss Suomeksi valittu Sarah Dzafce joutui luopumaan kruunustaan rasistisena pidetyn kuvan vuoksi, mink\u00e4 j\u00e4lkeen kansanedustajat julkaisivat itsest\u00e4\u00e4n samankaltaisia kuvia.<\/p>\n<p class=\"article-body mb-nof-24 px-nof-16\">Suomen mainetta etenkin Aasiassa vahingoittanut silmienv\u00e4\u00e4ntelykohu on ollut k\u00e4\u00e4nteit\u00e4 t\u00e4ynn\u00e4.<\/p>\n<p class=\"article-body mb-nof-24 px-nof-16\">Perussuomalaisten riveist\u00e4 kohua v\u00e4h\u00e4teltiin pitk\u00e4\u00e4n, vaikka p\u00e4\u00e4ministeri <a class=\"article-personlink\" href=\"https:\/\/www.is.fi\/haku\/?query=Petteri%20Orpon\" rel=\"nofollow noopener\" target=\"_blank\">Petteri Orpon<\/a> (kok) hallituksella on selontekonsa mukaan rasismiin nollatoleranssi.<\/p>\n<p class=\"article-body mb-nof-24 px-nof-16\">Tapahtumaketju k\u00e4ynnistyi, kun Miss Suomeksi valittu <a class=\"article-personlink\" href=\"https:\/\/www.is.fi\/haku\/?query=Sarah%20Dzafce\" rel=\"nofollow noopener\" target=\"_blank\">Sarah Dzafce<\/a> joutui luopumaan kruunustaan torstaina 11. joulukuuta, koska h\u00e4nest\u00e4 levisi sosiaalisessa mediassa rasistisena pidetty kuva.<\/p>\n<p class=\"article-body mb-nof-24 px-nof-16\">Otoksessa Dzafce venytti silmi\u00e4\u00e4n ja kuvatekstiss\u00e4 luki \u201dkiinalaisen kaa sy\u00f6m\u00e4s\u201d. Dzafcen mukaan kuvan on ottanut h\u00e4nen yst\u00e4v\u00e4ns\u00e4, joka kirjoitti my\u00f6s edell\u00e4 mainitun tekstin.<\/p>\n<p><img decoding=\"async\" src=\"https:\/\/www.europesays.com\/fi\/wp-content\/uploads\/2025\/12\/1766165349_240_468.jpg\" alt=\"Kansanedustajat Juho Eerola (ps), Kaisa Garedew (ps) ja europarlamentaarikko Sebastian Tynkkynen (ps) silmienv\u00e4\u00e4ntelykuvat aiheuttivat kansainv\u00e4lisen kohun.\" class=\"_Img_1rerz_1\" style=\"aspect-ratio:1.7777777777777777\" loading=\"eager\"\/><\/p>\n<p class=\"article-picture-caption\">Kansanedustajat Juho Eerola (ps), Kaisa Garedew (ps) ja europarlamentaarikko Sebastian Tynkkynen (ps) silmienv\u00e4\u00e4ntelykuvat aiheuttivat kansainv\u00e4lisen kohun. Kuva:\u00a0X, Kuvakaappauksia Facebook<\/p>\n<p class=\"article-body mb-nof-24 px-nof-16\">Pian kohu muuttui poliittiseksi: perussuomalaisten kansaedustajat <a class=\"article-personlink\" href=\"https:\/\/www.is.fi\/haku\/?query=Juho%20Eerola\" rel=\"nofollow noopener\" target=\"_blank\">Juho Eerola<\/a> ja <a class=\"article-personlink\" href=\"https:\/\/www.is.fi\/haku\/?query=Kaisa%20Garedew\" rel=\"nofollow noopener\" target=\"_blank\">Kaisa Garedew<\/a> julkaisivat sosiaalisessa mediassa kuvat, joissa he venyttiv\u00e4t silmi\u00e4\u00e4n. My\u00f6s europarlamentaarikko <a class=\"article-personlink\" href=\"https:\/\/www.is.fi\/haku\/?query=Sebastian%20Tynkkynen\" rel=\"nofollow noopener\" target=\"_blank\">Sebastian Tynkkynen<\/a> (ps) julkaisi videon, jossa h\u00e4n puhuu aiheesta ja venytt\u00e4\u00e4 silm\u00e4kulmiaan.<\/p>\n<p class=\"article-body mb-nof-24 px-nof-16\">Eerola kertoi kuvansa olevan tuen ja sympatian osoitus tittelins\u00e4 menett\u00e4neelle Dzafcelle.<\/p>\n<p class=\"article-body mb-nof-24 px-nof-16\">\u2013 T\u00e4m\u00e4 on aivan \u00e4lyt\u00f6nt\u00e4. H\u00e4n on itse maahanmuuttaja\u00adtaustainen, ja tiet\u00e4\u00e4 varmasti, mit\u00e4 rasismi on. Ja nyt h\u00e4nt\u00e4 syytet\u00e4\u00e4n siit\u00e4, Eerola sanoi IS:lle.<\/p>\n<p class=\"article-body mb-nof-24 px-nof-16\">Eerola perusteli kuvaansa my\u00f6s \u201dp\u00e4\u00e4ns\u00e4ryll\u00e4\u201d. My\u00f6s Dzafce sanoi lievitt\u00e4neens\u00e4 kuvanottohetkell\u00e4 migreeni\u00e4\u00e4n, mink\u00e4 vuoksi h\u00e4n venytti silmi\u00e4\u00e4n sormet ohimoillaan.<\/p>\n<p class=\"article-body mb-nof-24 px-nof-16\">Garedew perusteli kuvansa julkaisua melko samoin sanoin.<\/p>\n<p class=\"article-body mb-nof-24 px-nof-16\">\u2013 Ty\u00f6huoneella viel\u00e4, pitk\u00e4 p\u00e4iv\u00e4 takana aamusta asti. Ajattelin kokeilla ohimohierontaa, ettei tule p\u00e4\u00e4ns\u00e4rky\u00e4, t\u00e4ss\u00e4 hullussa maailmassa, Garedew kirjoitti kuvansa yhteyteen.<\/p>\n<blockquote class=\"p-[var(--citation-padding)] m-[var(--citation-margin)] border-y-[length:var(--citation-border-width)] border-y-[color:var(--citation-border-color)]\">\n<p>S\u00e4\u00e4st\u00e4n medialta vaivan t\u00e4st\u00e4 edelleen kysymisest\u00e4 (h\u00f6lm\u00f6imm\u00e4t jo ottivat eilen yhteytt\u00e4) kertomalla, ett\u00e4 edustajan toiminnalla on t\u00e4ysi tuki.<\/p>\n<\/blockquote>\n<p><img decoding=\"async\" src=\"https:\/\/www.europesays.com\/fi\/wp-content\/uploads\/2025\/12\/1766165350_287_468.jpg\" alt=\"Perussuomalaisten ryhm\u00e4johtaja Jani M\u00e4kel\u00e4 kertoi viime viikolla hyv\u00e4ksyv\u00e4ns\u00e4 kansanedustaja Eerolan (ps) julkaiseman kuvan. Torstaina oli toinen \u00e4\u00e4ni kellossa: M\u00e4kel\u00e4 pyysi aiheutunutta vahinkoa anteeksi.\" class=\"_Img_1rerz_1\" style=\"aspect-ratio:1.7777777777777777\" loading=\"eager\"\/><\/p>\n<p class=\"article-picture-caption\">Perussuomalaisten ryhm\u00e4johtaja Jani M\u00e4kel\u00e4 kertoi viime viikolla hyv\u00e4ksyv\u00e4ns\u00e4 kansanedustaja Eerolan (ps) julkaiseman kuvan. Torstaina oli toinen \u00e4\u00e4ni kellossa: M\u00e4kel\u00e4 pyysi aiheutunutta vahinkoa anteeksi. Kuva:\u00a0Petteri Tuohinen \/ HS<\/p>\n<p class=\"article-body mb-nof-24 px-nof-16\">Seuraavana p\u00e4iv\u00e4n\u00e4, perjantaina 12. joulukuuta, perussuomalaisten eduskuntaryhm\u00e4n puheenjohtaja <a class=\"article-personlink\" href=\"https:\/\/www.is.fi\/haku\/?query=Jani%20M%C3%A4kel%C3%A4\" rel=\"nofollow noopener\" target=\"_blank\">Jani M\u00e4kel\u00e4<\/a> ilmoitti <a class=\"article-genericlink\" href=\"https:\/\/x.com\/JaniMakelaFi\/status\/1999348625395388587\" rel=\"nofollow\">viestipalvelu X:ss\u00e4,<\/a> ett\u00e4 h\u00e4n hyv\u00e4ksyy Eerolan julkaiseman kuvan.<\/p>\n<p class=\"article-body mb-nof-24 px-nof-16\">\u2013 S\u00e4\u00e4st\u00e4n medialta vaivan t\u00e4st\u00e4 edelleen kysymisest\u00e4 (h\u00f6lm\u00f6imm\u00e4t jo ottivat eilen yhteytt\u00e4) kertomalla, ett\u00e4 edustajan toiminnalla on t\u00e4ysi tuki, M\u00e4kel\u00e4 kirjoitti.<\/p>\n<p class=\"article-body mb-nof-24 px-nof-16\">Ensimm\u00e4inen k\u00e4\u00e4nne perussuomalaisten puheissa tapahtui samana p\u00e4iv\u00e4n\u00e4. Eerola pyysi tuolloin julkaisemaansa kuvaa anteeksi aasialaistaustaisilta.<\/p>\n<p class=\"article-body mb-nof-24 px-nof-16\">Valtiovarainministeri ja perussuomalaisten puheenjohtaja <a class=\"article-personlink\" href=\"https:\/\/www.is.fi\/haku\/?query=Riikka%20Purra\" rel=\"nofollow noopener\" target=\"_blank\">Riikka Purra<\/a> arveli, ett\u00e4 perussuomalaiset ovat halunneet puolustaa eroamaan joutunutta Miss Suomea.<\/p>\n<p class=\"article-body mb-nof-24 px-nof-16\">\u2013 Perussuomalaiset kokevat empatiaa ja toimivat inhimillisesti halutessaan puolustaa t\u00e4llaisia henkil\u00f6it\u00e4, jotka joutuvat kohtuuttoman, armottoman h\u00f6ykytyksen kohteeksi. Ehk\u00e4 itsekin asiasta jotakin tied\u00e4n, Purra sanoi.<\/p>\n<p class=\"article-body mb-nof-24 px-nof-16\">Kokoomus ja Rkp tuomitsivat perussuomalaisten julkaisemat kuvat. Oppositiosta alkoi sataa perussuomalaisille suorasanaista kritiikki\u00e4 kohusta, ja kuvista alettiin uutisoida laajasti muun muassa Etel\u00e4-Korean, Japanin ja Kiinan tiedotusv\u00e4lineiss\u00e4.<\/p>\n<p><img decoding=\"async\" src=\"https:\/\/www.europesays.com\/fi\/wp-content\/uploads\/2025\/12\/1766165350_48_468.jpg\" alt=\"Juho Eerola (ps) pyysi kuvaansa anteeksi useaan kertaan.\" class=\"_Img_1rerz_1\" style=\"aspect-ratio:1.7777777777777777\" loading=\"eager\"\/><\/p>\n<p class=\"article-picture-caption\">Juho Eerola (ps) pyysi kuvaansa anteeksi useaan kertaan. Kuva:\u00a0Pete Aarre-Ahtio \/ IS<\/p>\n<p class=\"article-body mb-nof-24 px-nof-16\">P\u00e4\u00e4ministeri <a class=\"article-personlink\" href=\"https:\/\/www.is.fi\/haku\/?query=Petteri%20Orpo\" rel=\"nofollow noopener\" target=\"_blank\">Petteri Orpo<\/a> (kok) kommentoi silmienvenytyskuvia sunnuntaina Ylen <a class=\"article-genericlink\" href=\"https:\/\/areena.yle.fi\/1-76848404\" rel=\"nofollow noopener\" target=\"_blank\">p\u00e4\u00e4ministerin haastattelutunnilla<\/a>.<\/p>\n<p class=\"article-body mb-nof-24 px-nof-16\">\u2013 Minusta tempaukset meniv\u00e4t lapsellisuuden puolelle, Orpo vastasi toimittajien esitt\u00e4m\u00e4\u00e4n kysymykseen aiheesta.<\/p>\n<p class=\"article-body mb-nof-24 px-nof-16\">Perussuomalaisten ensimm\u00e4inen varapuheenjohtaja <a class=\"article-personlink\" href=\"https:\/\/www.is.fi\/haku\/?query=Teemu%20Keskisarja\" rel=\"nofollow noopener\" target=\"_blank\">Teemu Keskisarja<\/a> puolestaan keskittyi puolueen sunnuntaisessa puoluevaltuuston kokouksen lehdist\u00f6tilaisuudessa puhumaan, miten \u201dme persut suvaitsemme kaukoit\u00e4l\u00e4isi\u00e4 vinosilmi\u00e4\u201d.<\/p>\n<p class=\"article-body mb-nof-24 px-nof-16\">\u2013 Meill\u00e4 on hyvi\u00e4 savolaisia ja karjalaisia kierosilmi\u00e4 ja h\u00e4m\u00e4l\u00e4isi\u00e4 tihrusilmi\u00e4. Emme katso karsaasti eksoottisempiakaan n\u00e4k\u00f6elimi\u00e4. Kyll\u00e4 me persut suvaitsemme kaukoit\u00e4l\u00e4isi\u00e4 vinosilmi\u00e4 ja jopa afrikkalaisia kiilusilmi\u00e4, Keskisarja lausui <a class=\"article-genericlink\" href=\"https:\/\/www.mtvuutiset.fi\/artikkeli\/suora-lahetys-kello-10-nyt-puhuu-riikka-purra\/9269934\" rel=\"nofollow noopener\" target=\"_blank\">MTV:n<\/a> kirjaamassa lausunnossa.<\/p>\n<p class=\"article-body mb-nof-24 px-nof-16\">IS:n haastattelussa Keskisarja sanoi, ett\u00e4 kukaan oikea ihminen ei ole loukkaantunut perussuomalaisten kansanedustajien silmienvenyttelyst\u00e4, eik\u00e4 asiasta ole Suomelle mit\u00e4\u00e4n haittaa, koska \u201dsuomalaisten h\u00f6p\u00f6uutiset\u201d eiv\u00e4t Japanissa ja Kiinassa kiinnosta.<\/p>\n<p><img decoding=\"async\" src=\"https:\/\/www.europesays.com\/fi\/wp-content\/uploads\/2025\/12\/1766165350_758_468.jpg\" alt=\"P\u00e4\u00e4ministeri Petteri Orpo (kok) pyysi Suomen suurl\u00e4hetyst\u00f6jen kautta anteeksi japaniksi, kiinaksi ja koreaksi kansanedustajien loukkaavia kuvia.\" class=\"_Img_1rerz_1\" style=\"aspect-ratio:0.6666666666666666\" loading=\"eager\"\/><\/p>\n<p class=\"article-picture-caption\">P\u00e4\u00e4ministeri Petteri Orpo (kok) pyysi Suomen suurl\u00e4hetyst\u00f6jen kautta anteeksi japaniksi, kiinaksi ja koreaksi kansanedustajien loukkaavia kuvia. Kuva:\u00a0Vesa-Matti V\u00e4\u00e4r\u00e4<\/p>\n<p class=\"article-body mb-nof-24 px-nof-16\">Sdp:n eduskuntaryhm\u00e4n puheenjohtaja <a class=\"article-personlink\" href=\"https:\/\/www.is.fi\/haku\/?query=Tytti%20Tuppurainen\" rel=\"nofollow noopener\" target=\"_blank\">Tytti Tuppurainen<\/a> per\u00e4si eduskunnan budjettikeskustelussa maanantaina Purralta vastausta siihen, pit\u00e4\u00e4k\u00f6 t\u00e4m\u00e4 p\u00e4\u00e4ministerin tavoin ilveily\u00e4 vahingollisena is\u00e4nmaalle.<\/p>\n<p class=\"article-body mb-nof-24 px-nof-16\">Orpo totesi samassa keskustelussa, ett\u00e4 naaman v\u00e4\u00e4ntely on loukkaavaa, ja se on ollut my\u00f6s is\u00e4nmaalle vahingollista. H\u00e4n sanoi eduskuntaryhmien k\u00e4sittelev\u00e4n asian.<\/p>\n<p class=\"article-body mb-nof-24 px-nof-16\">Purra j\u00e4tti puheenvuorossaan vastaamatta Tuppuraisen kysymykseen. H\u00e4n vastasi my\u00f6hemmin Tuppuraiselle, ett\u00e4 hallitus on eritt\u00e4in toimintakykyinen ja sanoi, ettei voi tiet\u00e4\u00e4, mit\u00e4 eduskuntaryhmien puheenjohtajat tekev\u00e4t.<\/p>\n<blockquote class=\"p-[var(--citation-padding)] m-[var(--citation-margin)] border-y-[length:var(--citation-border-width)] border-y-[color:var(--citation-border-color)]\">\n<p>Olisin varovainen heittelem\u00e4\u00e4n t\u00e4llaisia rasistileimoja.<\/p>\n<\/blockquote>\n<p class=\"article-body mb-nof-24 px-nof-16\">Hallituspuolueiden eduskuntaryhmien puheenjohtajat kokoontuivat puimaan asiaa tiistaina. Hallituspuolueiden yhteinen lausunto oli, ett\u00e4 eleet tuomitaan. Seuraamuksista p\u00e4\u00e4tt\u00e4minen j\u00e4i perussuomalaisten eduskuntaryhm\u00e4n k\u00e4siin.<\/p>\n<p class=\"article-body mb-nof-24 px-nof-16\">Jani M\u00e4kel\u00e4 antoi v\u00e4h\u00e4n ymm\u00e4rt\u00e4\u00e4, ettei lausunto olisi kuitenkaan t\u00e4ysin yksimielinen. H\u00e4n ei tarkentanut lausuntoaan.<\/p>\n<p class=\"article-body mb-nof-24 px-nof-16\">M\u00e4kel\u00e4n mukaan silmien venytyksell\u00e4 ei tarkoitettu loukata. Eerolalla on edelleen t\u00e4ysi tuki, M\u00e4kel\u00e4 sanoi tuolloin. H\u00e4nen mukaansa puolue ottaisi hallituskumppanien viestin vakavasti.<\/p>\n<p class=\"article-body mb-nof-24 px-nof-16\">M\u00e4kel\u00e4 arveli, ett\u00e4 kyseess\u00e4 voi olla Kiinan hybridioperaatio.<\/p>\n<p class=\"article-body mb-nof-24 px-nof-16\">Samana tiistai-iltana M\u00e4kel\u00e4 sanoi A-studiossa, ettei kuvia ole julkaistu \u201drasistisessa p\u00e4\u00e4m\u00e4\u00e4r\u00e4ss\u00e4\u201d ja antoi ymm\u00e4rt\u00e4\u00e4, etteiv\u00e4t ne sen takia voi olla rasistisia.<\/p>\n<p class=\"article-body mb-nof-24 px-nof-16\">\u2013 Olisin varovainen heittelem\u00e4\u00e4n t\u00e4llaisia rasistileimoja, M\u00e4kel\u00e4 sanoi.<\/p>\n<p><img decoding=\"async\" src=\"https:\/\/www.europesays.com\/fi\/wp-content\/uploads\/2025\/12\/1766165351_908_468.jpg\" alt=\"Perussuomalaisten Juho Eerola (vas.) Kaisa Garedew ja Jani M\u00e4kel\u00e4 pyysiv\u00e4t kuvia anteeksi torstaina median edess\u00e4.\" class=\"_Img_1rerz_1\" style=\"aspect-ratio:1.7777777777777777\" loading=\"eager\"\/><\/p>\n<p class=\"article-picture-caption\">Perussuomalaisten Juho Eerola (vas.) Kaisa Garedew ja Jani M\u00e4kel\u00e4 pyysiv\u00e4t kuvia anteeksi torstaina median edess\u00e4. Kuva:\u00a0Kalle Koponen<\/p>\n<p class=\"article-body mb-nof-24 px-nof-16\">Kohun kansainv\u00e4liset mittasuhteet vain laajenivat keskiviikkona, kun Orpo pyysi Suomen suurl\u00e4hetyst\u00f6jen kautta anteeksi japaniksi, kiinaksi ja koreaksi kansanedustajien loukkaavia sosiaalisen median julkaisuja.<\/p>\n<p class=\"article-body mb-nof-24 px-nof-16\"><a class=\"article-genericlink\" href=\"https:\/\/www.iltalehti.fi\/politiikka\/a\/01a36ed2-f3f7-41ce-96ba-ac669fe35de5\" rel=\"nofollow noopener\" target=\"_blank\">Iltalehti<\/a> kysyi keskiviikkona Garedewilt\u00e4 n\u00e4keek\u00f6 h\u00e4n, ett\u00e4 kuvien suhteen olisi jotakin pahoiteltavaa tai anteeksipyydett\u00e4v\u00e4\u00e4.<\/p>\n<p class=\"article-body mb-nof-24 px-nof-16\">\u2013 Mit\u00e4k\u00f6h\u00e4n minun pit\u00e4isi pyyt\u00e4\u00e4 anteeksi? Garedew ihmetteli tuolloin.<\/p>\n<p class=\"article-body mb-nof-24 px-nof-16\">H\u00e4n totesi, ett\u00e4 median pit\u00e4isi pyyt\u00e4\u00e4 h\u00e4nelt\u00e4 anteeksi sit\u00e4, ett\u00e4 se on tuominnut ja leimannut h\u00e4nen \u201dihan tavallisen postauksen\u201d rasistiseksi.<\/p>\n<p class=\"article-body mb-nof-24 px-nof-16\">Torstaina kohuun otti kantaa Purra. H\u00e4n sanoi IS:lle, ett\u00e4 tapa, jolla tietyt perus\u00adsuomalaiset kansanedustajat halusivat puolustaa kohun keskelle joutunutta missi\u00e4 oli \u201dtyper\u00e4 ja lapsellinen\u201d.<\/p>\n<p class=\"article-body mb-nof-24 px-nof-16\">Purra sanoi olevansa varma, ett\u00e4 \u201dkaikki ovat viimeist\u00e4\u00e4n t\u00e4ss\u00e4 vaiheessa ymm\u00e4rt\u00e4neet, ett\u00e4 t\u00e4llaisia virheit\u00e4 ei kannattaisi tehd\u00e4\u201d.<\/p>\n<p class=\"article-body mb-nof-24 px-nof-16\">Perussuomalaisten eduskuntaryhm\u00e4 kokous torstai-iltap\u00e4iv\u00e4n\u00e4 venyi liki kaksituntiseksi.<\/p>\n<p class=\"article-body mb-nof-24 px-nof-16\">Kokouksen p\u00e4\u00e4tteeksi M\u00e4kel\u00e4 marssi median eteen Eerola ja Garedew per\u00e4ss\u00e4\u00e4n.<\/p>\n<p class=\"article-body mb-nof-24 px-nof-16\">M\u00e4kel\u00e4 kertoi eduskunta\u00adryhm\u00e4n k\u00e4yneen kansanedustajien toiminnasta vakavan keskustelun. Eduskuntaryhm\u00e4 antoi Eerolalle ja Garedew\u2019lle vakavat huomautukset.<\/p>\n<p class=\"article-body mb-nof-24 px-nof-16\">\u2013 Kannan tapahtumista vastuun ja pyyd\u00e4n anteeksi aiheutunutta vahinkoa, M\u00e4kel\u00e4 sanoi.<\/p>\n<p class=\"article-body mb-nof-24 px-nof-16\">Eerola pyysi anteeksi kaikilta, joita vastaan h\u00e4n on rikkonut.<\/p>\n<p class=\"article-body mb-nof-24 px-nof-16\">\u2013 Ymm\u00e4rsin jo seuraavana p\u00e4iv\u00e4n\u00e4 kuvien julkaisun j\u00e4lkeen, ett\u00e4 se oli virhe, Eerola kertoi.<\/p>\n<p class=\"article-body mb-nof-24 px-nof-16\">My\u00f6s Garedew pyysi ensimm\u00e4ist\u00e4 kertaa anteeksi tekoaan.<\/p>\n<p class=\"article-body mb-nof-24 px-nof-16\">\u2013 P\u00e4ivitykseni tarkoitus ei ollut mill\u00e4\u00e4n tavalla olla rasistinen. Siksi pyyd\u00e4n nyt anteeksi niilt\u00e4, joita olen loukannut, Garedew sanoi.<\/p>\n<p><img decoding=\"async\" src=\"https:\/\/www.europesays.com\/fi\/wp-content\/uploads\/2025\/12\/1766165351_380_468.jpg\" alt=\"Perussuomalaisten varapuheenjohtaja Teemu Keskisarja piti j\u00e4rjett\u00f6m\u00e4n\u00e4 pyyt\u00e4\u00e4 anteeksi edustajien Juho Eerolan ja Kaisa Garedewin julkaisemia somekuvia.\" class=\"_Img_1rerz_1\" style=\"aspect-ratio:1.7777777777777777\" loading=\"eager\"\/><\/p>\n<p class=\"article-picture-caption\">Perussuomalaisten varapuheenjohtaja Teemu Keskisarja piti j\u00e4rjett\u00f6m\u00e4n\u00e4 pyyt\u00e4\u00e4 anteeksi edustajien Juho Eerolan ja Kaisa Garedewin julkaisemia somekuvia. Kuva:\u00a0Kalle Koponen<\/p>\n<p class=\"article-body mb-nof-24 px-nof-16\">Keskisarja py\u00f6r\u00e4hti ryhm\u00e4kokouksen aikana julistamassa omaa kantaansa medialle.<\/p>\n<p class=\"article-body mb-nof-24 px-nof-16\">H\u00e4n piti anteeksipyynt\u00f6\u00e4 aasialaisilta turhana ja luonnehti silmienv\u00e4\u00e4ntelykohua \u201daikalaishulluudeksi\u201d.<\/p>\n<p class=\"article-body mb-nof-24 px-nof-16\">\u2013 Onko se muka anteeksipyynn\u00f6n kokoinen asia? Oletteko toimittelija ja toimittelijattaret oikeasti sit\u00e4 mielt\u00e4, ett\u00e4 Suomen maakuva meni pilalle? T\u00e4m\u00e4 on joko suomettumisen Suomen enn\u00e4tys, tai mik\u00e4 todenn\u00e4k\u00f6isemp\u00e4\u00e4, aikalaishulluuden kauden k\u00e4rkitulos, Keskisarja avautui.<\/p>\n<p class=\"article-body mb-nof-24 px-nof-16\">Keskisarja vakuutti kuitenkin, ett\u00e4 h\u00e4n on t\u00e4ysin hallituksen takana ja irtisanoutuu rasismista.<\/p>\n<p><img decoding=\"async\" src=\"https:\/\/www.europesays.com\/fi\/wp-content\/uploads\/2025\/12\/1766165351_119_468.jpg\" alt=\"Perussuomalaisten puheenjohtaja ja valtiovarainministeri Riikka Purra kutsui torstaina kohukuvia typeriksi ja lapsellisiksi. H\u00e4n ei suostunut kutsumaan kuvien eleit\u00e4 rasistisiksi.\" class=\"_Img_1rerz_1\" style=\"aspect-ratio:0.6666666666666666\" loading=\"eager\"\/><\/p>\n<p class=\"article-picture-caption\">Perussuomalaisten puheenjohtaja ja valtiovarainministeri Riikka Purra kutsui torstaina kohukuvia typeriksi ja lapsellisiksi. H\u00e4n ei suostunut kutsumaan kuvien eleit\u00e4 rasistisiksi. Kuva:\u00a0Ivan Bessedin<\/p>\n<p class=\"article-body mb-nof-24 px-nof-16\">Oppositio ry\u00f6pytti torstain kyselytunnilla Purraa. Erityisesti Sdp:n edustajat tiukkasivat anteeksipyynt\u00f6\u00e4 ja vaativat Purraa kutsumaan Eerolan ja Garedew\u2019n eleit\u00e4 rasistisiksi.<\/p>\n<p class=\"article-body mb-nof-24 px-nof-16\">Purra ei tehnyt kumpaakaan. H\u00e4n syytti oppositiota siit\u00e4, ett\u00e4 anteeksipyynn\u00f6t eiv\u00e4t tunnu riitt\u00e4v\u00e4n. My\u00f6s hallituskumppani kokoomuksen eduskuntaryhm\u00e4n puheenjohtaja <a class=\"article-personlink\" href=\"https:\/\/www.is.fi\/haku\/?query=Jukka%20Kopra\" rel=\"nofollow noopener\" target=\"_blank\">Jukka Kopra<\/a> kommentoi asiaa.<\/p>\n<p class=\"article-body mb-nof-24 px-nof-16\">\u2013 Ihmiset anovat anteeksiantoa, te jatkatte potkimista, Kopra tylytti oppositiota.<\/p>\n<p class=\"article-body mb-nof-24 px-nof-16\">Kyselytunnin j\u00e4lkeen oppositiopuolueiden ryhm\u00e4johtajat kokoontuivat pohtimaan jatkotoimia ja p\u00e4\u00e4ttiv\u00e4t vaatia hallitukselta tiedonantoa silmienv\u00e4\u00e4ntelykohun ratkaisemiseksi.<\/p>\n<p class=\"article-body mb-nof-24 px-nof-16\">Orpo tyrm\u00e4si opposition vaatimukset Brysseliss\u00e4 EU:n huippukokouksesta k\u00e4sin. P\u00e4\u00e4ministerin mukaan tapaus on loppuun k\u00e4sitelty.<\/p>\n<p class=\"article-body mb-nof-24 px-nof-16\">Europarlamentaarikko Tynkkysen osalta mahdolliset seuraukset selvinnev\u00e4t tuonnempana. Tynkkysen meppikollega <a class=\"article-personlink\" href=\"https:\/\/www.is.fi\/haku\/?query=Maria%20Ohisalo\" rel=\"nofollow noopener\" target=\"_blank\">Maria Ohisalo<\/a> (vihr) <a class=\"article-genericlink\" href=\"https:\/\/www.is.fi\/politiikka\/art-2000011699183.html\" rel=\"nofollow noopener\" target=\"_blank\">ilmoitti<\/a> keskiviikkona tehneens\u00e4 europarlamentin puheenjohtajalle <a class=\"article-personlink\" href=\"https:\/\/www.is.fi\/haku\/?query=Roberta%20Metsolalle\" rel=\"nofollow noopener\" target=\"_blank\">Roberta Metsolalle<\/a> ja ulkoasiain\u00advaliokunnan puheenjohtajalle <a class=\"article-personlink\" href=\"https:\/\/www.is.fi\/haku\/?query=David%20McAllisterille\" rel=\"nofollow noopener\" target=\"_blank\">David McAllisterille<\/a> kantelun Tynkkysen toiminnasta.<\/p>\n","protected":false},"excerpt":{"rendered":"Kansanedustaja Kaisa Garedew ihmetteli viel\u00e4 edellisen\u00e4 p\u00e4iv\u00e4n\u00e4, mit\u00e4k\u00f6h\u00e4n h\u00e4nen pit\u00e4isi pyyt\u00e4\u00e4 anteeksi. Lue tiivistelm\u00e4 Perussuomalaisten kansanedustajat Juho Eerola&hellip;\n","protected":false},"author":2,"featured_media":120784,"comment_status":"","ping_status":"","sticky":false,"template":"","format":"standard","meta":{"footnotes":""},"categories":[12],"tags":[22,23,26,27,33,31,30,17,34,24,25,28,29,15,18,21,32,19,20,16],"class_list":{"0":"post-120783","1":"post","2":"type-post","3":"status-publish","4":"format-standard","5":"has-post-thumbnail","7":"category-suomi","8":"tag-breaking-news","9":"tag-breakingnews","10":"tag-featured-news","11":"tag-featurednews","12":"tag-fi","13":"tag-finland","14":"tag-finnish","15":"tag-headlines","16":"tag-ilta-sanomat","17":"tag-latest-news","18":"tag-latestnews","19":"tag-main-news","20":"tag-mainnews","21":"tag-news","22":"tag-otsikot","23":"tag-paauutiset","24":"tag-suomi","25":"tag-top-stories","26":"tag-topstories","27":"tag-uutiset"},"share_on_mastodon":{"url":"https:\/\/pubeurope.com\/@fi\/115747420150035738","error":""},"_links":{"self":[{"href":"https:\/\/www.europesays.com\/fi\/wp-json\/wp\/v2\/posts\/120783","targetHints":{"allow":["GET"]}}],"collection":[{"href":"https:\/\/www.europesays.com\/fi\/wp-json\/wp\/v2\/posts"}],"about":[{"href":"https:\/\/www.europesays.com\/fi\/wp-json\/wp\/v2\/types\/post"}],"author":[{"embeddable":true,"href":"https:\/\/www.europesays.com\/fi\/wp-json\/wp\/v2\/users\/2"}],"replies":[{"embeddable":true,"href":"https:\/\/www.europesays.com\/fi\/wp-json\/wp\/v2\/comments?post=120783"}],"version-history":[{"count":0,"href":"https:\/\/www.europesays.com\/fi\/wp-json\/wp\/v2\/posts\/120783\/revisions"}],"wp:featuredmedia":[{"embeddable":true,"href":"https:\/\/www.europesays.com\/fi\/wp-json\/wp\/v2\/media\/120784"}],"wp:attachment":[{"href":"https:\/\/www.europesays.com\/fi\/wp-json\/wp\/v2\/media?parent=120783"}],"wp:term":[{"taxonomy":"category","embeddable":true,"href":"https:\/\/www.europesays.com\/fi\/wp-json\/wp\/v2\/categories?post=120783"},{"taxonomy":"post_tag","embeddable":true,"href":"https:\/\/www.europesays.com\/fi\/wp-json\/wp\/v2\/tags?post=120783"}],"curies":[{"name":"wp","href":"https:\/\/api.w.org\/{rel}","templated":true}]}}