{"id":120789,"date":"2025-12-19T17:45:15","date_gmt":"2025-12-19T17:45:15","guid":{"rendered":"https:\/\/www.europesays.com\/fi\/120789\/"},"modified":"2025-12-19T17:45:15","modified_gmt":"2025-12-19T17:45:15","slug":"yllatys-maajussille-morsian-tahti-levytti-joululaulun-fuengirolassa-katso-video","status":"publish","type":"post","link":"https:\/\/www.europesays.com\/fi\/120789\/","title":{"rendered":"Yll\u00e4tys: Maajussille morsian -t\u00e4hti levytti joululaulun Fuengirolassa \u2013 katso video"},"content":{"rendered":"<p class=\"has-drop-cap\"><strong>Ville Witka<\/strong>, 59, on suomalaisille tv-katsojille tuttu t\u00e4m\u00e4n vuoden Maajussille morsian -ohjelmasta, miss\u00e4 salolaissyntyinen Ville etsi tuloksetta morsianta.<\/p>\n<p>Ville on ty\u00f6skennellyt pitk\u00e4\u00e4n my\u00f6s oliivi\u00f6ljyn tuottajana Espanjassa, miss\u00e4 h\u00e4n talvehtii Fuengirolan suomalaisseudulla. Vaikka rakkautta ei tv-ohjelmasta l\u00f6ytynytk\u00e4\u00e4n, nauravainen Ville nauttii el\u00e4m\u00e4st\u00e4 Aurinkorannikolla ja kes\u00e4isin Varsinais-Suomessa.<\/p>\n<p>H\u00e4n tuottaa Don Witka -nimell\u00e4 laadukasta oliivi\u00f6ljy\u00e4 Almodovar Del Campon kyl\u00e4n osuuskunnassa La Manchassa keskisess\u00e4 Espanjassa.<\/p>\n<p>1990-luvulla Witka esiintyi muun muassa lauluduossa Ville ja Pinja vuosina 1996\u20131998. He julkaisivat kaksi pitk\u00e4soittoalbumia, joiden tuottajana toimi\u00a0<strong>Edu Kettunen<\/strong>.\u00a0Hitieiksi nousivat ainakin kappaleet\u00a0Krokotiili\u00a0ja\u00a0Seitsem\u00e4n p\u00e4iv\u00e4\u00e4.<\/p>\n<p>Tanssiin.fi listasi vastik\u00e4\u00e4n <a href=\"https:\/\/www.tanssiin.fi\/nama-iskelmatahtien-joululaulut-hurmaavat-vuodesta-toiseen-15-suosikkia\/\" title=\"N\u00e4m\u00e4 iskelm\u00e4t\u00e4htien joululaulut hurmaavat vuodesta toiseen \u2013 15 suosikkia\" rel=\"nofollow noopener\" target=\"_blank\">iskelm\u00e4t\u00e4htien ikonisimmat joululaulutulkinnat<\/a> sek\u00e4 uutisoi kansan <a href=\"https:\/\/www.tanssiin.fi\/kansa-aanesti-tama-on-suomalaisten-kaikkien-aikojen-joululaulu\/\" title=\"Kansa \u00e4\u00e4nesti: t\u00e4m\u00e4 on suomalaisten kaikkien aikojen joululaulu\" rel=\"nofollow noopener\" target=\"_blank\">\u00e4\u00e4nest\u00e4m\u00e4t kaikkein aikojen joululaulut<\/a>, joissa Sylvian joululaulukin on luonnollisesti mukana.<\/p>\n<p><img loading=\"lazy\" data-lazyloaded=\"1\" title=\"Ville Witka\" decoding=\"async\" width=\"1024\" height=\"576\" data-attachment-id=\"68363\" data-permalink=\"https:\/\/www.tanssiin.fi\/yllatys-maajussille-morsian-tahti-levytti-joululaulun-fuengirolassa-katso-video\/ville-witka\/\" data-orig-file=\"https:\/\/www.tanssiin.fi\/wp-content\/uploads\/2025\/12\/Ville-Witka.avif\" data-orig-size=\"1024,576\" data-comments-opened=\"1\" data-image-meta=\"{&quot;aperture&quot;:&quot;0&quot;,&quot;credit&quot;:&quot;&quot;,&quot;camera&quot;:&quot;&quot;,&quot;caption&quot;:&quot;&quot;,&quot;created_timestamp&quot;:&quot;0&quot;,&quot;copyright&quot;:&quot;&quot;,&quot;focal_length&quot;:&quot;0&quot;,&quot;iso&quot;:&quot;0&quot;,&quot;shutter_speed&quot;:&quot;0&quot;,&quot;title&quot;:&quot;&quot;,&quot;orientation&quot;:&quot;0&quot;}\" data-image-title=\"Ville Witka\" data-image-description=\"\" data-image-caption=\"\" data-medium-file=\"https:\/\/www.tanssiin.fi\/wp-content\/uploads\/2025\/12\/Ville-Witka.avif\" data-large-file=\"https:\/\/www.tanssiin.fi\/wp-content\/uploads\/2025\/12\/Ville-Witka.avif\" data- src=\"https:\/\/www.tanssiin.fi\/wp-content\/uploads\/2025\/12\/Ville-Witka.avif\" alt=\"Yll\u00e4tys maajussille morsian  t\u00e4hti levytti joululaulun fuengirolassa  katso video | tanssiin Fi\" class=\"wp-image-68363\"\/>Ville Witka etsi el\u00e4m\u00e4ns\u00e4 rakkautta television suositussa Maajussille morsian -ohjelmassa 2025. Laulajanakin menestynyt mies asuu kes\u00e4t Salossa ja talvet Fuengirolassa. Espanjassa Ville toimii my\u00f6s oliivi\u00f6ljyn tuottajana.Levytys syntyi puolivahingossa<\/p>\n<p>Nyt Witka yll\u00e4tti ja levytti Espanjassa.<\/p>\n<p>Ville julkaisi torstaina, 18. joulukuuta herk\u00e4n version\u00a0klassisesta Sylvian joululaulusta\u00a0musiikkivideon kera, joka on kuvattu Fuengirolan rannoilla, kirkoissa ja jouluvaloissa.<\/p>\n<p>H\u00e4n kertoo Fuengirola.fi-<a href=\"https:\/\/fuengirola.fi\/maajussi-ville-witka-tulkitsee-sylvian-joululaulun-aurinkorannikon-maisemissa-katso-video\/\" title=\"\" rel=\"nofollow noopener\" target=\"_blank\">lehdess\u00e4<\/a>, ett\u00e4 ajatus musiikkivideosta syntyi yll\u00e4tt\u00e4en ja puolivahingossa. Witka oli esiintym\u00e4ss\u00e4 Aurinkorannikon suomalaiselle seurakunnalle ja Merimieskirkolle, kun ehdotus musiikillisesta  joulutervehdyksest\u00e4 nousi esiin.<\/p>\n<p>\u201dAlun perin ajatus oli pieni joulutervehdys, mutta siit\u00e4 kasvoi kokonainen musiikkivideo. Video on poikkeuksellinen joululauluun: meri kuohuu, aurinko paistaa ja maisemaa hallitsevat Fuengirolan rannat ja vuoret. Tunnelma on kaukana suomalaisesta pakkasesta, mutta kaipuu kotimaahan on silti vahvasti l\u00e4sn\u00e4\u201d, Maajussille morsian -t\u00e4hti kuvailee.<\/p>\n<blockquote>\n<p>\u201dT\u00e4m\u00e4 on ulkosuomalaisten joululaulu\u201d<\/p>\n<p>ville witka kuvailee<\/p><\/blockquote>\n<p>\u201dT\u00e4m\u00e4 on oikeasti ulkosuomalaisten joululaulu.\u00a0<strong>Topelius<\/strong>\u00a0kirjoitti sanat Etna-vuoren juurella, kaukana Suomesta.\u201d<\/p>\n<p>Sylvian joululaulu\u00a0on alun perin\u00a0<strong>Zacharias Topeliuksen<\/strong>\u00a0vuonna 1853 julkaistu\u00a0runo, jonka\u00a0<strong>Karl Collan<\/strong> s\u00e4velsi\u00a0joululauluksi vuonna 1855. Suomennoksena yleisin ja rakastetuin on <strong>Martti Korpilammen<\/strong> teksti vuodelta 1918 eli juuri se, miss\u00e4 \u201djoulu joutui jo taas Pohjolaan, joulu joutui jo rintoihinkin\u201d.<\/p>\n<p>Laulussa mainittu sylvia on muuten \u00a0mustap\u00e4\u00e4kerttu\u00a0(Sylvia atricapilla) eli\u00a0muuttolintu, joka talvehtii\u00a0Italian Sisiliassa.<\/p>\n<p><strong>Lue my\u00f6s: <\/strong><a href=\"https:\/\/www.tanssiin.fi\/maajussi-kalle-toteutti-laulu-unelmansa-tanssilavalla-elamani-huippuhetkia-katso-video\/\" title=\"Maajussi-Kalle toteutti laulu-unelmansa tanssilavalla: \u201dEl\u00e4m\u00e4ni huippuhetki\u00e4\u201d \u2013 katso video\" rel=\"nofollow noopener\" target=\"_blank\">Maajussi-Kalle toteutti laulu-unelmansa tanssilavalla: \u201dEl\u00e4m\u00e4ni huippuhetki\u00e4\u201d \u2013 katso video<\/a><\/p>\n<p>Ville Witkan ja kanttori\u00a0<strong>Hannes Asikaisen<\/strong>\u00a0tulkinta on herkk\u00e4.<a href=\"https:\/\/fuengirola.fi\/wp-admin\/post.php?post=61685&amp;action=edit\" rel=\"nofollow noopener\" target=\"_blank\"><\/p>\n<p>\u201dHalusimme tehd\u00e4 siit\u00e4 mahdollisimman pienen ja l\u00e4heisen. Kitara, laulu ja v\u00e4h\u00e4n hienovaraista taustaa. Ei enemp\u00e4\u00e4.\u201d<\/p>\n<p><strong>Katso<\/strong> Wille Vitka ja Hannes Asikainen Sylvian joululaulu 2025:<\/p>\n<p>Kirjoittanut:<br \/>\n<img loading=\"lazy\" data-lazyloaded=\"1\" width=\"512\" height=\"512\" decoding=\"async\" class=\"aioseo-author-image\" src=\"https:\/\/www.europesays.com\/fi\/wp-content\/uploads\/2025\/10\/cropped-tanssiin-logo.jpg\" alt=\"author avatar\"\/><\/p>\n<p>Tanssiin.fi<\/p>\n<p>\nTanssi- ja iskelm\u00e4musiikin uutiset asiantuntevasti.<\/p>\n<p><img loading=\"lazy\" decoding=\"async\" data-lazyloaded=\"1\" width=\"512\" height=\"512\" class=\"aioseo-author-bio-compact-image\" src=\"https:\/\/www.europesays.com\/fi\/wp-content\/uploads\/2025\/10\/cropped-tanssiin-logo.jpg\" alt=\"author avatar\"\/><br \/>\nTanssi- ja iskelm\u00e4musiikin uutiset asiantuntevasti.<\/p>\n<p>78%<br \/>\nIhana<\/p>\n<p>0%<br \/>\nHauska<\/p>\n<p>0%<br \/>\nVau<\/p>\n<p>0%<br \/>\nSurullinen<\/p>\n<p>22%<br \/>\nVihainen\n<\/p>\n<p>Post navigation<\/p>\n","protected":false},"excerpt":{"rendered":"Ville Witka, 59, on suomalaisille tv-katsojille tuttu t\u00e4m\u00e4n vuoden Maajussille morsian -ohjelmasta, miss\u00e4 salolaissyntyinen Ville etsi tuloksetta morsianta.&hellip;\n","protected":false},"author":2,"featured_media":120790,"comment_status":"","ping_status":"","sticky":false,"template":"","format":"standard","meta":{"footnotes":""},"categories":[133],"tags":[137,21761,33,31,30,4676,15549,14805,1895,1243,32,21762,206,156,16,193,109,6262],"class_list":{"0":"post-120789","1":"post","2":"type-post","3":"status-publish","4":"format-standard","5":"has-post-thumbnail","7":"category-televisiot","8":"tag-entertainment","9":"tag-espanjan-aurinkorannikko","10":"tag-fi","11":"tag-finland","12":"tag-finnish","13":"tag-fuengirola","14":"tag-joululaulu","15":"tag-kappale","16":"tag-maajussille-morsian","17":"tag-musiikkivideo","18":"tag-suomi","19":"tag-sylvian-joululalu","20":"tag-televisiot","21":"tag-tv","22":"tag-uutiset","23":"tag-video","24":"tag-viihde","25":"tag-ville-witka"},"share_on_mastodon":{"url":"https:\/\/pubeurope.com\/@fi\/115747483266487046","error":""},"_links":{"self":[{"href":"https:\/\/www.europesays.com\/fi\/wp-json\/wp\/v2\/posts\/120789","targetHints":{"allow":["GET"]}}],"collection":[{"href":"https:\/\/www.europesays.com\/fi\/wp-json\/wp\/v2\/posts"}],"about":[{"href":"https:\/\/www.europesays.com\/fi\/wp-json\/wp\/v2\/types\/post"}],"author":[{"embeddable":true,"href":"https:\/\/www.europesays.com\/fi\/wp-json\/wp\/v2\/users\/2"}],"replies":[{"embeddable":true,"href":"https:\/\/www.europesays.com\/fi\/wp-json\/wp\/v2\/comments?post=120789"}],"version-history":[{"count":0,"href":"https:\/\/www.europesays.com\/fi\/wp-json\/wp\/v2\/posts\/120789\/revisions"}],"wp:featuredmedia":[{"embeddable":true,"href":"https:\/\/www.europesays.com\/fi\/wp-json\/wp\/v2\/media\/120790"}],"wp:attachment":[{"href":"https:\/\/www.europesays.com\/fi\/wp-json\/wp\/v2\/media?parent=120789"}],"wp:term":[{"taxonomy":"category","embeddable":true,"href":"https:\/\/www.europesays.com\/fi\/wp-json\/wp\/v2\/categories?post=120789"},{"taxonomy":"post_tag","embeddable":true,"href":"https:\/\/www.europesays.com\/fi\/wp-json\/wp\/v2\/tags?post=120789"}],"curies":[{"name":"wp","href":"https:\/\/api.w.org\/{rel}","templated":true}]}}