{"id":120791,"date":"2025-12-19T17:46:10","date_gmt":"2025-12-19T17:46:10","guid":{"rendered":"https:\/\/www.europesays.com\/fi\/120791\/"},"modified":"2025-12-19T17:46:10","modified_gmt":"2025-12-19T17:46:10","slug":"teemu-mantysaari-liekeissa-megadethin-uudella-singlella-kuuntele-arhakka-let-there-be-shred","status":"publish","type":"post","link":"https:\/\/www.europesays.com\/fi\/120791\/","title":{"rendered":"Teemu M\u00e4ntysaari liekeiss\u00e4 Megadethin uudella singlell\u00e4 &#8211; kuuntele \u00e4rh\u00e4kk\u00e4 Let There Be Shred"},"content":{"rendered":"<p>Thrash metal -j\u00e4tti <strong>Megadeth <\/strong>on julkaissut uuden singlen 23. tammikuuta ilmestyv\u00e4lt\u00e4 Megadeth-pitk\u00e4soitolta, joka j\u00e4\u00e4 b\u00e4ndin viimeiseksi. Uusi maistiainen kantaa nime\u00e4 Let There Be Shred ja kyseess\u00e4 onkin nimens\u00e4 mukainen kitarariffien ja tulisten soolojen ilotulitus, jolla laulaja-kitaristi <strong>Dave Mustaine<\/strong> ja kakkoskitaristi <strong>Teemu M\u00e4ntysaari<\/strong> pist\u00e4v\u00e4t parastaan. Kuuntele biisi alta.<\/p>\n<p>Levyjulkaisua edelt\u00e4v\u00e4n\u00e4 p\u00e4iv\u00e4n\u00e4 elokuvateattereissa (Suomessa t\u00e4t\u00e4 kirjoittaessa ainakin Helsingin <a href=\"https:\/\/www.finnkino.fi\/elokuvat\/megadeth-behind-the-mask\/HO00000275\/\" target=\"_blank\" rel=\"noreferrer noopener nofollow\">Tennispalatsissa<\/a> ja <a href=\"https:\/\/www.gilda.fi\/elokuva\/megadeth-behind-the-mask\/\" target=\"_blank\" rel=\"noreferrer noopener nofollow\">Gildassa<\/a>) esitet\u00e4\u00e4n uunituore Megadeth: Behind the Mask -dokumentti, jossa k\u00e4yd\u00e4\u00e4n l\u00e4pi Megadeth-levyn syntyvaiheita sek\u00e4 j\u00e4\u00e4hyv\u00e4isi\u00e4\u00e4n j\u00e4tt\u00e4v\u00e4n b\u00e4ndin ja Mustainen koko uraa. Katso traileri <a href=\"https:\/\/www.inferno.fi\/uutiset\/megadeth-julkaisi-uraansa-ja-viimeista-levyaan-kasittelevan-dokumentin-trailerin\/\" target=\"_blank\" rel=\"noreferrer noopener nofollow\">t\u00e4\u00e4lt\u00e4<\/a>.<\/p>\n<p><img loading=\"lazy\" decoding=\"async\" alt=\"YouTube video\" width=\"480\" height=\"360\" data-pin-nopin=\"true\" nopin=\"nopin\" class=\"perfmatters-lazy\" src=\"https:\/\/www.europesays.com\/fi\/wp-content\/uploads\/2025\/12\/1766166370_419_hqdefault.jpg\"\/><\/p>\n<p>Lue my\u00f6s: <a href=\"https:\/\/www.inferno.fi\/uutiset\/megadeth-julkaisi-uraansa-ja-viimeista-levyaan-kasittelevan-dokumentin-trailerin\/\" title=\"Megadeth julkaisi uraansa ja viimeist\u00e4 levy\u00e4\u00e4n k\u00e4sittelev\u00e4n dokumentin trailerin\" class=\"underline-custom !font-montserrat !font-bold !underline-offset-4 !decoration-4 !decoration-red-600 !text-md\" rel=\"nofollow noopener\" target=\"_blank\">Megadeth julkaisi uraansa ja viimeist\u00e4 levy\u00e4\u00e4n k\u00e4sittelev\u00e4n dokumentin trailerin<\/a><\/p>\n<p>Lue my\u00f6s: <a href=\"https:\/\/www.inferno.fi\/uutiset\/elakkeelle-jaava-megadethin-dave-mustaine-olen-aina-sanonut-etta-jos-en-pysty-antamaan-100-prosenttia\/\" title=\"El\u00e4kkeelle j\u00e4\u00e4v\u00e4 Megadethin Dave Mustaine: \u201dOlen aina sanonut, ett\u00e4 jos en pysty antamaan 100 prosenttia\u2026\u201d\" class=\"underline-custom !font-montserrat !font-bold !underline-offset-4 !decoration-4 !decoration-red-600 !text-md\" rel=\"nofollow noopener\" target=\"_blank\">El\u00e4kkeelle j\u00e4\u00e4v\u00e4 Megadethin Dave Mustaine: \u201dOlen aina sanonut, ett\u00e4 jos en pysty antamaan 100 prosenttia\u2026\u201d<\/a><\/p>\n<p>Lue my\u00f6s: <a href=\"https:\/\/www.inferno.fi\/uutiskirje\/\" title=\"Tilaa Infernon uutiskirje\" class=\"underline-custom !font-montserrat !font-bold !underline-offset-4 !decoration-4 !decoration-red-600 !text-md\" rel=\"nofollow noopener\" target=\"_blank\">Tilaa Infernon uutiskirje ja tied\u00e4t mist\u00e4 kahvitauolla puhutaan! Nappaa raskaan musiikin uutiset ja puheenaiheet suoraan s\u00e4hk\u00f6postiin t\u00e4st\u00e4.<\/a><\/p>\n","protected":false},"excerpt":{"rendered":"Thrash metal -j\u00e4tti Megadeth on julkaissut uuden singlen 23. tammikuuta ilmestyv\u00e4lt\u00e4 Megadeth-pitk\u00e4soitolta, joka j\u00e4\u00e4 b\u00e4ndin viimeiseksi. Uusi maistiainen&hellip;\n","protected":false},"author":2,"featured_media":89015,"comment_status":"","ping_status":"","sticky":false,"template":"","format":"standard","meta":{"footnotes":""},"categories":[132],"tags":[137,33,31,30,195,47,1244,32,1245,109],"class_list":{"0":"post-120791","1":"post","2":"type-post","3":"status-publish","4":"format-standard","5":"has-post-thumbnail","7":"category-musiikki","8":"tag-entertainment","9":"tag-fi","10":"tag-finland","11":"tag-finnish","12":"tag-music","13":"tag-musiikki","14":"tag-single","15":"tag-suomi","16":"tag-tuleva-levy","17":"tag-viihde"},"share_on_mastodon":{"url":"https:\/\/pubeurope.com\/@fi\/115747486934947910","error":""},"_links":{"self":[{"href":"https:\/\/www.europesays.com\/fi\/wp-json\/wp\/v2\/posts\/120791","targetHints":{"allow":["GET"]}}],"collection":[{"href":"https:\/\/www.europesays.com\/fi\/wp-json\/wp\/v2\/posts"}],"about":[{"href":"https:\/\/www.europesays.com\/fi\/wp-json\/wp\/v2\/types\/post"}],"author":[{"embeddable":true,"href":"https:\/\/www.europesays.com\/fi\/wp-json\/wp\/v2\/users\/2"}],"replies":[{"embeddable":true,"href":"https:\/\/www.europesays.com\/fi\/wp-json\/wp\/v2\/comments?post=120791"}],"version-history":[{"count":0,"href":"https:\/\/www.europesays.com\/fi\/wp-json\/wp\/v2\/posts\/120791\/revisions"}],"wp:featuredmedia":[{"embeddable":true,"href":"https:\/\/www.europesays.com\/fi\/wp-json\/wp\/v2\/media\/89015"}],"wp:attachment":[{"href":"https:\/\/www.europesays.com\/fi\/wp-json\/wp\/v2\/media?parent=120791"}],"wp:term":[{"taxonomy":"category","embeddable":true,"href":"https:\/\/www.europesays.com\/fi\/wp-json\/wp\/v2\/categories?post=120791"},{"taxonomy":"post_tag","embeddable":true,"href":"https:\/\/www.europesays.com\/fi\/wp-json\/wp\/v2\/tags?post=120791"}],"curies":[{"name":"wp","href":"https:\/\/api.w.org\/{rel}","templated":true}]}}