{"id":120794,"date":"2025-12-19T17:50:12","date_gmt":"2025-12-19T17:50:12","guid":{"rendered":"https:\/\/www.europesays.com\/fi\/120794\/"},"modified":"2025-12-19T17:50:12","modified_gmt":"2025-12-19T17:50:12","slug":"televisioarvio-elamasta-ydinlaskeuman-jalkeen-kertova-fallout-sarjaa-on-iso-ja-tylsa-hs-fi","status":"publish","type":"post","link":"https:\/\/www.europesays.com\/fi\/120794\/","title":{"rendered":"Televisioarvio | El\u00e4m\u00e4st\u00e4 ydinlaskeuman j\u00e4lkeen kertova Fallout-sarjaa on iso ja tyls\u00e4 &#8211; HS.fi"},"content":{"rendered":"<ol>\n<li><a href=\"https:\/\/news.google.com\/rss\/articles\/CBMiX0FVX3lxTE1hbkdNMko4d0t4aXRNTzlEYTE0a0RGanJYdXhweU81aHRGVTR5N1dWTkFpNmNhVnQydXFTdTZmVzBaVzFoSFJ0R3BqUE8ySWZqOVlTeG5SQVhBWVY5cGVN?oc=5\" target=\"_blank\" rel=\"nofollow noopener\">Televisioarvio | El\u00e4m\u00e4st\u00e4 ydinlaskeuman j\u00e4lkeen kertova Fallout-sarjaa on iso ja tyls\u00e4<\/a>&nbsp;&nbsp;HS.fi<\/li>\n<li><a href=\"https:\/\/news.google.com\/rss\/articles\/CBMi1AFBVV95cUxPQTkwWTFLZWs5UHloTkdXM3BQeE9sT041bHozSnFLbmJDZTRFRGpVYWthQThmV3BGNmZNdy1TdGpuY3ZNNVFuY0w4UlJQd2JkemhxbUFGY2RHaXpHeS1Ud2Z2YnZFNEMtYThMZUZqWVNEUVJJYkppRFNwZG5fRTA2NXBTcEJpR2dNcTZEXzljbzRtaGdJZXhZN21MRGVRaFVNTjhmYnA3aU5iRmpTMEZIUy1sWVphaDMzNFYzNHNDaHp3OFMxTWJ2aXBxMUNaM1kta21MdQ?oc=5\" target=\"_blank\" rel=\"nofollow noopener\">Arvostelu | Fallout natisee toisella kaudella liitoksista, mutta sarja pysyy yh\u00e4 kasassa<\/a>&nbsp;&nbsp;Muropaketti.com<\/li>\n<li><a href=\"https:\/\/news.google.com\/rss\/articles\/CBMiyAFBVV95cUxPN0sxMXVvZVc0M0ltU0JrMXZtWWNMdWsxZE5sRTh2MjYyNUNHTzJzWDRMYkFuXzdFOFd3bHdWWEJvVVR6S0luUDNTcmt5RkpRSWFuVnhaRzdRckFSVFp0MmFPblFIX08xYm9IWGRMMmk4bmo1Y2tELUVhQlFqalpRQ0pNUDBlN3BkSnlsRDNOaUJrMko0TzRUaTZoc29MUko4RkdndHF6MWNoZ1AwdFdKNWhKcGcxMUNRakZidGVZZ1NCblFWZTZlcg?oc=5\" target=\"_blank\" rel=\"nofollow noopener\">Tervetuloa New Vegasiin! Palkittu dystopinen videopeliadaptaatio k\u00e4ynnisti toisen tuotantokautensa<\/a>&nbsp;&nbsp;Pelaaja.fi<\/li>\n<li><a href=\"https:\/\/news.google.com\/rss\/articles\/CBMijgFBVV95cUxOX3dLWkhrOGR1ZzhiZVVXZUlRbFBmTEQwQkRNeVFsc0pRbWZsLURNaFJwc0NpVVRhNElsMC05Y3g5LWtqQXFGdzk2ZHUyelNhYW41alVWeHZ4RlhhQ3phNUV6ZnFycHBTZk9BNkFMeElTMTRqZ1AyNUJHMGhCUEZTWjNXbWlGcFVlRE11X3dR?oc=5\" target=\"_blank\" rel=\"nofollow noopener\">Hittisarja Falloutista uusi kausi \u2013 t\u00e4t\u00e4 on luvassa<\/a>&nbsp;&nbsp;Seiska.fi<\/li>\n<li><a href=\"https:\/\/news.google.com\/rss\/articles\/CBMioAFBVV95cUxOeXF6cWQ3Q0lwWFNuWDJaQXpqTmpSb0lrSV93MUhOWWVuRkxiSEl0S3pqUDU1SXZJa3YweVQ4ZnBTNE1SRXltdG50MDJmenlkQXkzOEJiSF9yRVVZaU5ScjF4OS01VEFOczg4Mzg3MkpkRjhwQUwzTV9KZG9xZ3poc1VOY2VZUGVma0RldUhjcmhLVGpyTmlnRG1Wa2YtaDVy?oc=5\" target=\"_blank\" rel=\"nofollow noopener\">K\u00f6p\u00f6inen &#8221;talk show&#8221; mainostaa Fallout-tv-sarjan uutta kautta<\/a>&nbsp;&nbsp;V2.fi<\/li>\n<\/ol>\n","protected":false},"excerpt":{"rendered":"Televisioarvio | El\u00e4m\u00e4st\u00e4 ydinlaskeuman j\u00e4lkeen kertova Fallout-sarjaa on iso ja tyls\u00e4&nbsp;&nbsp;HS.fi Arvostelu | Fallout natisee toisella kaudella liitoksista,&hellip;\n","protected":false},"author":2,"featured_media":120795,"comment_status":"","ping_status":"","sticky":false,"template":"","format":"standard","meta":{"footnotes":""},"categories":[130],"tags":[137,33,31,30,46,32,109],"class_list":{"0":"post-120794","1":"post","2":"type-post","3":"status-publish","4":"format-standard","5":"has-post-thumbnail","7":"category-viihde","8":"tag-entertainment","9":"tag-fi","10":"tag-finland","11":"tag-finnish","12":"tag-helsingin-sanomat","13":"tag-suomi","14":"tag-viihde"},"share_on_mastodon":{"url":"https:\/\/pubeurope.com\/@fi\/115747502527879244","error":""},"_links":{"self":[{"href":"https:\/\/www.europesays.com\/fi\/wp-json\/wp\/v2\/posts\/120794","targetHints":{"allow":["GET"]}}],"collection":[{"href":"https:\/\/www.europesays.com\/fi\/wp-json\/wp\/v2\/posts"}],"about":[{"href":"https:\/\/www.europesays.com\/fi\/wp-json\/wp\/v2\/types\/post"}],"author":[{"embeddable":true,"href":"https:\/\/www.europesays.com\/fi\/wp-json\/wp\/v2\/users\/2"}],"replies":[{"embeddable":true,"href":"https:\/\/www.europesays.com\/fi\/wp-json\/wp\/v2\/comments?post=120794"}],"version-history":[{"count":0,"href":"https:\/\/www.europesays.com\/fi\/wp-json\/wp\/v2\/posts\/120794\/revisions"}],"wp:featuredmedia":[{"embeddable":true,"href":"https:\/\/www.europesays.com\/fi\/wp-json\/wp\/v2\/media\/120795"}],"wp:attachment":[{"href":"https:\/\/www.europesays.com\/fi\/wp-json\/wp\/v2\/media?parent=120794"}],"wp:term":[{"taxonomy":"category","embeddable":true,"href":"https:\/\/www.europesays.com\/fi\/wp-json\/wp\/v2\/categories?post=120794"},{"taxonomy":"post_tag","embeddable":true,"href":"https:\/\/www.europesays.com\/fi\/wp-json\/wp\/v2\/tags?post=120794"}],"curies":[{"name":"wp","href":"https:\/\/api.w.org\/{rel}","templated":true}]}}