{"id":12080,"date":"2025-08-21T11:43:08","date_gmt":"2025-08-21T11:43:08","guid":{"rendered":"https:\/\/www.europesays.com\/fi\/12080\/"},"modified":"2025-08-21T11:43:08","modified_gmt":"2025-08-21T11:43:08","slug":"artisti-vestalta-erikoinen-paljastus","status":"publish","type":"post","link":"https:\/\/www.europesays.com\/fi\/12080\/","title":{"rendered":"Artisti Vestalta erikoinen paljastus!"},"content":{"rendered":"<p>            ATTE KAJOVA\n        <\/p>\n<p class=\"subtitle \">Inspiraatio ei katso aikaa tai paikkaa.<\/p>\n<p class=\"article-content article-content-width !bg-background\">Artisti \u00a0kertoo, miten erikoisissa paikoissa h\u00e4nen biisins\u00e4 toisinaan syntyv\u00e4t.<\/p>\n<p class=\"font-weight-bold m-font-weight-bold article-content article-content-width !bg-background\">Video: Johannes Brotherus painetestiss\u00e4.<\/p>\n<p class=\"article-content article-content-width !bg-background\">Laulaja-lauluntekij\u00e4 tunnetaan muun muassa hiteist\u00e4\u00e4n Ota varovasti ja Sun katu.<\/p>\n<p class=\"article-content article-content-width !bg-background\">Nyt h\u00e4net n\u00e4hd\u00e4\u00e4n Vain el\u00e4m\u00e4\u00e4 -ohjelman 16. tuotantokauden t\u00e4hten\u00e4. Vesta paljastaa Seiskalle, ettei inspiraatio katso aikaa tai paikkaa.<\/p>\n<p class=\"article-content article-content-width !bg-background\">\u2013 Joskus kirjoitin biisi\u00e4 bajamajassa. Kyll\u00e4 lyriikoita tulee kirjoitettua heti, kun tulee jotain mieleen, h\u00e4n nauraa.<\/p>\n<p>        <a itemprop=\"url\" href=\"https:\/\/www.seiska.fi\/katso\/katsojat-kiihtyivat-vain-elama-uutisesta-yleensa-en-pida-mutta\/1714404\" rel=\"nofollow noopener\" target=\"_blank\"><\/p>\n<p>\nVain el\u00e4m\u00e4\u00e4\n<\/p>\n<p class=\"section-date\">\n        <strong class=\"article-section\" data-section=\"katso\"><br \/>\n            katso<br \/>\n        <\/strong><br \/>\n        26.5. 13:17\n    <\/p>\n<p>    Katsojat kiihtyiv\u00e4t Vain el\u00e4m\u00e4 -uutisesta: &#8221;Yleens\u00e4 en pid\u00e4, mutta&#8230;&#8221;<\/p>\n<p itemprop=\"description\" class=\"subtitle \">\n    Artistit l\u00e4htiv\u00e4t maanantaina 26.5. kohti Satulinnaa.\n<\/p>\n<p>        <\/a><\/p>\n<p>Ideoita uima-altaassa<\/p>\n<p class=\"article-content article-content-width !bg-background\">Vestalla ei ole perinteist\u00e4 muistivihkoa, vaan puhelimen muistio ajaa asian.<\/p>\n<p class=\"article-content article-content-width !bg-background\">\u2013 Usein inspiroidun muiden artistien keikoilla, mutta my\u00f6s uimahallissa. Uimassa vaan ei p\u00e4\u00e4se kirjoittamaan heti, mink\u00e4 vuoksi on k\u00e4ynyt joskus niin, ett\u00e4 olen unohtanut jo ideani altaassa noustuani. Seh\u00e4n on hirve\u00e4n turhauttavaa.<\/p>\n<p class=\"article-content article-content-width !bg-background\">Ongelma ei kuitenkaan seuraa Vestaa kaikkialle.<\/p>\n<p class=\"article-content article-content-width !bg-background\">\u2013 Helsingin Yrj\u00f6nkadun uimahallissa p\u00e4\u00e4sin heti k\u00e4nnyk\u00e4lle, koska pukkarit ovat heti altaan vieress\u00e4. Se oli oikea voitto kotiin -tilanne.<\/p>\n<p>\n            El\u00e4m\u00e4nkokemus on tuonut rauhaa ja itsevarmuutta\n            <\/p>\n<p>Ikimuistoisin fanilahja<\/p>\n<p class=\"article-content article-content-width !bg-background\">Vesta kertoo saavansa monenlasia fanilahjoja, mutta erityisesti yksi tulee h\u00e4nell\u00e4 ensimm\u00e4isen\u00e4 mieleen.<\/p>\n<p class=\"article-content article-content-width !bg-background\">\u2013 Voi, sain viime talvena ihanat villasukat. Niiss\u00e4 luki &#8221;love is love&#8221;. Fani oli halunnut, ett\u00e4 ne l\u00e4mmitt\u00e4v\u00e4t minua kun teen uutta levy\u00e4. Pidin niit\u00e4 koko talven. Ne meniv\u00e4t aivan nukkaiseksi.<\/p>\n<p>        <a itemprop=\"url\" href=\"https:\/\/www.seiska.fi\/katso\/taman-takia-kaarija-osallistuu-vain-elamaa-kaudelle\/1714146\" rel=\"nofollow noopener\" target=\"_blank\"><\/p>\n<p>\nVain el\u00e4m\u00e4\u00e4\n<\/p>\n<p class=\"section-date\">\n        <strong class=\"article-section\" data-section=\"katso\"><br \/>\n            katso<br \/>\n        <\/strong><br \/>\n        26.5. 12:13\n    <\/p>\n<p>    T\u00e4m\u00e4n takia K\u00e4\u00e4rij\u00e4 osallistuu Vain el\u00e4m\u00e4\u00e4 -kaudelle<\/p>\n<p itemprop=\"description\" class=\"subtitle \">\n    Uudet Vain el\u00e4m\u00e4\u00e4 -artistit p\u00e4\u00e4sev\u00e4t tapaamaan lapsuuden sankareitaan ja uusia tuttavuuksia.\n<\/p>\n<p>        <\/a><\/p>\n<p>                <img decoding=\"async\" src=\"https:\/\/www.europesays.com\/fi\/wp-content\/uploads\/2025\/08\/1905535.webp\" width=\"576\" height=\"720\" alt=\"Nyt 31-vuotiaalla Vestalla on enemm\u00e4n valmiuksia k\u00e4sitell\u00e4 suosiota ja julkisuutta, kuin aivan uransa alkumetreill\u00e4.\" loading=\"lazy\" \/>            <\/p>\n<p>\n            Nyt 31-vuotiaalla Vestalla on enemm\u00e4n valmiuksia k\u00e4sitell\u00e4 suosiota ja julkisuutta, kuin aivan uransa alkumetreill\u00e4.<br \/>\n            ATTE KAJOVA\n        <\/p>\n<p>Julkisuus tulee mukana<\/p>\n<p class=\"article-content article-content-width !bg-background\">Artisti nousi j\u00e4ttisuosioon vuonna 2018, kun h\u00e4nen ensimm\u00e4inen albuminsa Lohtulauseita julkaistiin. Huuma s\u00e4ik\u00e4ytti Vestan, koska julkisuutta oli yht\u00e4kki\u00e4 niin paljon.<\/p>\n<p class=\"article-content article-content-width !bg-background\">\u2013 Olen sittemmin ymm\u00e4rt\u00e4nyt, ett\u00e4 julkisuus on osa t\u00e4t\u00e4 ty\u00f6t\u00e4. Nyky\u00e4\u00e4n kaikki ei ole aivan auttamattoman uutta. Olin vasta 22-vuotias, kun sain paljon huomiota ja jouduin isojen asioiden eteen. El\u00e4m\u00e4nkokemus on tuonut rauhaa ja itsevarmuutta, enk\u00e4 ole ihan hukassa.<\/p>\n<p class=\"article-content article-content-width !bg-background\">Laulajan tuleva kolmas albumi on tulossa ensi vuoden alussa. , entisen artisti  puoliso, on ollut vahvasti mukana levyn teossa.<\/p>\n<p class=\"article-content article-content-width !bg-background\">\u2013 Kyll\u00e4 se n\u00e4kyy siin\u00e4. Olemme Jorin kanssa ihan kunnolla veistelleet t\u00e4t\u00e4 levy\u00e4. Siin\u00e4 on yll\u00e4tt\u00e4v\u00e4\u00e4 ja uutta, mutta estetiikka tulee silti olemaan minua. Toivon uuden levyn viev\u00e4n minut uusille poluille.<\/p>\n<p>        <a itemprop=\"url\" href=\"https:\/\/www.seiska.fi\/kotimaa\/oho-laulaja-viivilta-yllattava-perhepaljastus\/1904206\" rel=\"nofollow noopener\" target=\"_blank\"><\/p>\n<p>\nOho!\n<\/p>\n<p class=\"section-date\">\n        <strong class=\"article-section\" data-section=\"kotimaa\"><br \/>\n            kotimaa<br \/>\n        <\/strong><br \/>\n        19.8. 17:29\n    <\/p>\n<p>    Oho! Laulaja Viivilt\u00e4 yll\u00e4tt\u00e4v\u00e4 perhepaljastus<\/p>\n<p itemprop=\"description\" class=\"subtitle \">\n    Hittiartisti avaa syvimpi\u00e4 henkil\u00f6kohtaisia haaveitaan Seiskalle.\n<\/p>\n<p>        <\/a><\/p>\n","protected":false},"excerpt":{"rendered":"ATTE KAJOVA Inspiraatio ei katso aikaa tai paikkaa. Artisti \u00a0kertoo, miten erikoisissa paikoissa h\u00e4nen biisins\u00e4 toisinaan syntyv\u00e4t. Video:&hellip;\n","protected":false},"author":2,"featured_media":12081,"comment_status":"","ping_status":"","sticky":false,"template":"","format":"standard","meta":{"footnotes":""},"categories":[136],"tags":[407,5162,137,5161,33,31,30,5160,408,5159,4944,47,32,4914,4965,5163,109],"class_list":{"0":"post-12080","1":"post","2":"type-post","3":"status-publish","4":"format-standard","5":"has-post-thumbnail","7":"category-julkkikset","8":"tag-celebrities","9":"tag-chisu","10":"tag-entertainment","11":"tag-fanit","12":"tag-fi","13":"tag-finland","14":"tag-finnish","15":"tag-jori-roosberg","16":"tag-julkkikset","17":"tag-laulaja","18":"tag-levy","19":"tag-musiikki","20":"tag-suomi","21":"tag-vain-elamaa","22":"tag-vesta","23":"tag-vesta-burman","24":"tag-viihde"},"share_on_mastodon":{"url":"","error":""},"_links":{"self":[{"href":"https:\/\/www.europesays.com\/fi\/wp-json\/wp\/v2\/posts\/12080","targetHints":{"allow":["GET"]}}],"collection":[{"href":"https:\/\/www.europesays.com\/fi\/wp-json\/wp\/v2\/posts"}],"about":[{"href":"https:\/\/www.europesays.com\/fi\/wp-json\/wp\/v2\/types\/post"}],"author":[{"embeddable":true,"href":"https:\/\/www.europesays.com\/fi\/wp-json\/wp\/v2\/users\/2"}],"replies":[{"embeddable":true,"href":"https:\/\/www.europesays.com\/fi\/wp-json\/wp\/v2\/comments?post=12080"}],"version-history":[{"count":0,"href":"https:\/\/www.europesays.com\/fi\/wp-json\/wp\/v2\/posts\/12080\/revisions"}],"wp:featuredmedia":[{"embeddable":true,"href":"https:\/\/www.europesays.com\/fi\/wp-json\/wp\/v2\/media\/12081"}],"wp:attachment":[{"href":"https:\/\/www.europesays.com\/fi\/wp-json\/wp\/v2\/media?parent=12080"}],"wp:term":[{"taxonomy":"category","embeddable":true,"href":"https:\/\/www.europesays.com\/fi\/wp-json\/wp\/v2\/categories?post=12080"},{"taxonomy":"post_tag","embeddable":true,"href":"https:\/\/www.europesays.com\/fi\/wp-json\/wp\/v2\/tags?post=12080"}],"curies":[{"name":"wp","href":"https:\/\/api.w.org\/{rel}","templated":true}]}}