{"id":120817,"date":"2025-12-19T18:19:14","date_gmt":"2025-12-19T18:19:14","guid":{"rendered":"https:\/\/www.europesays.com\/fi\/120817\/"},"modified":"2025-12-19T18:19:14","modified_gmt":"2025-12-19T18:19:14","slug":"kohti-unelmien-vuotta-2026-yksinyrittajien-tyopaja","status":"publish","type":"post","link":"https:\/\/www.europesays.com\/fi\/120817\/","title":{"rendered":"Kohti unelmien vuotta 2026 \u2013 yksinyritt\u00e4jien ty\u00f6paja"},"content":{"rendered":"<p>Tervetuloa yksinyritt\u00e4jien ty\u00f6pajaan, jossa suunnittelemme yhdess\u00e4 tulevaa vuotta ja rakennamme vahvan pohjan menestykselle! Yksinyritt\u00e4j\u00e4n arki t\u00e4yttyy helposti kiireest\u00e4 ja suorittamisesta, joten nyt on hyv\u00e4 hetki pys\u00e4hty\u00e4, ideoida ja l\u00f6yt\u00e4\u00e4 uusia kasvun mahdollisuuksia.<\/p>\n<p>Ty\u00f6pajassa saat:<\/p>\n<ul class=\"wp-block-list\">\n<li>Sparrausta ja tukea asiantuntijan johdolla bisneksen kehitt\u00e4miseen<\/li>\n<li>Ty\u00f6kaluja myynnin ja markkinoinnin kehitt\u00e4miseen<\/li>\n<li>Suunnitella ja kirkastaa omia tavoitteitasi<\/li>\n<li>Mahdollisuuden verkostoitua muiden yksinyritt\u00e4jien kanssa avoimessa ja luotettavassa ilmapiiriss\u00e4<\/li>\n<\/ul>\n<p>Ty\u00f6pajassa keskitymme siihen, miten voit vivuttaa omaa bisnest\u00e4 yhdess\u00e4 tekemisen avulla ja nostaa yrityksesi seuraavalle tasolle.<\/p>\n<p>Ty\u00f6pajan ohjaajana on <strong>Johannes Laine<\/strong>, joka on bisnesvalmentaja, kirjailija ja sarjainnostuja. H\u00e4nen missionaan on auttaa kasvuhaluisia pienyritt\u00e4ji\u00e4 menestym\u00e4\u00e4n. H\u00e4n pit\u00e4\u00e4 suosittua Kohti Unelmia -podcastia ja on perustanut kasvuhaluisten pienyritt\u00e4jien yhteis\u00f6n Kohti Unelmia Akatemian.<\/p>\n<p>Luvassa on inspiroivia tarinoita, konkreettisia harjoituksia ja vinkkej\u00e4, jotka voit vied\u00e4 k\u00e4yt\u00e4nt\u00f6\u00f6n omassa arjessasi.<\/p>\n<p>Paikkoja on rajoitetusti, joten varmista paikkasi ajoissa. Tapahtuma on avoin ja maksuton Suomen Yritt\u00e4jien yksinyritt\u00e4j\u00e4j\u00e4senille.<\/p>\n<p>Ilmoittaudu mukaan!<\/p>\n<p><strong>Lis\u00e4tiedot:<\/strong> Asiantuntija (yksinyritt\u00e4j\u00e4t, maahanmuuttajayritt\u00e4j\u00e4t ja luovan alan yritt\u00e4j\u00e4t) Marianne Ruusunhelmi, marianne.ruusunhelmi@yrittajat.fi, p. 050 559 9225<\/p>\n<p>\n        {<br \/>\n        &#8221;name&#8221;:&#8221;Kohti unelmien vuotta 2026 \u2013 yksinyritt\u00e4jien ty\u00f6paja&#8221;,<br \/>\n        &#8221;description&#8221;:&#8221;Linkki ilmoittautumiseen:\\n[url]https:\/\/www.lyyti.in\/yksinyrittajien_tyopaja_2026[\/url]&#8221;,<br \/>\n        &#8221;startDate&#8221;:&#8221;2026-01-23&#8243;,<br \/>\n        &#8221;startTime&#8221;:&#8221;09:00&#8243;,<br \/>\n        &#8221;endDate&#8221;:&#8221;2026-01-23&#8243;,<br \/>\n        &#8221;endTime&#8221;:&#8221;12:00&#8243;,<br \/>\n        &#8221;location&#8221;:&#8221;Kluuvikatu 4 00100 Helsinki&#8221;,<br \/>\n        &#8221;label&#8221;:&#8221;Lis\u00e4\u00e4 kalenteriin&#8221;,<br \/>\n        &#8221;options&#8221;:[<br \/>\n        &#8221;Apple&#8221;,<br \/>\n        &#8221;Google&#8221;,<br \/>\n        &#8221;iCal&#8221;,<br \/>\n        &#8221;Microsoft365&#8221;,<br \/>\n        &#8221;MicrosoftTeams&#8221;,<br \/>\n        &#8221;Outlook.com&#8221;,<br \/>\n        &#8221;Yahoo&#8221;<br \/>\n        ],<br \/>\n        &#8221;inline&#8221;:true,<br \/>\n\t\t&#8221;listStyle&#8221;:&#8221;modal&#8221;,<br \/>\n\t\t&#8221;trigger&#8221;:&#8221;click&#8221;,<br \/>\n\t\t&#8221;timeZone&#8221;:&#8221;Europe\/Helsinki&#8221;,<br \/>\n\t\t&#8221;iCalFileName&#8221;:&#8221;Yrittajat.fi &#8211; Kohti unelmien vuotta 2026 \u2013 yksinyritt\u00e4jien ty\u00f6paja&#8221;<br \/>\n\t\t}\n\t<\/p>\n","protected":false},"excerpt":{"rendered":"Tervetuloa yksinyritt\u00e4jien ty\u00f6pajaan, jossa suunnittelemme yhdess\u00e4 tulevaa vuotta ja rakennamme vahvan pohjan menestykselle! Yksinyritt\u00e4j\u00e4n arki t\u00e4yttyy helposti kiireest\u00e4&hellip;\n","protected":false},"author":2,"featured_media":120818,"comment_status":"","ping_status":"","sticky":false,"template":"","format":"standard","meta":{"footnotes":""},"categories":[76],"tags":[79,77,33,31,30,2544,32,78,15163],"class_list":{"0":"post-120817","1":"post","2":"type-post","3":"status-publish","4":"format-standard","5":"has-post-thumbnail","7":"category-talous","8":"tag-business","9":"tag-economy","10":"tag-fi","11":"tag-finland","12":"tag-finnish","13":"tag-kasvu","14":"tag-suomi","15":"tag-talous","16":"tag-yksinyrittu00e4ju00e4t"},"share_on_mastodon":{"url":"https:\/\/pubeurope.com\/@fi\/115747616595101677","error":""},"_links":{"self":[{"href":"https:\/\/www.europesays.com\/fi\/wp-json\/wp\/v2\/posts\/120817","targetHints":{"allow":["GET"]}}],"collection":[{"href":"https:\/\/www.europesays.com\/fi\/wp-json\/wp\/v2\/posts"}],"about":[{"href":"https:\/\/www.europesays.com\/fi\/wp-json\/wp\/v2\/types\/post"}],"author":[{"embeddable":true,"href":"https:\/\/www.europesays.com\/fi\/wp-json\/wp\/v2\/users\/2"}],"replies":[{"embeddable":true,"href":"https:\/\/www.europesays.com\/fi\/wp-json\/wp\/v2\/comments?post=120817"}],"version-history":[{"count":0,"href":"https:\/\/www.europesays.com\/fi\/wp-json\/wp\/v2\/posts\/120817\/revisions"}],"wp:featuredmedia":[{"embeddable":true,"href":"https:\/\/www.europesays.com\/fi\/wp-json\/wp\/v2\/media\/120818"}],"wp:attachment":[{"href":"https:\/\/www.europesays.com\/fi\/wp-json\/wp\/v2\/media?parent=120817"}],"wp:term":[{"taxonomy":"category","embeddable":true,"href":"https:\/\/www.europesays.com\/fi\/wp-json\/wp\/v2\/categories?post=120817"},{"taxonomy":"post_tag","embeddable":true,"href":"https:\/\/www.europesays.com\/fi\/wp-json\/wp\/v2\/tags?post=120817"}],"curies":[{"name":"wp","href":"https:\/\/api.w.org\/{rel}","templated":true}]}}