{"id":120826,"date":"2025-12-19T18:34:09","date_gmt":"2025-12-19T18:34:09","guid":{"rendered":"https:\/\/www.europesays.com\/fi\/120826\/"},"modified":"2025-12-19T18:34:09","modified_gmt":"2025-12-19T18:34:09","slug":"bianca-censorin-taidenayttely-soulissa-kumiasu-ja-ihmishuonekalut-herattavat-huomiota","status":"publish","type":"post","link":"https:\/\/www.europesays.com\/fi\/120826\/","title":{"rendered":"Bianca Censorin taiden\u00e4yttely Soulissa: Kumiasu ja ihmishuonekalut her\u00e4tt\u00e4v\u00e4t huomiota"},"content":{"rendered":"<p>            AOP\n        <\/p>\n<p class=\"subtitle \">Ihmishuonekalut ja naamiot h\u00e4mm\u00e4styttiv\u00e4t etel\u00e4korealaisia Bianca-faneja.<\/p>\n<p class=\"article-content article-content-width !bg-background\">, 30, istuu omituisella tuolilla, joka ei ole tuoli vaan palkattu mannekiini. Samalla h\u00e4n sy\u00f6 kakkua, ja lampusta roikkuu toinen mannekiini. N\u00e4in alkoi Biancan taiden\u00e4yttely tai performanssi.\u00a0<\/p>\n<p class=\"font-weight-bold m-font-weight-bold article-content article-content-width !bg-background\">Arkistovideo: Kev\u00e4\u00e4ll\u00e4 Bianca ja Kanye k\u00e4viv\u00e4t eron partaalla ja meniv\u00e4t erikoiseen pariterapiaan<\/p>\n<p class=\"article-content article-content-width !bg-background\">Biancan alle tuoliksi v\u00e4\u00e4nt\u00e4ytyneen mallin selk\u00e4 muodosti istuimen, kyyn\u00e4rvarret k\u00e4sinojat, ja p\u00e4\u00e4 tuijotti silm\u00e4t sel\u00e4ll\u00e4\u00e4n h\u00e4nen taakseen.<\/p>\n<p class=\"article-content article-content-width !bg-background\">Kasvoilla oli Bianca-naamio ja p\u00e4\u00e4ss\u00e4 Bianca-peruukki ja asuna Biancan tapaan ihonmy\u00f6t\u00e4inen kumikaapu.<\/p>\n<p class=\"article-content article-content-width !bg-background\">Yl\u00e4puolella roikkuneen ihmislampun lis\u00e4ksi oli toinenkin ihmistuoli, ja l\u00e4hist\u00f6ll\u00e4 seisoi viel\u00e4 apup\u00f6yt\u00e4, joka oli niin ik\u00e4\u00e4n mannekiini.<\/p>\n<p>                <img decoding=\"async\" src=\"https:\/\/www.europesays.com\/fi\/wp-content\/uploads\/2025\/12\/2026059.webp\" width=\"576\" height=\"1018\" alt=\"Bianca saapumassa ty\u00f6paikalleen magentassa ty\u00f6asussaan. Mukana olivat my\u00f6s puoliso Kanye West sek\u00e4 \u00e4iti Alexandra. Biancan edess\u00e4 kulkee pikkusisko Angelina.\" loading=\"lazy\" \/>            <\/p>\n<p>\n            Bianca saapumassa ty\u00f6paikalleen magentassa ty\u00f6asussaan. Mukana olivat my\u00f6s puoliso Kanye West sek\u00e4 \u00e4iti Alexandra. Biancan edess\u00e4 kulkee pikkusisko Angelina.<br \/>\n            AOP\n        <\/p>\n<p class=\"article-content article-content-width !bg-background\">Kyseess\u00e4 oli viime viikolla Soulissa avattu Biancan seitsem\u00e4n vuoden mittaiseksi aiottu installaatioprojekti Bio Pop. Arkkitehdin opinnot j\u00e4tt\u00e4nyt taiteilija kertoo haluavansa tutkia teoksellaan kotien suhdetta kehoon ja valtaan.<\/p>\n<p>        <a itemprop=\"url\" href=\"https:\/\/www.seiska.fi\/ulkomaat\/bianca-censori-kavi-kotona-nain-rohkeasti-han-pukeutui-aitinsa-ja-siskonsa-seurassa\/1985538\" rel=\"nofollow noopener\" target=\"_blank\"><\/p>\n<p>\nRohkeat kuvat\n<\/p>\n<p class=\"section-date\">\n        <strong class=\"article-section\" data-section=\"ulkomaat\"><br \/>\n            ulkomaat<br \/>\n        <\/strong><br \/>\n        8.11. 18:00\n    <\/p>\n<p>Bianca Censori k\u00e4vi kotona \u2013 n\u00e4in rohkeasti h\u00e4n pukeutui \u00e4itins\u00e4 ja siskonsa seurassa\n    <\/p>\n<p itemprop=\"description\" class=\"subtitle \">\n    Ihan tavallisen esikaupunkilaistyt\u00f6n garderoobi low-key? No ei.\n<\/p>\n<p>        <\/a><\/p>\n<p class=\"article-content article-content-width !bg-background\">Teema on kiehtova valinta, kun tiet\u00e4\u00e4 Biancan puolison  maksavan mediatietojen mukaan vaimolleen esiintymisest\u00e4 nakuasuissa ja kontrolloivan t\u00e4m\u00e4n kehoa ja ruokailua.\u00a0<\/p>\n<p>Lateksia kiireest\u00e4 kantap\u00e4\u00e4h\u00e4n<\/p>\n<p class=\"article-content article-content-width !bg-background\">Soulissa avattu <a href=\"https:\/\/www.dailymail.co.uk\/tvshowbiz\/article-15376143\/Inside-Bianca-Censoris-wildest-project-South-Korea-performs-skintight-latex-bodysuit-sits-bizarre-human-furniture.html\" target=\"_blank\" rel=\"nofollow noopener\">n\u00e4yttely tai performanssitilanne j\u00e4rkytti paikalla olleita korealaisfaneja ihmishuonekaluineen ja tyyliteltyine kotiymp\u00e4rist\u00f6ineen, kertoo Daily Mail<\/a>. Median edustajat puolestaan tiesiv\u00e4t iskeneens\u00e4 juttujen l\u00e4hteeseen.<\/p>\n<p>        <a itemprop=\"url\" href=\"https:\/\/www.seiska.fi\/ulkomaat\/bianca-censori-normivaatteet-paalla-tassa-syy-vertaa-kuviin-aiemmista-asuista\/1895053\" rel=\"nofollow noopener\" target=\"_blank\"><\/p>\n<p>\nVertaa kuviin aiemmista asuista!\n<\/p>\n<p class=\"section-date\">\n        <strong class=\"article-section\" data-section=\"ulkomaat\"><br \/>\n            ulkomaat<br \/>\n        <\/strong><br \/>\n        9.8. 21:01\n    <\/p>\n<p>Bianca Censori normivaatteet p\u00e4\u00e4ll\u00e4: t\u00e4ss\u00e4 syy \u2013 vertaa kuviin aiemmista asuista\n    <\/p>\n<p itemprop=\"description\" class=\"subtitle \">\n    Kanye West vaimoineen on tottunut h\u00e4tk\u00e4hdytt\u00e4m\u00e4\u00e4n niin kiistanalaisesti, ett\u00e4 tavallisen asun takaa l\u00f6ytyy paljastava erikoistilanne.\n<\/p>\n<p>        <\/a><\/p>\n<p class=\"article-content article-content-width !bg-background\">Bianca saapui kotilavasteisiin dramaattisesti tiukassa, magentanv\u00e4risess\u00e4 lateksiasussa ja pitk\u00e4vartisissa korkosaappaissa.\u00a0<\/p>\n<p class=\"article-content article-content-width !bg-background\">Hiuslis\u00e4kkeill\u00e4 pidennetyt hiukset olivat Biancan tavaramerkkityylin mukaan piikkisuorat, ja otsakampaus oli leikattu pehme\u00e4sti kaartuvaksi.<\/p>\n<p class=\"article-content article-content-width !bg-background\">Esityksess\u00e4\u00e4n Bianca leipoi hitaasti kakkua ankaran valkoisessa ja ilmeett\u00f6m\u00e4ss\u00e4 keitti\u00f6ss\u00e4. H\u00e4n asetti valmistuneen kakun k\u00e4rryille, jonka ty\u00f6nsi tyyliteltyyn olohuoneeseen, jossa ihmishuonekalut n\u00f6k\u00f6ttiv\u00e4t. Siell\u00e4 h\u00e4n istui ihmismallin p\u00e4\u00e4lle sy\u00f6m\u00e4\u00e4n ihmismallip\u00f6yd\u00e4n \u00e4\u00e4reen.<\/p>\n<p class=\"article-content article-content-width !bg-background\">Pelko pois. Mallien ymp\u00e4rill\u00e4 ja tukena oli pehmusteita, ter\u00e4sputki- ja muovirungot.<\/p>\n<p class=\"article-content article-content-width !bg-background\">Mallit eiv\u00e4t my\u00f6sk\u00e4\u00e4n olleet muotimalleja vaan ammattilaisia kontortionismin eli jo antiikissa tunnetun notkeusakrobatian saralla.<\/p>\n<p>Gynekologin ty\u00f6kalu ranteeseen<\/p>\n<p class=\"article-content article-content-width !bg-background\">Esitysten sarjaa on suunniteltu vuoteen 2032 asti, ja kaikilla tulevilla teoksilla on oma teemansa. Vuonna 2026 n\u00e4hd\u00e4\u00e4n kaksi seuraavaa osaa.<\/p>\n<p class=\"article-content article-content-width !bg-background\">Biancan Verkkosivuston mukaan Bio Pop pyrkii esitt\u00e4m\u00e4\u00e4n kehon kodin kielell\u00e4. <a href=\"https:\/\/biancacensori.com\/pages\/biopop-video\" target=\"_blank\" rel=\"nofollow noopener\">Onnistuuko Bianca t\u00e4ss\u00e4? Katso video h\u00e4nen sivustoltaan<\/a>. Video kuvaa teoksesta vain noin 14 minuutin p\u00e4tk\u00e4n, mutta antaa hyv\u00e4n kuvan kokonaisuudesta.<\/p>\n<p>        <a itemprop=\"url\" href=\"https:\/\/www.seiska.fi\/ulkomaat\/mita-nyt-kanye-otti-kuvia-vahapukeisesta-bianca-censorista\/1864075\" rel=\"nofollow noopener\" target=\"_blank\"><\/p>\n<p class=\"section-date\">\n        <strong class=\"article-section\" data-section=\"ulkomaat\"><br \/>\n            ulkomaat<br \/>\n        <\/strong><br \/>\n        9.7. 17:31\n    <\/p>\n<p>Mit\u00e4 nyt, Kanye? Otti kuvia v\u00e4h\u00e4pukeisesta Bianca Censorista\n    <\/p>\n<p itemprop=\"description\" class=\"subtitle \">\n    Bianca ja Kanye luultavasti l\u00e4hinn\u00e4 jatkavat provosointia uusillakin kuvillaan. K\u00e4yt\u00f6s n\u00e4ytt\u00e4\u00e4 jatkuvan, vaikka pari on k\u00e4ynyt Euroopassa terapiassakin.\n<\/p>\n<p>        <\/a><\/p>\n<p class=\"article-content article-content-width !bg-background\">Pikkusisko  julkaisi esityksest\u00e4 ja sen harjoituksista 12 kuvan ja videon kuvakarusellin. N\u00e4et muun muassa, miten p\u00f6yt\u00e4kontortionisti poistuu p\u00f6yd\u00e4st\u00e4\u00e4n.<\/p>\n<p class=\"article-content article-content-width !bg-background\">N\u00e4yttelyn ohella Bianca on julkaissut my\u00f6s koruja ja asusteita. <a href=\"https:\/\/biancacensori.com\/collections\/all\" target=\"_blank\" rel=\"nofollow noopener\">Verkkokaupasta voikin ostaa 1 900 euron hintaisen hopeisen rannekkeen, joka on saanut inspiraationsa gynekologien k\u00e4ytt\u00e4m\u00e4st\u00e4 tutkimusv\u00e4lineest\u00e4 spekulasta<\/a>.<\/p>\n<p class=\"article-content article-content-width !bg-background\">Kukin spekularanneke valmistetaan yksil\u00f6llisesti k\u00e4sin tilauksen mukaan.<\/p>\n<p>        <a itemprop=\"url\" href=\"https:\/\/www.seiska.fi\/ulkomaat\/josses-bianca-censori-okyautoili-nain-rohkea-asu-talla-kertaa\/1682235\" rel=\"nofollow noopener\" target=\"_blank\"><\/p>\n<p>\nBianca Censori \u00f6kyautoili\n<\/p>\n<p class=\"section-date\">\n        <strong class=\"article-section\" data-section=\"ulkomaat\"><br \/>\n            ulkomaat<br \/>\n        <\/strong><br \/>\n        24.4. 20:00\n    <\/p>\n<p>J\u00f6sses! Bianca Censori \u00f6kyautoili \u2013 n\u00e4in rohkea asu t\u00e4ll\u00e4 kertaa\n    <\/p>\n<p itemprop=\"description\" class=\"subtitle \">\n    Bianca ei edelleenk\u00e4\u00e4n pelk\u00e4\u00e4 asujensa puolesta. Kanyenkin kanssa ehk\u00e4 edess\u00e4 on jotain tuttua.\n<\/p>\n<p>        <\/a><\/p>\n","protected":false},"excerpt":{"rendered":"AOP Ihmishuonekalut ja naamiot h\u00e4mm\u00e4styttiv\u00e4t etel\u00e4korealaisia Bianca-faneja. , 30, istuu omituisella tuolilla, joka ei ole tuoli vaan palkattu&hellip;\n","protected":false},"author":2,"featured_media":120827,"comment_status":"","ping_status":"","sticky":false,"template":"","format":"standard","meta":{"footnotes":""},"categories":[136],"tags":[21774,5251,407,137,21773,20364,1420,33,31,30,408,21772,6208,6383,21771,21770,21769,212,19983,14779,14778,21768,12801,21767,32,397,398,109],"class_list":{"0":"post-120826","1":"post","2":"type-post","3":"status-publish","4":"format-standard","5":"has-post-thumbnail","7":"category-julkkikset","8":"tag-akrobatia","9":"tag-bianca-censori","10":"tag-celebrities","11":"tag-entertainment","12":"tag-eroottinen-video","13":"tag-esitys","14":"tag-etela-korea","15":"tag-fi","16":"tag-finland","17":"tag-finnish","18":"tag-julkkikset","19":"tag-kumipuku","20":"tag-kuva","21":"tag-kuvat","22":"tag-lateksi","23":"tag-lateksiasu","24":"tag-lateksipuku","25":"tag-lifestyle","26":"tag-outoa","27":"tag-paljastava","28":"tag-paljastava-asu","29":"tag-performanssi","30":"tag-seksikas","31":"tag-soul","32":"tag-suomi","33":"tag-taide","34":"tag-taiteilija","35":"tag-viihde"},"share_on_mastodon":{"url":"https:\/\/pubeurope.com\/@fi\/115747676113651602","error":""},"_links":{"self":[{"href":"https:\/\/www.europesays.com\/fi\/wp-json\/wp\/v2\/posts\/120826","targetHints":{"allow":["GET"]}}],"collection":[{"href":"https:\/\/www.europesays.com\/fi\/wp-json\/wp\/v2\/posts"}],"about":[{"href":"https:\/\/www.europesays.com\/fi\/wp-json\/wp\/v2\/types\/post"}],"author":[{"embeddable":true,"href":"https:\/\/www.europesays.com\/fi\/wp-json\/wp\/v2\/users\/2"}],"replies":[{"embeddable":true,"href":"https:\/\/www.europesays.com\/fi\/wp-json\/wp\/v2\/comments?post=120826"}],"version-history":[{"count":0,"href":"https:\/\/www.europesays.com\/fi\/wp-json\/wp\/v2\/posts\/120826\/revisions"}],"wp:featuredmedia":[{"embeddable":true,"href":"https:\/\/www.europesays.com\/fi\/wp-json\/wp\/v2\/media\/120827"}],"wp:attachment":[{"href":"https:\/\/www.europesays.com\/fi\/wp-json\/wp\/v2\/media?parent=120826"}],"wp:term":[{"taxonomy":"category","embeddable":true,"href":"https:\/\/www.europesays.com\/fi\/wp-json\/wp\/v2\/categories?post=120826"},{"taxonomy":"post_tag","embeddable":true,"href":"https:\/\/www.europesays.com\/fi\/wp-json\/wp\/v2\/tags?post=120826"}],"curies":[{"name":"wp","href":"https:\/\/api.w.org\/{rel}","templated":true}]}}