{"id":120842,"date":"2025-12-19T18:48:09","date_gmt":"2025-12-19T18:48:09","guid":{"rendered":"https:\/\/www.europesays.com\/fi\/120842\/"},"modified":"2025-12-19T18:48:09","modified_gmt":"2025-12-19T18:48:09","slug":"australian-joukkomurhassa-henkia-pelastaneelle-ahmedille-kerattiin-14-miljoonan-euron-lahjarahat","status":"publish","type":"post","link":"https:\/\/www.europesays.com\/fi\/120842\/","title":{"rendered":"Australian joukkomurhassa henki\u00e4 pelastaneelle Ahmedille ker\u00e4ttiin 1,4 miljoonan euron lahjarahat"},"content":{"rendered":"<p>Australian joukkomurha|Sankariteon j\u00e4lkeen haavoittunut mies saattaa menett\u00e4\u00e4 k\u00e4tens\u00e4. Yli 43\u202f000 ihmist\u00e4 eri puolilta maailmaa lahjoitti h\u00e4nelle rahaa.<\/p>\n<p>Lue tiivistelm\u00e4<\/p>\n<p class=\"article-body mb-nof-24 px-nof-16 sndp-summary-bullet-point-font\">Australian Sydneyn joukkoampumisessa henki\u00e4 pelastaneelle Ahmed al-Ahmedille on ker\u00e4tty yli 1,4 miljoonaa euroa lahjarahaa.<\/p>\n<p class=\"article-body mb-nof-24 px-nof-16 sndp-summary-bullet-point-font\">Syyrialaistaustainen Ahmed riisti aseen toiselta ampujalta viime sunnuntain hy\u00f6kk\u00e4yksess\u00e4, jossa kuoli toinen ampuja mukaan lukien 16 ihmist\u00e4.<\/p>\n<p class=\"article-body mb-nof-24 px-nof-16 sndp-summary-bullet-point-font\">Ahmed haavoittui itse vakavasti ja saattaa menett\u00e4\u00e4 k\u00e4tens\u00e4. H\u00e4nen uskotaan pelastaneen useita ihmisi\u00e4 kuolemalta.<\/p>\n<p class=\"article-body mb-nof-24 px-nof-16 sndp-summary-bullet-point-font\">Hy\u00f6kk\u00e4ys Bondi Beachill\u00e4 oli suunnattu juutalaista hanukkaa viett\u00e4vi\u00e4 ihmisi\u00e4 vastaan, ja sit\u00e4 pidet\u00e4\u00e4n antisemitistisen\u00e4 terrorismina.<\/p>\n<p class=\"article-body mb-nof-24 px-nof-16\">Australian viime sunnuntain joukkoampumisen yhteydess\u00e4 toiselta ampujalta aseen riist\u00e4neelle <a class=\"article-personlink\" href=\"https:\/\/www.hs.fi\/haku\/?query=Ahmed%20al-Ahmedille\" rel=\"nofollow noopener\" target=\"_blank\">Ahmed al-Ahmedille<\/a> on luovutettu teostaan yli 1,4 miljoonan euron arvoinen lahjashekki, kertoivat uutistoimistot ja australialaisviestimet perjantaina.<\/p>\n<p class=\"article-body mb-nof-24 px-nof-16\">Uutistoimisto Reutersin mukaan yli 43\u202f000 ihmist\u00e4 eri puolilta maailmaa lahjoitti rahaa ker\u00e4ykseen, jonka tuotot annettiin ammuskelussa itsekin haavoittuneelle syyrialaistaustaiselle Ahmedille.<\/p>\n<p class=\"article-body mb-nof-24 px-nof-16\">Shekin Ahmedille luovutti sosiaalisen median vaikuttaja \u2060<a class=\"article-personlink\" href=\"https:\/\/www.hs.fi\/haku\/?query=Zachery%20Dereniowski,\" rel=\"nofollow noopener\" target=\"_blank\">Zachery Dereniowski,<\/a> jolle sairaalavuoteellaan makaava Ahmed esitti kysymyksen: \u201dAnsaitsenko min\u00e4 t\u00e4m\u00e4n?\u201d<\/p>\n<p class=\"article-body mb-nof-24 px-nof-16\">Siihen Dereniowski vastasi: \u201dJokaisen pennin.\u201d<\/p>\n<p class=\"article-body mb-nof-24 px-nof-16\">Britannian yleisradioyhti\u00f6n BBC:n <a class=\"article-genericlink\" href=\"https:\/\/www.bbc.com\/news\/videos\/c62vx9wd11vo\" rel=\"nofollow noopener\" target=\"_blank\">mukaan<\/a> Ahmed saattaa menett\u00e4\u00e4 k\u00e4tens\u00e4 vammojensa vuoksi.<\/p>\n<p class=\"article-body mb-nof-24 px-nof-16\">Australian p\u00e4\u00e4ministeri <a class=\"article-personlink\" href=\"https:\/\/www.hs.fi\/haku\/?query=Anthony%20Albanese\" rel=\"nofollow noopener\" target=\"_blank\">Anthony Albanese <\/a>vieraili aiemmin Ahmedin luona sairaalassa. Albanese <a class=\"article-genericlink\" href=\"https:\/\/www.bbc.com\/news\/articles\/cvg13z47vpdo\" rel=\"nofollow noopener\" target=\"_blank\">luonnehti<\/a> Ahmedia \u201daustralialaiseksi sankariksi\u201d, joka kuuluu \u201dmaamme parhaimmistoon\u201d.<\/p>\n<p class=\"article-body mb-nof-24 px-nof-16\">Ahmedin uskotaan pelastaneen useita ihmisi\u00e4 kuolemalta.<\/p>\n<p class=\"article-body mb-nof-24 px-nof-16\">Ahmed muutti parikymment\u00e4 vuotta sitten Syyriasta Australiaan. H\u00e4n on \u00e4skett\u00e4in saanut Australian kansalaisuuden.<\/p>\n<p class=\"article-body mb-nof-24 px-nof-16\">Ahmed on 44-vuotias ja h\u00e4nell\u00e4 on kaksi lasta, <a class=\"article-genericlink\" href=\"https:\/\/www.theguardian.com\/australia-news\/2025\/dec\/18\/bondi-hero-ahmed-al-syria-home-town-nayrab-tributes\" rel=\"nofollow noopener\" target=\"_blank\">kertoo<\/a> brittilehti The Guardian.<\/p>\n<p class=\"article-body mb-nof-24 px-nof-16\">Kaksi miest\u00e4, is\u00e4 ja poika, ammuskelivat Sydneyn Bondi Beachille viime sunnuntaina kokoontuneita ihmisi\u00e4, joista viisitoista sai surmansa. 40 ihmist\u00e4 haavoittui ammuskelussa.<\/p>\n<p class=\"article-body mb-nof-24 px-nof-16\">Uimarannan alueella <a class=\"article-genericlink\" href=\"https:\/\/www.hs.fi\/maailma\/art-2000011691799.html\" rel=\"nofollow noopener\" target=\"_blank\">on arvioitu<\/a> olleen parituhatta henke\u00e4 tapahtumahetkell\u00e4, sill\u00e4 siell\u00e4 vietettiin juutalaista hanukkaa eli valon juhlaa. Hy\u00f6kk\u00e4yst\u00e4 on pidetty antisemitistisen\u00e4 terrorismina.<\/p>\n<p class=\"article-body mb-nof-24 px-nof-16\">Kaupanpit\u00e4j\u00e4 Ahmed vaani kiv\u00e4\u00e4rill\u00e4\u00e4n ammuskelleen is\u00e4n kimppuun ja riisti t\u00e4lt\u00e4 aseen, mik\u00e4 taltioitui tilanteesta kuvatulle videolle. T\u00e4m\u00e4n j\u00e4lkeen poika ampui Ahmedia viisi kertaa, The Sydney Morning Herald lehti <a class=\"article-genericlink\" href=\"https:\/\/www.smh.com.au\/national\/nsw\/four-heroes-tried-to-stop-the-bondi-terrorists-three-paid-with-their-lives-20251216-p5no4d.html\" rel=\"nofollow noopener\" target=\"_blank\">on kertonut<\/a>.<\/p>\n<p class=\"article-body mb-nof-24 px-nof-16\">Menetetty\u00e4\u00e4n aseensa is\u00e4 juoksi tilanteesta pois. Poliisi ampui h\u00e4net kuoliaaksi my\u00f6hemmin.<\/p>\n<p class=\"article-body mb-nof-24 px-nof-16\">Poliisi pys\u00e4ytti pojan ampumalla, mink\u00e4 seurauksena h\u00e4n sai vakavia vammoja. H\u00e4n her\u00e4si koomasta keskiviikkona kuullakseen h\u00e4nt\u00e4 vastaan nostetut syytteet. H\u00e4nt\u00e4 syytet\u00e4\u00e4n viidentoista ihmisen murhasta, 40 ihmisen haavoittamisesta sek\u00e4 terrorismista.<\/p>\n<p class=\"article-body mb-nof-24 px-nof-16\">Viranomaisten mukaan is\u00e4 ja poika olivat saaneet inspiraatiota islamistisen Isis-terroristij\u00e4rjest\u00f6n aatteesta. Is\u00e4 on kotoisin Intiasta, kun taas poika on syntynyt Australiassa.<\/p>\n<p class=\"article-body mb-nof-24 px-nof-16\">Terrorihy\u00f6kk\u00e4ys on aiheuttanut voimakkaita tuntemuksia Australiassa. News.com.au-uutissivuston mukaan muslimijohtajat ovat kielt\u00e4ytyneet hautaamasta kuollutta ammuskelijaa islamilaisten perinteiden mukaisesti.<\/p>\n<p class=\"article-body mb-nof-24 px-nof-16\">Maanantaina taas <a class=\"article-genericlink\" href=\"https:\/\/www.aa.com.tr\/en\/world\/muslim-cemetery-in-australia-desecrated-after-mass-shooting-in-sydney-beach\/3771775\" rel=\"nofollow noopener\" target=\"_blank\">uutisoitiin<\/a>, ett\u00e4 muslimien hautausmaa Sydneyss\u00e4 oli t\u00e4rvelty asettamalla sinne teurastettujen sikojen p\u00e4it\u00e4.<\/p>\n","protected":false},"excerpt":{"rendered":"Australian joukkomurha|Sankariteon j\u00e4lkeen haavoittunut mies saattaa menett\u00e4\u00e4 k\u00e4tens\u00e4. Yli 43\u202f000 ihmist\u00e4 eri puolilta maailmaa lahjoitti h\u00e4nelle rahaa. Lue&hellip;\n","protected":false},"author":2,"featured_media":120843,"comment_status":"","ping_status":"","sticky":false,"template":"","format":"standard","meta":{"footnotes":""},"categories":[5],"tags":[22,23,26,27,33,31,30,17,46,24,25,28,29,15,18,21,32,19,20,16],"class_list":{"0":"post-120842","1":"post","2":"type-post","3":"status-publish","4":"format-standard","5":"has-post-thumbnail","7":"category-otsikot","8":"tag-breaking-news","9":"tag-breakingnews","10":"tag-featured-news","11":"tag-featurednews","12":"tag-fi","13":"tag-finland","14":"tag-finnish","15":"tag-headlines","16":"tag-helsingin-sanomat","17":"tag-latest-news","18":"tag-latestnews","19":"tag-main-news","20":"tag-mainnews","21":"tag-news","22":"tag-otsikot","23":"tag-paauutiset","24":"tag-suomi","25":"tag-top-stories","26":"tag-topstories","27":"tag-uutiset"},"share_on_mastodon":{"url":"https:\/\/pubeurope.com\/@fi\/115747730423289137","error":""},"_links":{"self":[{"href":"https:\/\/www.europesays.com\/fi\/wp-json\/wp\/v2\/posts\/120842","targetHints":{"allow":["GET"]}}],"collection":[{"href":"https:\/\/www.europesays.com\/fi\/wp-json\/wp\/v2\/posts"}],"about":[{"href":"https:\/\/www.europesays.com\/fi\/wp-json\/wp\/v2\/types\/post"}],"author":[{"embeddable":true,"href":"https:\/\/www.europesays.com\/fi\/wp-json\/wp\/v2\/users\/2"}],"replies":[{"embeddable":true,"href":"https:\/\/www.europesays.com\/fi\/wp-json\/wp\/v2\/comments?post=120842"}],"version-history":[{"count":0,"href":"https:\/\/www.europesays.com\/fi\/wp-json\/wp\/v2\/posts\/120842\/revisions"}],"wp:featuredmedia":[{"embeddable":true,"href":"https:\/\/www.europesays.com\/fi\/wp-json\/wp\/v2\/media\/120843"}],"wp:attachment":[{"href":"https:\/\/www.europesays.com\/fi\/wp-json\/wp\/v2\/media?parent=120842"}],"wp:term":[{"taxonomy":"category","embeddable":true,"href":"https:\/\/www.europesays.com\/fi\/wp-json\/wp\/v2\/categories?post=120842"},{"taxonomy":"post_tag","embeddable":true,"href":"https:\/\/www.europesays.com\/fi\/wp-json\/wp\/v2\/tags?post=120842"}],"curies":[{"name":"wp","href":"https:\/\/api.w.org\/{rel}","templated":true}]}}