{"id":120851,"date":"2025-12-19T19:11:09","date_gmt":"2025-12-19T19:11:09","guid":{"rendered":"https:\/\/www.europesays.com\/fi\/120851\/"},"modified":"2025-12-19T19:11:09","modified_gmt":"2025-12-19T19:11:09","slug":"ali-amirlatifi-halusi-ratkaista-tampereella-maailman-ruokaongelman-nyt-hanen-yrityksensa-on-menossa-konkurssiin","status":"publish","type":"post","link":"https:\/\/www.europesays.com\/fi\/120851\/","title":{"rendered":"Ali Amirlatifi halusi ratkaista Tampereella maailman ruokaongelman \u2013 nyt h\u00e4nen yrityksens\u00e4 on menossa konkurssiin"},"content":{"rendered":"<p>Yhti\u00f6n suurin velkoja on Valtiokonttori, jolle yritys on velkaa yli 760\u202f000 euroa.<\/p>\n<p class=\"article-body mb-nof-24 px-nof-16\">Aamulehti<\/p>\n<p class=\"article-body mb-nof-24 px-nof-16\">Evergreen Farm oy hakeutuu konkurssiin.<\/p>\n<p class=\"article-body mb-nof-24 px-nof-16\">Tampereella kotipaikkaansa pit\u00e4v\u00e4 yhti\u00f6 tunnetaan kehitt\u00e4m\u00e4st\u00e4\u00e4n sis\u00e4viljelyj\u00e4rjestelm\u00e4st\u00e4. Sen tuotantotilat sijaitsevat Tampereen Hiedanrannassa.<\/p>\n<p class=\"article-body mb-nof-24 px-nof-16\">Konkurssihakemuksen mukaan Evergreen Farm oy:n suurin velkoja on Valtiokonttori, jolle yhti\u00f6 on velkaa yhteens\u00e4 yli 760\u202f000 euroa.<\/p>\n<p class=\"article-body mb-nof-24 px-nof-16\">Konkurssihakemus tuli vireille 15. joulukuuta.<\/p>\n<p>Toimitusjohtaja kertoo haasteista<\/p>\n<p class=\"article-body mb-nof-24 px-nof-16\">Tampereella toiminut Evergreen Farm oy perustettiin vuonna 2015. Yritys kehitti vertikaalisen sis\u00e4viljelyj\u00e4rjestelm\u00e4n, jonka avulla mansikoita ja vihanneksia voitiin kasvattaa ymp\u00e4ri vuoden teollisuushallissa.<\/p>\n<p class=\"article-body mb-nof-24 px-nof-16\">Vuotta my\u00f6hemmin yhti\u00f6 suunnitteli laajentumista Nokialle, ja vuonna 2018 j\u00e4rjestelm\u00e4 sai kansainv\u00e4lisen innovaatiopalkinnon. J\u00e4rjestelm\u00e4n kehitt\u00e4j\u00e4 <a class=\"article-personlink\" href=\"https:\/\/www.aamulehti.fi\/haku\/?query=Ali%20Amirlatifi\" rel=\"nofollow noopener\" target=\"_blank\">Ali Amirlatifi <\/a>kertoi my\u00f6hemmin <a class=\"article-genericlink article-em\" href=\"https:\/\/www.hs.fi\/elama\/art-2000005844997.html\" rel=\"nofollow noopener\" target=\"_blank\">Helsingin Sanomien<\/a> haastattelussa toivovansa keksinn\u00f6n auttavan ratkaisemaan maailman ruokaongelmia.<\/p>\n<p><img decoding=\"async\" src=\"https:\/\/www.europesays.com\/fi\/wp-content\/uploads\/2025\/12\/1766171469_510_468.jpg\" alt=\"Vuonna 2016 Evergreen Farm oy suunnitteli laajentumista Nokialle. Tuolloin uutta tehdasta kaavailtiin Nokialle sairaanhoitopiirin vanhan kasvihuoneen paikalle.\" class=\"_Img_1rerz_1\" style=\"aspect-ratio:1.5023474178403755\" loading=\"eager\"\/><\/p>\n<p class=\"article-picture-caption\">Vuonna 2016 Evergreen Farm oy suunnitteli laajentumista Nokialle. Tuolloin uutta tehdasta kaavailtiin Nokialle sairaanhoitopiirin vanhan kasvihuoneen paikalle. Kuva:\u00a0Timo Marttila \/ Sanoman arkisto<\/p>\n<p class=\"article-body mb-nof-24 px-nof-16\">Amirlatifi kirjoittaa perjantaina Aamulehdelle l\u00e4hett\u00e4m\u00e4ss\u00e4\u00e4n s\u00e4hk\u00f6postiviestiss\u00e4, ett\u00e4 p\u00e4\u00e4t\u00f6s yhti\u00f6n asettamisesta konkurssiin tapahtui omistajien toimesta.<\/p>\n<p class=\"article-body mb-nof-24 px-nof-16\">P\u00e4\u00e4t\u00f6ksen taustalla vaikuttivat liiketoiminnan pitk\u00e4aikaiset haasteet ja kansainv\u00e4linen markkinatilanne. Amirlatifin mukaan merkitt\u00e4v\u00e4 haaste liiketoiminnalle oli my\u00f6s kansainv\u00e4lisen ilmastoyhteisty\u00f6n hidastuminen.<\/p>\n<p class=\"article-body mb-nof-24 px-nof-16\">Konkurssihakemuksen mukaan yhti\u00f6 on todettu varattomaksi.<\/p>\n<p class=\"article-body mb-nof-24 px-nof-16\">Toimitusjohtaja Amirlatifi kertoo olevansa edelleen sitoutunut kest\u00e4v\u00e4n teknologian kehitt\u00e4miseen ja toivoo, ett\u00e4 toiminnan elvytt\u00e4minen olisi mahdollista tulevaisuudessa olosuhteiden parantuessa.<\/p>\n<p class=\"article-body mb-nof-24 px-nof-16\">Yhti\u00f6n tuotantotilat sijaitsevat Tampereen Hiedanrannassa.<\/p>\n<p class=\"article-body mb-nof-24 px-nof-16\">Perustettu vuonna 2015.<\/p>\n<p class=\"article-body mb-nof-24 px-nof-16\">Hakeutui konkurssiin 15. joulukuuta 2025.<\/p>\n<p class=\"article-body mb-nof-24 px-nof-16\">Liikevaihto 2024: 25\u202f000 euroa (41\u202f000 euroa vuonna 2023)<\/p>\n<p class=\"article-body mb-nof-24 px-nof-16\">Tilikauden tulos 2024: -592\u202f000 euroa (-229\u202f000 euroa vuonna 2023)<\/p>\n<p class=\"article-body mb-nof-24 px-nof-16\">Toimitusjohtaja Ali Amirlatifi.<\/p>\n","protected":false},"excerpt":{"rendered":"Yhti\u00f6n suurin velkoja on Valtiokonttori, jolle yritys on velkaa yli 760\u202f000 euroa. Aamulehti Evergreen Farm oy hakeutuu konkurssiin.&hellip;\n","protected":false},"author":2,"featured_media":120852,"comment_status":"","ping_status":"","sticky":false,"template":"","format":"standard","meta":{"footnotes":""},"categories":[76],"tags":[157,79,77,33,31,30,32,78],"class_list":{"0":"post-120851","1":"post","2":"type-post","3":"status-publish","4":"format-standard","5":"has-post-thumbnail","7":"category-talous","8":"tag-aamulehti","9":"tag-business","10":"tag-economy","11":"tag-fi","12":"tag-finland","13":"tag-finnish","14":"tag-suomi","15":"tag-talous"},"share_on_mastodon":{"url":"https:\/\/pubeurope.com\/@fi\/115747821130462080","error":""},"_links":{"self":[{"href":"https:\/\/www.europesays.com\/fi\/wp-json\/wp\/v2\/posts\/120851","targetHints":{"allow":["GET"]}}],"collection":[{"href":"https:\/\/www.europesays.com\/fi\/wp-json\/wp\/v2\/posts"}],"about":[{"href":"https:\/\/www.europesays.com\/fi\/wp-json\/wp\/v2\/types\/post"}],"author":[{"embeddable":true,"href":"https:\/\/www.europesays.com\/fi\/wp-json\/wp\/v2\/users\/2"}],"replies":[{"embeddable":true,"href":"https:\/\/www.europesays.com\/fi\/wp-json\/wp\/v2\/comments?post=120851"}],"version-history":[{"count":0,"href":"https:\/\/www.europesays.com\/fi\/wp-json\/wp\/v2\/posts\/120851\/revisions"}],"wp:featuredmedia":[{"embeddable":true,"href":"https:\/\/www.europesays.com\/fi\/wp-json\/wp\/v2\/media\/120852"}],"wp:attachment":[{"href":"https:\/\/www.europesays.com\/fi\/wp-json\/wp\/v2\/media?parent=120851"}],"wp:term":[{"taxonomy":"category","embeddable":true,"href":"https:\/\/www.europesays.com\/fi\/wp-json\/wp\/v2\/categories?post=120851"},{"taxonomy":"post_tag","embeddable":true,"href":"https:\/\/www.europesays.com\/fi\/wp-json\/wp\/v2\/tags?post=120851"}],"curies":[{"name":"wp","href":"https:\/\/api.w.org\/{rel}","templated":true}]}}