{"id":120857,"date":"2025-12-19T19:14:09","date_gmt":"2025-12-19T19:14:09","guid":{"rendered":"https:\/\/www.europesays.com\/fi\/120857\/"},"modified":"2025-12-19T19:14:09","modified_gmt":"2025-12-19T19:14:09","slug":"keuhkofibroosia-sairastavien-maara-kasvaa-suomessa-mutta-laakarin-mukaan-se-on-hyva-asia","status":"publish","type":"post","link":"https:\/\/www.europesays.com\/fi\/120857\/","title":{"rendered":"Keuhkofibroosia sairastavien m\u00e4\u00e4r\u00e4 kasvaa Suomessa, mutta l\u00e4\u00e4k\u00e4rin mukaan se on hyv\u00e4 asia"},"content":{"rendered":"<p>Elinsiirrot|Taudinkuva vaihtelee hyvin vakavasta sairaudesta tulehdusl\u00e4\u00e4kkeill\u00e4 paranevaan.<\/p>\n<p class=\"article-body mb-nof-24 px-nof-16\">Keuhkofibroosia pitk\u00e4\u00e4n sairastanut Norjan kruununprinsessa <a class=\"article-personlink\" href=\"https:\/\/www.hs.fi\/haku\/?query=Mette-Marit\" rel=\"nofollow noopener\" target=\"_blank\">Mette-Marit<\/a> tarvitsee keuhkonsiirron.<\/p>\n<p class=\"article-body mb-nof-24 px-nof-16\">Keuhkofibroosi on harvinainen ja monimuotoinen sairaus. Sen oireet muistuttavat muiden keuhko- ja syd\u00e4nsairauksien oireita ja voivat olla muun muassa ysk\u00e4\u00e4, hengenahdistusta, v\u00e4symyst\u00e4 ja rintakipua.<\/p>\n","protected":false},"excerpt":{"rendered":"Elinsiirrot|Taudinkuva vaihtelee hyvin vakavasta sairaudesta tulehdusl\u00e4\u00e4kkeill\u00e4 paranevaan. Keuhkofibroosia pitk\u00e4\u00e4n sairastanut Norjan kruununprinsessa Mette-Marit tarvitsee keuhkonsiirron. Keuhkofibroosi on harvinainen&hellip;\n","protected":false},"author":2,"featured_media":120858,"comment_status":"","ping_status":"","sticky":false,"template":"","format":"standard","meta":{"footnotes":""},"categories":[5],"tags":[22,23,26,27,33,31,30,17,46,24,25,28,29,15,18,21,32,19,20,16],"class_list":{"0":"post-120857","1":"post","2":"type-post","3":"status-publish","4":"format-standard","5":"has-post-thumbnail","7":"category-otsikot","8":"tag-breaking-news","9":"tag-breakingnews","10":"tag-featured-news","11":"tag-featurednews","12":"tag-fi","13":"tag-finland","14":"tag-finnish","15":"tag-headlines","16":"tag-helsingin-sanomat","17":"tag-latest-news","18":"tag-latestnews","19":"tag-main-news","20":"tag-mainnews","21":"tag-news","22":"tag-otsikot","23":"tag-paauutiset","24":"tag-suomi","25":"tag-top-stories","26":"tag-topstories","27":"tag-uutiset"},"share_on_mastodon":{"url":"https:\/\/pubeurope.com\/@fi\/115747832644045188","error":""},"_links":{"self":[{"href":"https:\/\/www.europesays.com\/fi\/wp-json\/wp\/v2\/posts\/120857","targetHints":{"allow":["GET"]}}],"collection":[{"href":"https:\/\/www.europesays.com\/fi\/wp-json\/wp\/v2\/posts"}],"about":[{"href":"https:\/\/www.europesays.com\/fi\/wp-json\/wp\/v2\/types\/post"}],"author":[{"embeddable":true,"href":"https:\/\/www.europesays.com\/fi\/wp-json\/wp\/v2\/users\/2"}],"replies":[{"embeddable":true,"href":"https:\/\/www.europesays.com\/fi\/wp-json\/wp\/v2\/comments?post=120857"}],"version-history":[{"count":0,"href":"https:\/\/www.europesays.com\/fi\/wp-json\/wp\/v2\/posts\/120857\/revisions"}],"wp:featuredmedia":[{"embeddable":true,"href":"https:\/\/www.europesays.com\/fi\/wp-json\/wp\/v2\/media\/120858"}],"wp:attachment":[{"href":"https:\/\/www.europesays.com\/fi\/wp-json\/wp\/v2\/media?parent=120857"}],"wp:term":[{"taxonomy":"category","embeddable":true,"href":"https:\/\/www.europesays.com\/fi\/wp-json\/wp\/v2\/categories?post=120857"},{"taxonomy":"post_tag","embeddable":true,"href":"https:\/\/www.europesays.com\/fi\/wp-json\/wp\/v2\/tags?post=120857"}],"curies":[{"name":"wp","href":"https:\/\/api.w.org\/{rel}","templated":true}]}}