{"id":120861,"date":"2025-12-19T19:29:12","date_gmt":"2025-12-19T19:29:12","guid":{"rendered":"https:\/\/www.europesays.com\/fi\/120861\/"},"modified":"2025-12-19T19:29:12","modified_gmt":"2025-12-19T19:29:12","slug":"oho-osmo-peltola-yokylassa-sarjassa-tama-yksi-seikka-voi-hammentaa-katsojia","status":"publish","type":"post","link":"https:\/\/www.europesays.com\/fi\/120861\/","title":{"rendered":"Oho! Osmo Peltola Y\u00f6kyl\u00e4ss\u00e4-sarjassa &#8211; T\u00e4m\u00e4 yksi seikka voi h\u00e4mment\u00e4\u00e4 katsojia!"},"content":{"rendered":"<p><a href=\"https:\/\/www.suomi24.fi\/viihde\/l\/yllatys-osmo-peltola-yokylassa-sarjassa-mutta-tama-yksi-seikka-voi-tuottaa-pettymyksen-katsojille-5526-1.webp\" rel=\"nofollow noopener\" target=\"_blank\"><img decoding=\"async\" src=\"https:\/\/www.europesays.com\/fi\/wp-content\/uploads\/2025\/12\/yllatys-osmo-peltola-yokylassa-sarjassa-mutta-tama-yksi-seikka-voi-tuottaa-pettymyksen-katsojille-55.webp\" alt=\"Y\u00f6kyl\u00e4ss\u00e4 Maria Veitola\" loading=\"lazy\"\/><\/a><\/p>\n<p>Osmo Peltola on mukana uudella Peltsin toinen luonto -kaudella. Osmon kuva Yle, Marian kuva MTV3, kollaasi photocollage<\/p>\n<p>Kultainen Venla -palkittu <strong>Y\u00f6kyl\u00e4ss\u00e4 Maria Veitola<\/strong> juhlii kymmenett\u00e4 juhlakauttaan. Maria Veitola on y\u00f6pynyt yli sadan tunnetun suomalaisen kodissa ja matka jatkuu j\u00e4lleen.<\/p>\n<p>Y\u00f6kyl\u00e4ilyt kuljettavat Veitolaa ihmisten koteihin Suomesta ja ulkomailla. Mukana Y\u00f6kyl\u00e4ss\u00e4-sarjan uudella kaudella on my\u00f6s <strong>Osmo Peltola <\/strong>ja<strong> Peltsi<\/strong>-is\u00e4.<\/p>\n<p>Osmo Peltola on katsojien suosikki Osmo ja Peltsi -sarjasta, jossa Osmo seikkaili Suomen er\u00e4maissa yhdess\u00e4 is\u00e4ns\u00e4 <strong>Mikko Peltsi Peltolan <\/strong>kanssa. Yleis\u00f6 valitsi Osmo Peltolan Kultainen Venla -gaalassa Vuoden esiintyj\u00e4ksi v. 2024 sek\u00e4 Peltsi ja Osmo -sarjan Vuoden tv-ohjelmaksi v. 2024.<\/p>\n<p>Y\u00f6kyl\u00e4ss\u00e4-sarjassa Maria Veitolan on tapana y\u00f6py\u00e4 mukana olevien julkkisten kodeissa. Ohjelmatietojen mukaan Osmon ja Peltsi Peltolan jaksossa ollaankin y\u00f6 kiit\u00e4v\u00e4n junan kyydiss\u00e4. Lis\u00e4ksi MTV kertoo, ett\u00e4 Rovaniemell\u00e4 seikkailut viev\u00e4t Marian, Osmon ja Peltsin maastopy\u00f6r\u00e4ilyn ja retkeilyn pariin.<\/p>\n<p><a href=\"https:\/\/www.suomi24.fi\/viihde\/l\/yllatys-osmo-peltola-yokylassa-sarjassa-mutta-tama-yksi-seikka-voi-tuottaa-pettymyksen-katsojille-5526-3.webp\" rel=\"nofollow noopener\" target=\"_blank\"><img decoding=\"async\" src=\"https:\/\/www.europesays.com\/fi\/wp-content\/uploads\/2025\/12\/1766172552_60_yllatys-osmo-peltola-yokylassa-sarjassa-mutta-tama-yksi-seikka-voi-tuottaa-pettymyksen-katsojille-55.webp\" alt=\"Y\u00f6kyl\u00e4ss\u00e4 Maria Veitola\" loading=\"lazy\"\/><\/a><\/p>\n<p>Mikko Peltsi Peltola ja Osmo Peltola Ylen Peltsi ja Osmo -sarjassa. Kuva: Yle<\/p>\n<p>Kotinsa ovet uusissa Y\u00f6kyl\u00e4ss\u00e4-jaksoissa avaavat <strong>Arja Saijonmaa, Niko Saarinen, Hjallis Harkimo ja Jasmine Pajari, Christel ja Jori Roosberg, Satu R\u00e4m\u00f6, Benjamin Peltonen, Martti Suosalo, Sofia Virta, Anna-Leena H\u00e4rk\u00f6nen <\/strong>sek\u00e4 Osmo ja Peltsi Peltola.<\/p>\n<p>Y\u00f6kyl\u00e4ss\u00e4 Maria Veitola alkaa MTV Katsomossa ja MTV3-kanavalla ma 23.2. klo 21.<\/p>\n<p>MTV Katsomo+ -tilauksella ensimm\u00e4isell\u00e4 viikolla kolme jaksoa, jonka j\u00e4lkeen jakso viikossa.<\/p>\n<p><a href=\"https:\/\/www.telsu.fi\/?ref=s24_article\" rel=\"noopener noreferrer nofollow\" target=\"_blank\">Katso tv-ohjelma-ajat Telsu.fi<\/a><\/p>\n","protected":false},"excerpt":{"rendered":"Osmo Peltola on mukana uudella Peltsin toinen luonto -kaudella. Osmon kuva Yle, Marian kuva MTV3, kollaasi photocollage Kultainen&hellip;\n","protected":false},"author":2,"featured_media":120862,"comment_status":"","ping_status":"","sticky":false,"template":"","format":"standard","meta":{"footnotes":""},"categories":[133],"tags":[137,33,31,30,32,206,156,109],"class_list":{"0":"post-120861","1":"post","2":"type-post","3":"status-publish","4":"format-standard","5":"has-post-thumbnail","7":"category-televisiot","8":"tag-entertainment","9":"tag-fi","10":"tag-finland","11":"tag-finnish","12":"tag-suomi","13":"tag-televisiot","14":"tag-tv","15":"tag-viihde"},"share_on_mastodon":{"url":"https:\/\/pubeurope.com\/@fi\/115747892129328100","error":""},"_links":{"self":[{"href":"https:\/\/www.europesays.com\/fi\/wp-json\/wp\/v2\/posts\/120861","targetHints":{"allow":["GET"]}}],"collection":[{"href":"https:\/\/www.europesays.com\/fi\/wp-json\/wp\/v2\/posts"}],"about":[{"href":"https:\/\/www.europesays.com\/fi\/wp-json\/wp\/v2\/types\/post"}],"author":[{"embeddable":true,"href":"https:\/\/www.europesays.com\/fi\/wp-json\/wp\/v2\/users\/2"}],"replies":[{"embeddable":true,"href":"https:\/\/www.europesays.com\/fi\/wp-json\/wp\/v2\/comments?post=120861"}],"version-history":[{"count":0,"href":"https:\/\/www.europesays.com\/fi\/wp-json\/wp\/v2\/posts\/120861\/revisions"}],"wp:featuredmedia":[{"embeddable":true,"href":"https:\/\/www.europesays.com\/fi\/wp-json\/wp\/v2\/media\/120862"}],"wp:attachment":[{"href":"https:\/\/www.europesays.com\/fi\/wp-json\/wp\/v2\/media?parent=120861"}],"wp:term":[{"taxonomy":"category","embeddable":true,"href":"https:\/\/www.europesays.com\/fi\/wp-json\/wp\/v2\/categories?post=120861"},{"taxonomy":"post_tag","embeddable":true,"href":"https:\/\/www.europesays.com\/fi\/wp-json\/wp\/v2\/tags?post=120861"}],"curies":[{"name":"wp","href":"https:\/\/api.w.org\/{rel}","templated":true}]}}