{"id":120869,"date":"2025-12-19T19:38:09","date_gmt":"2025-12-19T19:38:09","guid":{"rendered":"https:\/\/www.europesays.com\/fi\/120869\/"},"modified":"2025-12-19T19:38:09","modified_gmt":"2025-12-19T19:38:09","slug":"oikeusministerio-venyttaa-epstein-materiaalien-julkaisua-demokraatit-alahtivat-yle","status":"publish","type":"post","link":"https:\/\/www.europesays.com\/fi\/120869\/","title":{"rendered":"Oikeusministeri\u00f6 venytt\u00e4\u00e4 Epstein-materiaalien julkaisua, demokraatit \u00e4l\u00e4htiv\u00e4t &#8211; Yle"},"content":{"rendered":"<ol>\n<li><a href=\"https:\/\/news.google.com\/rss\/articles\/CBMiQkFVX3lxTFBvNHlpRXduRGkwdnc4OXlxZlBHQnRXV1o3SVVVQzEwMTRzMEVET29kLUVRd3VmcXBhVndqQWdQTVhFQQ?oc=5\" target=\"_blank\" rel=\"nofollow noopener\">Oikeusministeri\u00f6 venytt\u00e4\u00e4 Epstein-materiaalien julkaisua, demokraatit \u00e4l\u00e4htiv\u00e4t<\/a>&nbsp;&nbsp;Yle<\/li>\n<li><a href=\"https:\/\/news.google.com\/rss\/articles\/CBMiXkFVX3lxTE1CU2JxZFlVX0FQdkZVM3Z2NGFfeFg2RUM2dHJ0ZjBRTDBTUkVDd1R6cGttenN2QklocHlUYnR3NVJieXlhN0F3aXRPem9SMmFqMnIwamxubHZlQThtSmc?oc=5\" target=\"_blank\" rel=\"nofollow noopener\">Kymmenitt\u00e4in uusia Epstein-kuvia julki \u2013 mukana useita tunnettuja henkil\u00f6it\u00e4<\/a>&nbsp;&nbsp;Ilta-Sanomat<\/li>\n<li><a href=\"https:\/\/news.google.com\/rss\/articles\/CBMiVkFVX3lxTE9XU2xDa0luRjA1d093TUpZLWluTDJUd1NFeG1ubHZDaGFBZmZ0UTlCZUI2YVplcXpnNmRfLU1WTVBpYVNObV90eFpVTDA3SzNOUkZBTjd3?oc=5\" target=\"_blank\" rel=\"nofollow noopener\">Mit\u00e4 uutta voi selvit\u00e4 seksuaalirikoksista tuomitun Epstein toiminnasta? \u2013 USA:ssa oikeusministeri\u00f6ll\u00e4 t\u00e4n\u00e4\u00e4n takaraja Epstein-materiaalin julkaisulle<\/a>&nbsp;&nbsp;Etel\u00e4-Suomen Sanomat<\/li>\n<li><a href=\"https:\/\/news.google.com\/rss\/articles\/CBMifEFVX3lxTE9aOEpXSi1sMU8wVTRDUlpKeWpMMW84bS02NUhyUkZxZ1BScFdwMWdYT1VrZEc2NHgxTWQxMUZDbHJQSmhjOTBSU3BMNXNtTzNzeGhkQ3JHbUY5S08wLTJ0b0U2VmtwS2ZiVm5YYXh4M2RkdjlNOHJvZktuajk?oc=5\" target=\"_blank\" rel=\"nofollow noopener\">Uudet paljastavat Epstein-kuvat julki: \u201dKaikki tunsivat miehen\u201d<\/a>&nbsp;&nbsp;Iltalehti<\/li>\n<li><a href=\"https:\/\/news.google.com\/rss\/articles\/CBMiQkFVX3lxTE1lSjB5elh2WmlKMVVkZmpaNEFWUjJyUHNGb1lmcnBhOXUyRmZtR191LTR5OEVYMHFNc29KMWJ5Vng5UQ?oc=5\" target=\"_blank\" rel=\"nofollow noopener\">Analyysi: Tuoreet Epstein-kuvat jatkavat Trumpin painajaista<\/a>&nbsp;&nbsp;Yle<\/li>\n<\/ol>\n","protected":false},"excerpt":{"rendered":"Oikeusministeri\u00f6 venytt\u00e4\u00e4 Epstein-materiaalien julkaisua, demokraatit \u00e4l\u00e4htiv\u00e4t&nbsp;&nbsp;Yle Kymmenitt\u00e4in uusia Epstein-kuvia julki \u2013 mukana useita tunnettuja henkil\u00f6it\u00e4&nbsp;&nbsp;Ilta-Sanomat Mit\u00e4 uutta voi&hellip;\n","protected":false},"author":2,"featured_media":120870,"comment_status":"","ping_status":"","sticky":false,"template":"","format":"standard","meta":{"footnotes":""},"categories":[14],"tags":[22,23,26,27,33,31,30,17,24,25,28,29,15,18,21,32,19,20,56,16,59,60,61,619],"class_list":{"0":"post-120869","1":"post","2":"type-post","3":"status-publish","4":"format-standard","5":"has-post-thumbnail","7":"category-ulkomaat","8":"tag-breaking-news","9":"tag-breakingnews","10":"tag-featured-news","11":"tag-featurednews","12":"tag-fi","13":"tag-finland","14":"tag-finnish","15":"tag-headlines","16":"tag-latest-news","17":"tag-latestnews","18":"tag-main-news","19":"tag-mainnews","20":"tag-news","21":"tag-otsikot","22":"tag-paauutiset","23":"tag-suomi","24":"tag-top-stories","25":"tag-topstories","26":"tag-ulkomaat","27":"tag-uutiset","28":"tag-world","29":"tag-world-news","30":"tag-worldnews","31":"tag-yhdysvallat"},"share_on_mastodon":{"url":"https:\/\/pubeurope.com\/@fi\/115747927254919409","error":""},"_links":{"self":[{"href":"https:\/\/www.europesays.com\/fi\/wp-json\/wp\/v2\/posts\/120869","targetHints":{"allow":["GET"]}}],"collection":[{"href":"https:\/\/www.europesays.com\/fi\/wp-json\/wp\/v2\/posts"}],"about":[{"href":"https:\/\/www.europesays.com\/fi\/wp-json\/wp\/v2\/types\/post"}],"author":[{"embeddable":true,"href":"https:\/\/www.europesays.com\/fi\/wp-json\/wp\/v2\/users\/2"}],"replies":[{"embeddable":true,"href":"https:\/\/www.europesays.com\/fi\/wp-json\/wp\/v2\/comments?post=120869"}],"version-history":[{"count":0,"href":"https:\/\/www.europesays.com\/fi\/wp-json\/wp\/v2\/posts\/120869\/revisions"}],"wp:featuredmedia":[{"embeddable":true,"href":"https:\/\/www.europesays.com\/fi\/wp-json\/wp\/v2\/media\/120870"}],"wp:attachment":[{"href":"https:\/\/www.europesays.com\/fi\/wp-json\/wp\/v2\/media?parent=120869"}],"wp:term":[{"taxonomy":"category","embeddable":true,"href":"https:\/\/www.europesays.com\/fi\/wp-json\/wp\/v2\/categories?post=120869"},{"taxonomy":"post_tag","embeddable":true,"href":"https:\/\/www.europesays.com\/fi\/wp-json\/wp\/v2\/tags?post=120869"}],"curies":[{"name":"wp","href":"https:\/\/api.w.org\/{rel}","templated":true}]}}