{"id":120871,"date":"2025-12-19T19:39:11","date_gmt":"2025-12-19T19:39:11","guid":{"rendered":"https:\/\/www.europesays.com\/fi\/120871\/"},"modified":"2025-12-19T19:39:11","modified_gmt":"2025-12-19T19:39:11","slug":"tamperelaisyritys-saattaa-vainajan-hautaan-suosikkiseuran-vareissa-taalla-oma-joukkue-taitaa-olla-selvilla-jo-synnytyssairaalassa","status":"publish","type":"post","link":"https:\/\/www.europesays.com\/fi\/120871\/","title":{"rendered":"Tamperelaisyritys saattaa vainajan hautaan suosikkiseuran v\u00e4reiss\u00e4 \u2013 \u201dT\u00e4\u00e4ll\u00e4 oma joukkue taitaa olla selvill\u00e4 jo synnytyssairaalassa\u201d"},"content":{"rendered":"<p class=\"gb-ingress__content\">\n\t\t\t\tMarko Mielosen hautauspalvelussa on tarjolla Tapparan tai Ilveksen tunnusv\u00e4rein verhoiltuja arkkuja.\t\t\t<\/p>\n<p>Tampereella on nyt mahdollista kannattaa omaa j\u00e4\u00e4kiekkoseuraa kehdosta aivan konkreettisesti hautaan asti.<\/p>\n<p>\u2013 T\u00e4\u00e4ll\u00e4 kun oma joukkue taitaa olla selvill\u00e4 jo synnytyssairaalasta l\u00e4htien, sanoo hautauspalveluyritt\u00e4j\u00e4\u00a0<strong>Marko Mielonen<\/strong>.<\/p>\n<p>Mielosen yrityksess\u00e4 keksittiin, ett\u00e4 arkkuja ja uurnia voisi tarjota asiakkaille Ilveksen tai Tapparan v\u00e4reiss\u00e4.\u00a0<\/p>\n<p>\u2013\u00a0Tampereella kun ollaan, niin j\u00e4\u00e4kiekkoseuran kannattaminen on yksi oleellinen asia. Idea on l\u00e4htenyt yksil\u00f6llisyydest\u00e4 ja siit\u00e4, mik\u00e4 rakkaalle ihmiselle on ollut t\u00e4rke\u00e4\u00e4, Mielonen sanoo.<\/p>\n<p>Arkut on verhoiltu SHT-Tukku Oy:n tehtaalla puuvillakankaalla, jossa on Tapparan tai Ilveksen v\u00e4rit.\u00a0<\/p>\n<p>\u2013 Ne ovat kauniin n\u00e4k\u00f6isi\u00e4, kun niiss\u00e4 on sellaista moniulotteisuutta, Mielonen kuvailee.<\/p>\n<p>Varauksia on tullut<\/p>\n<p>Idea arkuista saatiin kahvip\u00f6yd\u00e4ss\u00e4 muutama viikko sitten.<\/p>\n<p>\u2013\u00a0Keskustelimme siit\u00e4, miten ihmisen persoonaa voisi tuoda esiin hautajaisissa, millaisia l\u00e4heisemme ovat ja mit\u00e4 itse toivoisimme. Siit\u00e4 se ajatus sitten l\u00e4hti.<\/p>\n<p>Mielonen kertoo, ett\u00e4 hautajaisissa on jo n\u00e4hty kukkalaitteita Tapparan tai Ilveksen v\u00e4reiss\u00e4, ja joitakin vainajia on puettu pelipaitoihin. V\u00e4rikk\u00e4\u00e4t arkut ovat uutta.\u00a0<\/p>\n<p>Arkkuja on ollut tarjolla niin v\u00e4h\u00e4n aikaa, ettei niit\u00e4 viel\u00e4 ole ehditty myyd\u00e4.<\/p>\n<p>\u2013 Paljon niist\u00e4 on silti keskusteltu ja niin sanottuja varauksia on kyll\u00e4 tullut. Moni on sanonut, ett\u00e4 haluaa ehdottomasti sellaisen, kun aika koittaa.<\/p>\n<p>Persoona saa n\u00e4ky\u00e4<\/p>\n<p>Mielonen kertoo, ett\u00e4 kiekkoseura-arkkujen taustalla on ajatus siit\u00e4, ett\u00e4 hautajaiset voivat ilment\u00e4\u00e4 vainajan persoonaa, olla h\u00e4nen ja h\u00e4nen l\u00e4hipiirins\u00e4 n\u00e4k\u00f6iset.\u00a0<\/p>\n<p>Mielonen on ollut hautausalalla 40 vuotta ja tiet\u00e4\u00e4, ett\u00e4 vainajan persoonallisuuden n\u00e4kyminen hautajaisissa on vanha ilmi\u00f6.<\/p>\n<p>\u2013 Aloitin 15-vuotiaana vanhempieni yrityksess\u00e4 Savonlinnassa. Jo silloin keskusteltiin omaisten kanssa siit\u00e4, mist\u00e4 vainaja on el\u00e4ess\u00e4\u00e4n pit\u00e4nyt ja mit\u00e4 h\u00e4n on tehnyt. Mets\u00e4\u00e4 omistanut ja siell\u00e4 viihtynyt sai puuarkun, k\u00e4sit\u00f6ist\u00e4 tyk\u00e4nneen rouvashenkil\u00f6n arkkua taas saattoi koristaa pitsi.<\/p>\n<p>Mielosen hautauspalvelulle voi esitt\u00e4\u00e4 lennokkaitakin ideoita esimerkiksi arkun verhoiluun. H\u00e4n muistaa toimittaneensa omaisille arkun, joka oli keltainen vainajan lempiv\u00e4rin mukaan.\u00a0<\/p>\n<p>\u2013 Er\u00e4s asiakas taas toivoi t\u00e4ysin harmaata perusarkkua, yhden arkun kyljess\u00e4 oli laulun s\u00e4velet. Meilt\u00e4 l\u00f6ytyy my\u00f6s arkku, jossa on rantabrodeeraus, joka tuo monelle mieleen rakkaan kes\u00e4m\u00f6kin, Mielonen kertoo.<\/p>\n<p>Ei kalliimpaa<\/p>\n<p>Mielonen arvelee, ett\u00e4 tuhkaamisen yleistyminen ja toisaalta hautaamisen kallistuminen ovat v\u00e4hent\u00e4neet omaisten innostusta erikoisiin arkkuihin tai hautajaisiin.\u00a0<\/p>\n<p>H\u00e4n t\u00e4hdent\u00e4\u00e4kin, ettei personoitu arkku ole v\u00e4ltt\u00e4m\u00e4tt\u00e4 tavallista arkkua kalliimpi.<\/p>\n<p>\u2013\u00a0Eiv\u00e4t ne ole sen kalliimpia kuin muutkaan, niiss\u00e4 on vain k\u00e4ytetty eriv\u00e4rist\u00e4 kangasta.<\/p>\n<p>Mielonen kannustaa omaisia miettim\u00e4\u00e4n, millaiset hautajaiset voisivat olla vainajan mieleen. Lis\u00e4ksi h\u00e4n kannustaa asiakkaita vertailemaan palvelujen hintoja ja kilpailuttamaan niit\u00e4, vaikka tilanne onkin raskas.<\/p>\n<p>\u2013 Samantyyppisill\u00e4 palveluilla voi olla useiden satojen eurojen hintaero.<\/p>\n<p>Ensin aiheesta kertoi <a href=\"https:\/\/www.iltalehti.fi\/jaakiekko\/a\/6b1b13d2-ae88-48fd-827d-8bbb014c543e\" rel=\"nofollow noopener\" target=\"_blank\">Iltalehti<\/a>. <\/p>\n<p>\t\t\t\t\t\tVinkkaa meille juttuaihe!<\/p>\n<p>                            Vinkkaa meille juttuaihe!<\/p>\n","protected":false},"excerpt":{"rendered":"Marko Mielosen hautauspalvelussa on tarjolla Tapparan tai Ilveksen tunnusv\u00e4rein verhoiltuja arkkuja. Tampereella on nyt mahdollista kannattaa omaa j\u00e4\u00e4kiekkoseuraa&hellip;\n","protected":false},"author":2,"featured_media":120872,"comment_status":"","ping_status":"","sticky":false,"template":"","format":"standard","meta":{"footnotes":""},"categories":[12],"tags":[22,23,26,27,33,31,30,17,24,25,28,29,15,18,21,8541,32,19,20,16],"class_list":{"0":"post-120871","1":"post","2":"type-post","3":"status-publish","4":"format-standard","5":"has-post-thumbnail","7":"category-suomi","8":"tag-breaking-news","9":"tag-breakingnews","10":"tag-featured-news","11":"tag-featurednews","12":"tag-fi","13":"tag-finland","14":"tag-finnish","15":"tag-headlines","16":"tag-latest-news","17":"tag-latestnews","18":"tag-main-news","19":"tag-mainnews","20":"tag-news","21":"tag-otsikot","22":"tag-paauutiset","23":"tag-puheenaihe","24":"tag-suomi","25":"tag-top-stories","26":"tag-topstories","27":"tag-uutiset"},"share_on_mastodon":{"url":"https:\/\/pubeurope.com\/@fi\/115747931082096084","error":""},"_links":{"self":[{"href":"https:\/\/www.europesays.com\/fi\/wp-json\/wp\/v2\/posts\/120871","targetHints":{"allow":["GET"]}}],"collection":[{"href":"https:\/\/www.europesays.com\/fi\/wp-json\/wp\/v2\/posts"}],"about":[{"href":"https:\/\/www.europesays.com\/fi\/wp-json\/wp\/v2\/types\/post"}],"author":[{"embeddable":true,"href":"https:\/\/www.europesays.com\/fi\/wp-json\/wp\/v2\/users\/2"}],"replies":[{"embeddable":true,"href":"https:\/\/www.europesays.com\/fi\/wp-json\/wp\/v2\/comments?post=120871"}],"version-history":[{"count":0,"href":"https:\/\/www.europesays.com\/fi\/wp-json\/wp\/v2\/posts\/120871\/revisions"}],"wp:featuredmedia":[{"embeddable":true,"href":"https:\/\/www.europesays.com\/fi\/wp-json\/wp\/v2\/media\/120872"}],"wp:attachment":[{"href":"https:\/\/www.europesays.com\/fi\/wp-json\/wp\/v2\/media?parent=120871"}],"wp:term":[{"taxonomy":"category","embeddable":true,"href":"https:\/\/www.europesays.com\/fi\/wp-json\/wp\/v2\/categories?post=120871"},{"taxonomy":"post_tag","embeddable":true,"href":"https:\/\/www.europesays.com\/fi\/wp-json\/wp\/v2\/tags?post=120871"}],"curies":[{"name":"wp","href":"https:\/\/api.w.org\/{rel}","templated":true}]}}