{"id":120886,"date":"2025-12-19T20:05:09","date_gmt":"2025-12-19T20:05:09","guid":{"rendered":"https:\/\/www.europesays.com\/fi\/120886\/"},"modified":"2025-12-19T20:05:09","modified_gmt":"2025-12-19T20:05:09","slug":"ymparistoministerio-valmistelee-lakimuutosta-joka-lieventaa-lintujen-hairintaa-koskevaa-kieltoa","status":"publish","type":"post","link":"https:\/\/www.europesays.com\/fi\/120886\/","title":{"rendered":"Ymp\u00e4rist\u00f6ministeri\u00f6 valmistelee lakimuutosta, joka lievent\u00e4\u00e4 lintujen h\u00e4irint\u00e4\u00e4 koskevaa kieltoa"},"content":{"rendered":"<p>Linnut|Luonnonsuojelulain t\u00e4smennys helpottaisi mets\u00e4nhakkuita kes\u00e4ll\u00e4 lintujen pesim\u00e4aikana. Samalla se antaisi aiempaa laajemman luvan h\u00e4irit\u00e4 lintuja.<\/p>\n<p>Lue tiivistelm\u00e4<\/p>\n<p class=\"article-body mb-nof-24 px-nof-16 sndp-summary-bullet-point-font\">Ymp\u00e4rist\u00f6ministeri\u00f6 ja maa- ja mets\u00e4talousministeri\u00f6 valmistelevat lakimuutoksia, jotka lievent\u00e4v\u00e4t lintujen h\u00e4irint\u00e4kieltoa mets\u00e4nhakkuissa.<\/p>\n<p class=\"article-body mb-nof-24 px-nof-16 sndp-summary-bullet-point-font\">Jatkossa lintujen tahallinen h\u00e4irint\u00e4 olisi kielletty vain silloin, kun se vaikuttaa merkitt\u00e4v\u00e4sti lintukantoihin.<\/p>\n<p class=\"article-body mb-nof-24 px-nof-16 sndp-summary-bullet-point-font\">Maa- ja mets\u00e4talousministeri Sari Essayah sanoo, ett\u00e4 muutoksilla selkeytet\u00e4\u00e4n lintujen pesinn\u00e4n turvaamista ja huolehditaan mets\u00e4sektorin ymp\u00e4rivuotisista toimintaedellytyksist\u00e4.<\/p>\n<p class=\"article-body mb-nof-24 px-nof-16 sndp-summary-bullet-point-font\">EU-tuomioistuimen ratkaisun mukaan h\u00e4irint\u00e4kieltoja on noudatettava mets\u00e4nhakkuissa, vaikka tarkoituksena ei ole lintujen vahingoittaminen.<\/p>\n<p class=\"article-body mb-nof-24 px-nof-16\">Ymp\u00e4rist\u00f6ministeri\u00f6 valmistelee luonnonsuojelulakiin muutosta, joka lievent\u00e4\u00e4 lintujen h\u00e4irint\u00e4\u00e4 koskevaa kieltoa. Nyt lintujen tahallinen h\u00e4irint\u00e4 on yleisesti kielletty, jatkossa vain silloin, kun se vaikuttaa merkitt\u00e4v\u00e4sti lintukantoihin.<\/p>\n<p class=\"article-body mb-nof-24 px-nof-16\">K\u00e4yt\u00e4nn\u00f6ss\u00e4 luonnonsuojelulain t\u00e4smennys helpottaisi mets\u00e4t\u00f6it\u00e4 kes\u00e4ll\u00e4 lintujen pesim\u00e4aikana. Pes\u00e4puiden kaataminen ja pesien tuhoaminen on toki kielletty\u00e4 jatkossakin.<\/p>\n<p class=\"article-body mb-nof-24 px-nof-16\">Ymp\u00e4rist\u00f6ministeri\u00f6n mukaan lainmuutoksen tarkoitus on varmistaa, ett\u00e4 kansallinen s\u00e4\u00e4ntely vastaa EU:n lintudirektiivin sis\u00e4lt\u00f6\u00e4. Suomen laki on ollut direktiivi\u00e4 tiukempi, nyt pyk\u00e4li\u00e4 \u201dselkeytet\u00e4\u00e4n\u201d.<\/p>\n<p class=\"article-body mb-nof-24 px-nof-16\">\u201dLuonnonsuojelulain s\u00e4\u00e4nn\u00f6s ei t\u00e4ysin vastaa lintudirektiivin s\u00e4\u00e4nn\u00f6st\u00e4, jonka mukaan lintujen tahallinen h\u00e4irint\u00e4 erityisesti lis\u00e4\u00e4ntymisen ja j\u00e4lkel\u00e4isten kasvatuksen aikana soveltuu silloin, jos h\u00e4irint\u00e4 vaikuttaisi merkitt\u00e4v\u00e4sti kyseisen direktiivin tavoitteisiin\u201d, kertoo lains\u00e4\u00e4d\u00e4nt\u00f6neuvos <a class=\"article-personlink\" href=\"https:\/\/www.hs.fi\/haku\/?query=Leila%20Suvantola\" rel=\"nofollow noopener\" target=\"_blank\">Leila Suvantola<\/a> ymp\u00e4rist\u00f6ministeri\u00f6st\u00e4.<\/p>\n<p class=\"article-body mb-nof-24 px-nof-16\">Maa- ja mets\u00e4talousministeri\u00f6 puolestaan valmistelee mets\u00e4lakiin uusia s\u00e4\u00e4nn\u00f6ksi\u00e4.<\/p>\n<p class=\"article-body mb-nof-24 px-nof-16\">Laissa s\u00e4\u00e4dett\u00e4isiin mets\u00e4nhakkuita ja mahdollisesti my\u00f6s muuta mets\u00e4nk\u00e4sittely\u00e4 koskevista pesint\u00e4aikaisista velvoitteista.<\/p>\n<p class=\"article-body mb-nof-24 px-nof-16\">Niiden on tarkoitus varmistaa, ett\u00e4 mets\u00e4nk\u00e4sittely t\u00e4ytt\u00e4\u00e4 lintudirektiivin v\u00e4himm\u00e4isvaatimukset.<\/p>\n<p class=\"article-body mb-nof-24 px-nof-16\">\u201dValmisteltavien lakimuutosten avulla selkeyt\u00e4mme lintujen pesinn\u00e4n turvaamista uudessa tilanteessa entisest\u00e4\u00e4n ja huolehdimme Suomelle eritt\u00e4in t\u00e4rke\u00e4n mets\u00e4sektorin ymp\u00e4rivuotisista toimintaedellytyksist\u00e4\u201d, kertoo maa- ja mets\u00e4talousministeri <a class=\"article-personlink\" href=\"https:\/\/www.hs.fi\/haku\/?query=Sari%20Essayah\" rel=\"nofollow noopener\" target=\"_blank\">Sari Essayah<\/a> (kd) ministeri\u00f6n <a class=\"article-genericlink\" href=\"https:\/\/mmm.fi\/-\/metsalakiin-ja-luonnonsuojelulakiin-valmistellaan-tasmennyksia-eu-tuomioistuimen-ratkaisun-vuoksi\" rel=\"nofollow noopener\" target=\"_blank\">tiedotteessa<\/a>.<\/p>\n<p class=\"article-body mb-nof-24 px-nof-16\">\u201dMets\u00e4ala on jo pitk\u00e4\u00e4n omissa ohjeissaan huomioinut lintukantojen suojelun ja lintujen pesint\u00e4rauhan mets\u00e4nhoidon suunnittelussa ja toteutuksessa, kuten kest\u00e4v\u00e4\u00e4n mets\u00e4talouteen kuuluu\u201d, Essayah painottaa.<\/p>\n<p class=\"article-body mb-nof-24 px-nof-16\">Taustalla on Euroopan unionin tuomioistuimen elokuinen ratkaisu, joka koski Virossa tehtyj\u00e4 lintujen pesim\u00e4aikaisia mets\u00e4nhakkuita. Kes\u00e4hakkuita on arvosteltu laajasti, sill\u00e4 ne voivat tuhota lintujen pesi\u00e4.<\/p>\n<p class=\"article-body mb-nof-24 px-nof-16\">\u201dRatkaisussa todetaan, ett\u00e4 h\u00e4irint\u00e4kieltoa sovelletaan, jos hakkuiden aiheuttamalla h\u00e4irinn\u00e4ll\u00e4 on merkitt\u00e4v\u00e4 vaikutus tavoitteeseen yll\u00e4pit\u00e4\u00e4 kyseisten lintulajien kannat tyydytt\u00e4v\u00e4ll\u00e4 tasolla taikka saattaa ne t\u00e4lle tasolle\u201d, Suvantola sanoo.<\/p>\n<p class=\"article-body mb-nof-24 px-nof-16\">Tuomioistuimen ratkaisun mukaan direktiivin h\u00e4irint\u00e4kieltoa on noudatettava my\u00f6s mets\u00e4nhakkuissa, vaikka hakkuiden tarkoituksena ei ole lintujen vahingoittaminen.<\/p>\n<p class=\"article-body mb-nof-24 px-nof-16\">P\u00e4\u00e4t\u00f6ksess\u00e4 t\u00e4smennettiin my\u00f6s tietoisuutta siit\u00e4, ett\u00e4 hakkuut voivat tuhota lintujen pesi\u00e4. Pes\u00e4puun kaataja ei siis voi vedota siihen, ett\u00e4 pes\u00e4st\u00e4 ei tiedetty.<\/p>\n<p class=\"article-body mb-nof-24 px-nof-16\">Syyskuussa maa- ja mets\u00e4talousministeri\u00f6 perusti ty\u00f6ryhm\u00e4n, joka arvioi lintujen pesint\u00e4aikaisten hakkuiden vaikutuksia sek\u00e4 mets\u00e4alan ohjeiden ja suositusten kehitt\u00e4mistarpeita.<\/p>\n<p class=\"article-body mb-nof-24 px-nof-16\">Ty\u00f6ryhm\u00e4n toimikausi p\u00e4\u00e4ttyy helmikuun lopussa.<\/p>\n<p class=\"article-body mb-nof-24 px-nof-16\">Lakimuutoksia kuitenkin valmistellaan nopealla aikataululla. Tavoitteena on, ett\u00e4 lakiesitykset annetaan eduskunnalle kev\u00e4tistuntokauden alussa.<\/p>\n","protected":false},"excerpt":{"rendered":"Linnut|Luonnonsuojelulain t\u00e4smennys helpottaisi mets\u00e4nhakkuita kes\u00e4ll\u00e4 lintujen pesim\u00e4aikana. Samalla se antaisi aiempaa laajemman luvan h\u00e4irit\u00e4 lintuja. Lue tiivistelm\u00e4 Ymp\u00e4rist\u00f6ministeri\u00f6&hellip;\n","protected":false},"author":2,"featured_media":120887,"comment_status":"","ping_status":"","sticky":false,"template":"","format":"standard","meta":{"footnotes":""},"categories":[12],"tags":[22,23,26,27,33,31,30,17,46,24,25,28,29,15,18,21,32,19,20,16],"class_list":{"0":"post-120886","1":"post","2":"type-post","3":"status-publish","4":"format-standard","5":"has-post-thumbnail","7":"category-suomi","8":"tag-breaking-news","9":"tag-breakingnews","10":"tag-featured-news","11":"tag-featurednews","12":"tag-fi","13":"tag-finland","14":"tag-finnish","15":"tag-headlines","16":"tag-helsingin-sanomat","17":"tag-latest-news","18":"tag-latestnews","19":"tag-main-news","20":"tag-mainnews","21":"tag-news","22":"tag-otsikot","23":"tag-paauutiset","24":"tag-suomi","25":"tag-top-stories","26":"tag-topstories","27":"tag-uutiset"},"share_on_mastodon":{"url":"https:\/\/pubeurope.com\/@fi\/115748033327463307","error":""},"_links":{"self":[{"href":"https:\/\/www.europesays.com\/fi\/wp-json\/wp\/v2\/posts\/120886","targetHints":{"allow":["GET"]}}],"collection":[{"href":"https:\/\/www.europesays.com\/fi\/wp-json\/wp\/v2\/posts"}],"about":[{"href":"https:\/\/www.europesays.com\/fi\/wp-json\/wp\/v2\/types\/post"}],"author":[{"embeddable":true,"href":"https:\/\/www.europesays.com\/fi\/wp-json\/wp\/v2\/users\/2"}],"replies":[{"embeddable":true,"href":"https:\/\/www.europesays.com\/fi\/wp-json\/wp\/v2\/comments?post=120886"}],"version-history":[{"count":0,"href":"https:\/\/www.europesays.com\/fi\/wp-json\/wp\/v2\/posts\/120886\/revisions"}],"wp:featuredmedia":[{"embeddable":true,"href":"https:\/\/www.europesays.com\/fi\/wp-json\/wp\/v2\/media\/120887"}],"wp:attachment":[{"href":"https:\/\/www.europesays.com\/fi\/wp-json\/wp\/v2\/media?parent=120886"}],"wp:term":[{"taxonomy":"category","embeddable":true,"href":"https:\/\/www.europesays.com\/fi\/wp-json\/wp\/v2\/categories?post=120886"},{"taxonomy":"post_tag","embeddable":true,"href":"https:\/\/www.europesays.com\/fi\/wp-json\/wp\/v2\/tags?post=120886"}],"curies":[{"name":"wp","href":"https:\/\/api.w.org\/{rel}","templated":true}]}}