{"id":120936,"date":"2025-12-19T21:27:12","date_gmt":"2025-12-19T21:27:12","guid":{"rendered":"https:\/\/www.europesays.com\/fi\/120936\/"},"modified":"2025-12-19T21:27:12","modified_gmt":"2025-12-19T21:27:12","slug":"vaasan-hovioikeus-antoi-tuomionsa-harman-hajyn-pubiammuskelusta","status":"publish","type":"post","link":"https:\/\/www.europesays.com\/fi\/120936\/","title":{"rendered":"Vaasan hovioikeus antoi tuomionsa H\u00e4rm\u00e4n H\u00e4jyn pubiammuskelusta"},"content":{"rendered":"<p>V\u00e4likohtaus tallentui valvontakameroihin.<\/p>\n<p class=\"article-body mb-nof-24 px-nof-16\">Lauantai-illan letke\u00e4 baaritunnelma j\u00e4rkkyi Sein\u00e4joen keskustassa H\u00e4rm\u00e4n H\u00e4jy -pubissa 27. hein\u00e4kuuta 2024.<\/p>\n<p class=\"article-body mb-nof-24 px-nof-16\">Tuolloin asemiehet ampuivat noin kymmenen laukausta ja nelisenkymment\u00e4 baarin asiakasta sek\u00e4 ty\u00f6ntekij\u00e4\u00e4 joutui hengenvaaraan.<\/p>\n<p class=\"article-body mb-nof-24 px-nof-16\">Tilanne pubissa oli kaoottinen ja sekava, mutta kuin ihmeen kaupalla kukaan ei p\u00e4\u00e4ssyt hengest\u00e4\u00e4n. Viisi ihmist\u00e4 sai luodeista kuitenkin eriasteisia vammoja. Yksi heist\u00e4 oli ampuja.<\/p>\n<p class=\"article-body mb-nof-24 px-nof-16\">Jutun osapuolet valittivat k\u00e4r\u00e4j\u00e4oikeuden tuomiosta Vaasan hovioikeuteen, joka antoi tuomionsa torstaina.<\/p>\n<p><img decoding=\"async\" src=\"https:\/\/www.europesays.com\/fi\/wp-content\/uploads\/2025\/12\/1766179631_263_468.jpg\" alt=\"T\u00e4lt\u00e4 pubissa n\u00e4ytti ammuskelun j\u00e4lkeen.\" class=\"_Img_1rerz_1\" style=\"aspect-ratio:1.4634146341463414\" loading=\"eager\"\/><\/p>\n<p class=\"article-picture-caption\">T\u00e4lt\u00e4 pubissa n\u00e4ytti ammuskelun j\u00e4lkeen. Kuva:\u00a0Poliisi<\/p>\n<p class=\"article-body mb-nof-24 px-nof-16\">Hovioikeus korotti <a class=\"article-personlink\" href=\"https:\/\/www.is.fi\/haku\/?query=Leif%20Osvald%20Lindemanin\" rel=\"nofollow noopener\" target=\"_blank\">Leif Osvald Lindemanin<\/a>, 42 saamaa tuomiota vuodella yhdeks\u00e4\u00e4n vuoteen. Hovioikeus piti h\u00e4nen aiemmin saamaansa tuomiota liian liev\u00e4n\u00e4.<\/p>\n<p class=\"article-body mb-nof-24 px-nof-16\">Hovioikeuden mukaan h\u00e4n ei v\u00e4litt\u00e4nyt muiden baarissa olleiden terveydest\u00e4. N\u00e4in hovioikeus jyr\u00e4hti miehen toiminnasta.<\/p>\n<p class=\"article-body mb-nof-24 px-nof-16\">\u2013 On t\u00e4ysin sattumanvaraista, ett\u00e4 henkil\u00f6vahingot eiv\u00e4t ole olleet nyt syntyneit\u00e4 vakavia henkil\u00f6vahinkoja viel\u00e4kin vakavampia ja ettei kukaan ole kuollut t\u00e4ss\u00e4 ampumav\u00e4likohtauksessa. Pahimmassa tapauksessa kuolonuhreja olisi voinut olla useita, hovioikeus kirjoitti.<\/p>\n<p><img decoding=\"async\" src=\"https:\/\/www.europesays.com\/fi\/wp-content\/uploads\/2025\/12\/1766179631_998_468.jpg\" alt=\"Tino Rikhard Lindeman piilotteli kasvojaan aiemmin k\u00e4r\u00e4j\u00e4oikeuden istunnossa. H\u00e4n sai ammuskelussa luodin jalkaansa ja halvaantui.\" class=\"_Img_1rerz_1\" style=\"aspect-ratio:1.3333333333333333\" loading=\"eager\"\/><\/p>\n<p class=\"article-picture-caption\">Tino Rikhard Lindeman piilotteli kasvojaan aiemmin k\u00e4r\u00e4j\u00e4oikeuden istunnossa. H\u00e4n sai ammuskelussa luodin jalkaansa ja halvaantui. Kuva:\u00a0Niko Ranta<\/p>\n<p class=\"article-body mb-nof-24 px-nof-16\">H\u00e4nen veljens\u00e4 <a class=\"article-personlink\" href=\"https:\/\/www.is.fi\/haku\/?query=Tino%20Rikhard%20Lindemanin\" rel=\"nofollow noopener\" target=\"_blank\">Tino Rikhard Lindemanin<\/a>, 48, saama 8,5 vuoden vankeustuomio pysyi ennallaan, kun h\u00e4n peruutti valituksensa hovioikeuteen.<\/p>\n<p class=\"article-body mb-nof-24 px-nof-16\">Veljekset ampuivat pubissa laukauksia, ja oikeus katsoi heid\u00e4n syyllistyneen useisiin tapon yrityksiin, ampuma-aserikokseen ja vaaran aiheuttamiseen.<\/p>\n<p class=\"article-body mb-nof-24 px-nof-16\">My\u00f6s veljesten riitapukarin <a class=\"article-personlink\" href=\"https:\/\/www.is.fi\/haku\/?query=Waldemar%20Palmin\" rel=\"nofollow noopener\" target=\"_blank\">Waldemar Palmin<\/a>, 34, ase laukesi baarir\u00e4hin\u00e4n aikana. Toisin kuin k\u00e4r\u00e4j\u00e4oikeus, hovioikeus oli sit\u00e4 mielt\u00e4, ettei h\u00e4nen aseestaan l\u00e4htenyt luoti osunut toisiin veljeksist\u00e4.<\/p>\n<p><img decoding=\"async\" src=\"https:\/\/www.europesays.com\/fi\/wp-content\/uploads\/2025\/12\/1766179631_781_468.jpg\" alt=\"Leif Osvald Lindeman peitti kasvonsa aiemmin k\u00e4r\u00e4j\u00e4oikeuden istunnossa.\" class=\"_Img_1rerz_1\" style=\"aspect-ratio:2.0253164556962027\" loading=\"eager\"\/><\/p>\n<p class=\"article-picture-caption\">Leif Osvald Lindeman peitti kasvonsa aiemmin k\u00e4r\u00e4j\u00e4oikeuden istunnossa. Kuva:\u00a0Niko Ranta \/ IS<\/p>\n<p class=\"article-body mb-nof-24 px-nof-16\">Siksi hovioikeus kumosi h\u00e4nen syytteens\u00e4 tapon yrityksest\u00e4 ja katsoi h\u00e4nen syyllistyneen ainoastaan vaaran aiheuttamiseen ja ampuma-aserikokseen. Palmin tuomio aleni 4 vuodesta ja 3 kuukaudesta vuoden ehdottomaan vankeuteen.<\/p>\n<p class=\"article-body mb-nof-24 px-nof-16\">My\u00f6s Palmin serkku, 32-vuotias mies otti pubissa aseen esille. H\u00e4n oli asetta heilutelleista miehist\u00e4 ainut, jonka ase ei lauennut.<\/p>\n<p class=\"article-body mb-nof-24 px-nof-16\">H\u00e4nen saamansa 8 kuukauden ehdoton vankeustuomio laittomasta uhkauksesta ja ampuma-aserikoksesta pysyi hovioikeudessa ennallaan.<\/p>\n<p><img decoding=\"async\" src=\"https:\/\/www.europesays.com\/fi\/wp-content\/uploads\/2025\/12\/1766179632_260_468.jpg\" alt=\"Poliisin ottama kuva yhden ampujan k\u00e4ytt\u00e4m\u00e4st\u00e4 aseesta.\" class=\"_Img_1rerz_1\" style=\"aspect-ratio:1.456752655538695\" loading=\"eager\"\/><\/p>\n<p class=\"article-picture-caption\">Poliisin ottama kuva yhden ampujan k\u00e4ytt\u00e4m\u00e4st\u00e4 aseesta. Kuva:\u00a0Poliisi<\/p>\n<p class=\"article-body mb-nof-24 px-nof-16\">Kaikki tapahtui nopeasti. Yksi pubin asiakkaista lauloi karaokea, kun samaan aikaan yhden p\u00f6yt\u00e4seurueen tunnelma kuumentui.<\/p>\n<p class=\"article-body mb-nof-24 px-nof-16\">Toisensa entuudestaan tunteneille Tino Lindemanille ja Waldemar Palmille syntyi suusanallista riitaa, joka kehkeytyi pystypainiksi.<\/p>\n<p class=\"article-body mb-nof-24 px-nof-16\">Tilanne eteni niin vakavaksi, ett\u00e4 molemmat miehet ottivat aseet esille. Samoin tekiv\u00e4t heid\u00e4n l\u00e4hettyvill\u00e4\u00e4n olleet Lindemanin veli ja Palmin serkku.<\/p>\n<p class=\"article-body mb-nof-24 px-nof-16\">T\u00e4m\u00e4n j\u00e4lkeen baarissa alkoi tulitaistelu.<\/p>\n<p class=\"article-body mb-nof-24 px-nof-16\">Vaasan hovioikeuden torstaina antama tuomio ei ole lainvoimainen.<\/p>\n<p><img decoding=\"async\" src=\"https:\/\/www.europesays.com\/fi\/wp-content\/uploads\/2025\/12\/1766179632_20_468.jpg\" alt=\"Ampumav\u00e4likohtaus tapahtui H\u00e4rm\u00e4n H\u00e4jyss\u00e4 27. hein\u00e4kuuta 2024.\" class=\"_Img_1rerz_1\" style=\"aspect-ratio:1.3333333333333333\" loading=\"eager\"\/><\/p>\n<p class=\"article-picture-caption\">Ampumav\u00e4likohtaus tapahtui H\u00e4rm\u00e4n H\u00e4jyss\u00e4 27. hein\u00e4kuuta 2024. Kuva:\u00a0Niko Ranta<\/p>\n","protected":false},"excerpt":{"rendered":"V\u00e4likohtaus tallentui valvontakameroihin. Lauantai-illan letke\u00e4 baaritunnelma j\u00e4rkkyi Sein\u00e4joen keskustassa H\u00e4rm\u00e4n H\u00e4jy -pubissa 27. hein\u00e4kuuta 2024. Tuolloin asemiehet ampuivat&hellip;\n","protected":false},"author":2,"featured_media":120937,"comment_status":"","ping_status":"","sticky":false,"template":"","format":"standard","meta":{"footnotes":""},"categories":[5],"tags":[22,23,26,27,33,31,30,17,34,24,25,28,29,15,18,21,32,19,20,16],"class_list":{"0":"post-120936","1":"post","2":"type-post","3":"status-publish","4":"format-standard","5":"has-post-thumbnail","7":"category-otsikot","8":"tag-breaking-news","9":"tag-breakingnews","10":"tag-featured-news","11":"tag-featurednews","12":"tag-fi","13":"tag-finland","14":"tag-finnish","15":"tag-headlines","16":"tag-ilta-sanomat","17":"tag-latest-news","18":"tag-latestnews","19":"tag-main-news","20":"tag-mainnews","21":"tag-news","22":"tag-otsikot","23":"tag-paauutiset","24":"tag-suomi","25":"tag-top-stories","26":"tag-topstories","27":"tag-uutiset"},"share_on_mastodon":{"url":"https:\/\/pubeurope.com\/@fi\/115748355790490748","error":""},"_links":{"self":[{"href":"https:\/\/www.europesays.com\/fi\/wp-json\/wp\/v2\/posts\/120936","targetHints":{"allow":["GET"]}}],"collection":[{"href":"https:\/\/www.europesays.com\/fi\/wp-json\/wp\/v2\/posts"}],"about":[{"href":"https:\/\/www.europesays.com\/fi\/wp-json\/wp\/v2\/types\/post"}],"author":[{"embeddable":true,"href":"https:\/\/www.europesays.com\/fi\/wp-json\/wp\/v2\/users\/2"}],"replies":[{"embeddable":true,"href":"https:\/\/www.europesays.com\/fi\/wp-json\/wp\/v2\/comments?post=120936"}],"version-history":[{"count":0,"href":"https:\/\/www.europesays.com\/fi\/wp-json\/wp\/v2\/posts\/120936\/revisions"}],"wp:featuredmedia":[{"embeddable":true,"href":"https:\/\/www.europesays.com\/fi\/wp-json\/wp\/v2\/media\/120937"}],"wp:attachment":[{"href":"https:\/\/www.europesays.com\/fi\/wp-json\/wp\/v2\/media?parent=120936"}],"wp:term":[{"taxonomy":"category","embeddable":true,"href":"https:\/\/www.europesays.com\/fi\/wp-json\/wp\/v2\/categories?post=120936"},{"taxonomy":"post_tag","embeddable":true,"href":"https:\/\/www.europesays.com\/fi\/wp-json\/wp\/v2\/tags?post=120936"}],"curies":[{"name":"wp","href":"https:\/\/api.w.org\/{rel}","templated":true}]}}