{"id":120960,"date":"2025-12-19T22:17:15","date_gmt":"2025-12-19T22:17:15","guid":{"rendered":"https:\/\/www.europesays.com\/fi\/120960\/"},"modified":"2025-12-19T22:17:15","modified_gmt":"2025-12-19T22:17:15","slug":"200-miljardia-venajan-rahoja-takavarikoituna-miksi-ukraina-ei-vielakaan-paase-niihin-kasiksi","status":"publish","type":"post","link":"https:\/\/www.europesays.com\/fi\/120960\/","title":{"rendered":"200 miljardia Ven\u00e4j\u00e4n rahoja takavarikoituna \u2013 miksi Ukraina ei viel\u00e4k\u00e4\u00e4n p\u00e4\u00e4se niihin k\u00e4siksi?"},"content":{"rendered":"<p>Aamuy\u00f6ll\u00e4 kello 3 Brysseliss\u00e4 syntyi eripurainen p\u00e4\u00e4t\u00f6s.<\/p>\n<p>19.12. 21:45<\/p>\n<p class=\"article-body mb-nof-24 px-nof-16\">Euroopan johtajat p\u00e4\u00e4siv\u00e4t perjantaiaamuna kello 3 Brysseliss\u00e4 sopuun siit\u00e4, miten Ukrainalle saadaan rahaa puolustustaistelunsa jatkamiseen.<\/p>\n<p class=\"article-body mb-nof-24 px-nof-16\">Ratkaisu ei ollut kaikkien mielest\u00e4 ihanteellinen. Esimerkiksi Suomi olisi halunnut, ett\u00e4 Ukrainalle my\u00f6nnetyn sotakorvauslainan vakuutena ovat Ven\u00e4j\u00e4n keskuspankilta takavarikoidut rahat.<\/p>\n<p class=\"article-body mb-nof-24 px-nof-16\">Erityisesti Belgia vastusti ajatusta. Lopulta p\u00e4\u00e4dyttiin sen esitt\u00e4m\u00e4\u00e4n kompromissiin. Euroopan unionin 27 j\u00e4senmaasta 24 sopi ottavansa seuraavan kahden vuoden aikana 90 miljardia euroa yhteisvelkaa Ukrainan hyv\u00e4ksi. Velanottajien joukossa on my\u00f6s Suomi.<\/p>\n<p>Mit\u00e4 ovat Ven\u00e4j\u00e4n j\u00e4\u00e4dytetyt rahat?<\/p>\n<p class=\"article-body mb-nof-24 px-nof-16\">EU j\u00e4\u00e4dytti Ven\u00e4j\u00e4n keskuspankin varoja noin 210 miljardin euron arvosta helmikuussa 2022. Varojen j\u00e4\u00e4dytt\u00e4minen oli osa pakotteita, jotka EU asetti Ven\u00e4j\u00e4lle sen aloitettua t\u00e4ysimittaisen hy\u00f6kk\u00e4yksen Ukrainaan.<\/p>\n<p class=\"article-body mb-nof-24 px-nof-16\">J\u00e4\u00e4dytettyj\u00e4 varoja s\u00e4ilytet\u00e4\u00e4n p\u00e4\u00e4asiassa belgialaisessa Euroclear-arvopaperikeskuksessa.<\/p>\n<p class=\"article-body mb-nof-24 px-nof-16\">Monet ovat vaatineet, ett\u00e4 varat annettaisiin Ukrainan k\u00e4ytt\u00f6\u00f6n. Ven\u00e4j\u00e4 puolestaan pit\u00e4\u00e4 varojen j\u00e4\u00e4dytt\u00e4mist\u00e4 varkautena ja vaatii Euroclearilta vahingonkorvauksia. Lis\u00e4ksi Ven\u00e4j\u00e4 on uhannut takavarikoida yksityisten eurooppalaisten sijoituksia Ven\u00e4j\u00e4ll\u00e4.<\/p>\n<p><img decoding=\"async\" src=\"https:\/\/www.europesays.com\/fi\/wp-content\/uploads\/2025\/12\/1766182634_149_468.jpg\" alt=\"Ukraina puolustautuu Ven\u00e4j\u00e4n suurhy\u00f6kk\u00e4yst\u00e4 vastaan jo nelj\u00e4tt\u00e4 vuotta.\" class=\"_Img_1rerz_1\" style=\"aspect-ratio:1.457858769931663\" loading=\"eager\"\/><\/p>\n<p class=\"article-picture-caption\">Ukraina puolustautuu Ven\u00e4j\u00e4n suurhy\u00f6kk\u00e4yst\u00e4 vastaan jo nelj\u00e4tt\u00e4 vuotta. Kuva:\u00a0REUTERS\/Sofia Gatilova<\/p>\n<p>Miksi t\u00e4m\u00e4 on t\u00e4rke\u00e4\u00e4?<\/p>\n<p class=\"article-body mb-nof-24 px-nof-16\">Sodank\u00e4ynti on valtavan kallista, ja Ukrainan rahat alkavat olla lopussa. Ukrainan julkisista varoista menee sodank\u00e4yntiin yli puolet.<\/p>\n<p class=\"article-body mb-nof-24 px-nof-16\"><a class=\"article-personlink\" href=\"https:\/\/www.is.fi\/haku\/?query=Donald%20Trump\" rel=\"nofollow noopener\" target=\"_blank\">Donald Trump<\/a> lopetti Yhdysvaltain rahallisen tuen Ukrainalle palattuaan presidentiksi tammikuussa 2025, eiv\u00e4tk\u00e4 Euroopan maat ole pystyneet t\u00e4ytt\u00e4m\u00e4\u00e4n aukkoa.<\/p>\n<p>Miksi Belgia vastustaa varojen k\u00e4ytt\u00f6\u00e4?<\/p>\n<p class=\"article-body mb-nof-24 px-nof-16\">Belgian p\u00e4\u00e4ministeri <a class=\"article-personlink\" href=\"https:\/\/www.is.fi\/haku\/?query=Bart%20De%20Wewer\" rel=\"nofollow noopener\" target=\"_blank\">Bart De Wewer<\/a> on vastustanut tiukasti ajatusta sotakorvauslainasta. H\u00e4nen mukaansa suunnitelma sis\u00e4lt\u00e4\u00e4 valtavia laillisia ja taloudellisia riskej\u00e4 Belgialle, jonne varoja hallinnoiva Euroclear on rekister\u00f6ity.<\/p>\n<p class=\"article-body mb-nof-24 px-nof-16\">De Wewerin mukaan on t\u00e4ysin j\u00e4rjet\u00f6nt\u00e4, ett\u00e4 belgialaiset veronmaksajat voisivat joutua korvausvelvollisiksi ven\u00e4l\u00e4israhojen k\u00e4yt\u00f6st\u00e4, mik\u00e4li toimenpide todetaan kansainv\u00e4lisen lain vastaiseksi. Taustalla on kansallismielisen De Wewerin huoli omasta kannatuksestaan.<\/p>\n<p class=\"article-body mb-nof-24 px-nof-16\">De Wewer vaati, ett\u00e4 muut maat sitoutuvat korvauksiin Belgialle ilman yl\u00e4rajaa, mik\u00e4li Ven\u00e4j\u00e4 jollain keinoilla onnistuisi saamaan l\u00e4pi vaatimuksensa. T\u00e4h\u00e4n muut maat eiv\u00e4t suostuneet.<\/p>\n<p><img decoding=\"async\" src=\"https:\/\/www.europesays.com\/fi\/wp-content\/uploads\/2025\/12\/1766182635_543_468.jpg\" alt=\"Bart De Wewer onnistui est\u00e4m\u00e4\u00e4n sotakorvauslainan.\" class=\"_Img_1rerz_1\" style=\"aspect-ratio:1.6594641313742438\" loading=\"eager\"\/><\/p>\n<p class=\"article-picture-caption\">Bart De Wewer onnistui est\u00e4m\u00e4\u00e4n sotakorvauslainan. Kuva:\u00a0Nicolas Maeterlinck\/Zuma<\/p>\n<p>Mit\u00e4 yhteisvelka tarkoittaa?<\/p>\n<p class=\"article-body mb-nof-24 px-nof-16\">Euroopan maat ottavat julkisilta markkinoilta lainaa ja antavat n\u00e4m\u00e4 varat edelleen nollakorkoisena lainana Ukrainalle. Lainan vakuutena on EU:n budjetti eli k\u00e4yt\u00e4nn\u00f6ss\u00e4 j\u00e4senmaiden yhteiset varat. Tshekki, Slovakia ja Unkari tosin j\u00e4tt\u00e4ytyiv\u00e4t lainasta pois.<\/p>\n<p class=\"article-body mb-nof-24 px-nof-16\">Ukraina joutuu maksamaan lainan takaisin vain, jos Ven\u00e4j\u00e4 lopettaa sodan ja maksaa sille sotakorvaukset.<\/p>\n<p class=\"article-body mb-nof-24 px-nof-16\">Brysseliss\u00e4 sovittiin, ett\u00e4 jos Ven\u00e4j\u00e4 ei sotakorvauksiin suostu ja Ukrainan lainat er\u00e4\u00e4ntyv\u00e4t, voitaisiin Ven\u00e4j\u00e4n j\u00e4\u00e4dytettyihin varoihin kajota. Yksityiskohdat j\u00e4iv\u00e4t kuitenkin my\u00f6hemmin p\u00e4\u00e4tett\u00e4viksi.<\/p>\n<p>Mit\u00e4 t\u00e4st\u00e4 on sanottu?<\/p>\n<p class=\"article-body mb-nof-24 px-nof-16\">\u2013 Pettymys oli, ettei Ven\u00e4j\u00e4n varoja t\u00e4m\u00e4n enemp\u00e4\u00e4 pystytty hy\u00f6dynt\u00e4m\u00e4\u00e4n, mutta muistutan, ett\u00e4 olemme pystyneet sent\u00e4\u00e4n p\u00e4\u00e4tt\u00e4m\u00e4\u00e4n siit\u00e4, ett\u00e4 ne ovat pysyv\u00e4sti j\u00e4\u00e4dytettyin\u00e4 ja ett\u00e4 niit\u00e4 k\u00e4ytet\u00e4\u00e4n per\u00e4lautana t\u00e4ss\u00e4 lainaj\u00e4rjestelyss\u00e4.<\/p>\n<p class=\"article-body mb-nof-24 px-nof-16\">Suomen p\u00e4\u00e4ministeri Petteri Orpo Helsingin Sanomille<\/p>\n<p class=\"article-body mb-nof-24 px-nof-16\">\u2013 Tietenk\u00e4\u00e4n jotkut eiv\u00e4t pid\u00e4 siit\u00e4. He haluavat rangaista Putinia ottamalla h\u00e4nen rahansa.<\/p>\n<p class=\"article-body mb-nof-24 px-nof-16\">Belgian p\u00e4\u00e4ministeri Bart De Wewer Politicon mukaan<\/p>\n<p class=\"article-body mb-nof-24 px-nof-16\">\u2013 Vakava isku ep\u00e4onnistuneen Ursulan johtamille EU:n sodanlietsojille \u2013 j\u00e4rjen \u00e4\u00e4net EU:ssa estiv\u00e4t Ven\u00e4j\u00e4n varojen laittoman k\u00e4yt\u00f6n Ukrainan hyv\u00e4ksi.<\/p>\n<p class=\"article-body mb-nof-24 px-nof-16\">Ven\u00e4j\u00e4n presidentin erityisl\u00e4hettil\u00e4s Kirill Dimitrijev X:ss\u00e4<\/p>\n","protected":false},"excerpt":{"rendered":"Aamuy\u00f6ll\u00e4 kello 3 Brysseliss\u00e4 syntyi eripurainen p\u00e4\u00e4t\u00f6s. 19.12. 21:45 Euroopan johtajat p\u00e4\u00e4siv\u00e4t perjantaiaamuna kello 3 Brysseliss\u00e4 sopuun siit\u00e4,&hellip;\n","protected":false},"author":2,"featured_media":120961,"comment_status":"","ping_status":"","sticky":false,"template":"","format":"standard","meta":{"footnotes":""},"categories":[14],"tags":[22,23,26,27,33,31,30,17,34,24,25,28,29,15,18,21,32,19,20,56,16,59,60,61],"class_list":{"0":"post-120960","1":"post","2":"type-post","3":"status-publish","4":"format-standard","5":"has-post-thumbnail","7":"category-ulkomaat","8":"tag-breaking-news","9":"tag-breakingnews","10":"tag-featured-news","11":"tag-featurednews","12":"tag-fi","13":"tag-finland","14":"tag-finnish","15":"tag-headlines","16":"tag-ilta-sanomat","17":"tag-latest-news","18":"tag-latestnews","19":"tag-main-news","20":"tag-mainnews","21":"tag-news","22":"tag-otsikot","23":"tag-paauutiset","24":"tag-suomi","25":"tag-top-stories","26":"tag-topstories","27":"tag-ulkomaat","28":"tag-uutiset","29":"tag-world","30":"tag-world-news","31":"tag-worldnews"},"share_on_mastodon":{"url":"https:\/\/pubeurope.com\/@fi\/115748552410415677","error":""},"_links":{"self":[{"href":"https:\/\/www.europesays.com\/fi\/wp-json\/wp\/v2\/posts\/120960","targetHints":{"allow":["GET"]}}],"collection":[{"href":"https:\/\/www.europesays.com\/fi\/wp-json\/wp\/v2\/posts"}],"about":[{"href":"https:\/\/www.europesays.com\/fi\/wp-json\/wp\/v2\/types\/post"}],"author":[{"embeddable":true,"href":"https:\/\/www.europesays.com\/fi\/wp-json\/wp\/v2\/users\/2"}],"replies":[{"embeddable":true,"href":"https:\/\/www.europesays.com\/fi\/wp-json\/wp\/v2\/comments?post=120960"}],"version-history":[{"count":0,"href":"https:\/\/www.europesays.com\/fi\/wp-json\/wp\/v2\/posts\/120960\/revisions"}],"wp:featuredmedia":[{"embeddable":true,"href":"https:\/\/www.europesays.com\/fi\/wp-json\/wp\/v2\/media\/120961"}],"wp:attachment":[{"href":"https:\/\/www.europesays.com\/fi\/wp-json\/wp\/v2\/media?parent=120960"}],"wp:term":[{"taxonomy":"category","embeddable":true,"href":"https:\/\/www.europesays.com\/fi\/wp-json\/wp\/v2\/categories?post=120960"},{"taxonomy":"post_tag","embeddable":true,"href":"https:\/\/www.europesays.com\/fi\/wp-json\/wp\/v2\/tags?post=120960"}],"curies":[{"name":"wp","href":"https:\/\/api.w.org\/{rel}","templated":true}]}}