{"id":120970,"date":"2025-12-19T22:39:10","date_gmt":"2025-12-19T22:39:10","guid":{"rendered":"https:\/\/www.europesays.com\/fi\/120970\/"},"modified":"2025-12-19T22:39:10","modified_gmt":"2025-12-19T22:39:10","slug":"il-laulaja-frederik-80-loysi-vihdoin-rakkaan-nain-nuori-han-on","status":"publish","type":"post","link":"https:\/\/www.europesays.com\/fi\/120970\/","title":{"rendered":"IL: Laulaja Frederik, 80, l\u00f6ysi vihdoin rakkaan &#8211; n\u00e4in nuori h\u00e4n on"},"content":{"rendered":"<p>Joulu tulla jollottaa ja Frederikill\u00e4 alias Reetulla a.k.a. Ilkka Sysimets\u00e4ll\u00e4 on rakkautta rinnassa ja piparin tuoksua ilmassa.<\/p>\n<p>H\u00e4n on rakastunut. Ollut jo vuoden ajan.<\/p>\n<p>Asiasta kertoo Iltalehti.<\/p>\n<p>Kuten Matti ja Teppo aikoinaan lauloivat, kaiken takana on nainen. Reetu on avautunut Iltalehdelle rakkauden joulustaan \u2013 sill\u00e4 suhde on jo varmalla pohjalla. Sit\u00e4 on kest\u00e4nyt vuoden verran.<\/p>\n<p>Nainen ei halua sormusta<\/p>\n<p>Reetu paljastaa tietoja rakkaastaan. Iltalehdess\u00e4 h\u00e4n kertoo, ett\u00e4 mielitietty on It\u00e4-Suomesta kotoisin.<\/p>\n<p>Reetun rinnalla on aina n\u00e4hty nuorempia naisia, aivan kuten kollega-Dannynkin. Uusin rakkaus ei tee poikkeusta.<\/p>\n<p>Lue my\u00f6s: <a href=\"https:\/\/www.como.fi\/uutiset\/frederikin-joulukalenteri-rajayttaa-nauruhermot\/\" title=\"Frederikin joulukalenteri r\u00e4j\u00e4ytt\u00e4\u00e4 nauruhermot\" class=\"underline-custom !font-montserrat !font-bold !underline-offset-4 !decoration-4 !decoration-red-600 !text-md\" rel=\"nofollow noopener\" target=\"_blank\">Frederikin joulukalenteri r\u00e4j\u00e4ytt\u00e4\u00e4 nauruhermot<\/a><\/p>\n<p>Mik\u00e4\u00e4n tytt\u00f6nen ei kuitenkaan ole kyseess\u00e4. Ik\u00e4eroa on vain nelisenkymment\u00e4 vuotta.<\/p>\n<p>Reetu herke\u00e4\u00e4 oikein romanttiseksi rakkauden palossaan:<\/p>\n<p>\u2013 H\u00e4n on niin nopea. H\u00e4n siivoaa, tekee ruoat, pesee ikkunat, avaa paskap\u00f6nt\u00f6t ja kaikki.<\/p>\n<p>Suhde alkoi Kanarialla keikkareissulla. Siell\u00e4 silm\u00e4peli johti takahuoneeseen.<\/p>\n<p>Mitenk\u00e4s seksiel\u00e4m\u00e4 voi? Hyvin.<\/p>\n<p>Lue my\u00f6s: <a href=\"https:\/\/www.como.fi\/uutiset\/frederik-ilmoitti-lopettavansa-uransa-liikevaihto-pomppasi\/\" title=\"Frederik ilmoitti lopettavansa uransa \u2013 liikevaihto pomppasi!\" class=\"underline-custom !font-montserrat !font-bold !underline-offset-4 !decoration-4 !decoration-red-600 !text-md\" rel=\"nofollow noopener\" target=\"_blank\">Frederik ilmoitti lopettavansa uransa \u2013 liikevaihto pomppasi!<\/a><\/p>\n<p>\u2013 Erotiikkakin toimii loistavasti. Olen joutunut sanomaan, ett\u00e4 pit\u00e4\u00e4 v\u00e4h\u00e4n rauhoittaakin, Frederik kuvaa.<\/p>\n<p>Reetu on niin tosissaan, ett\u00e4 h\u00e4n haluaisi jopa vied\u00e4 naisen vihille. Ongelma on ettei nainen halua. Mutta ei halua Reetun rahojakaan.<\/p>\n<p>-H\u00e4n on t\u00e4ll\u00e4 hetkell\u00e4 koeajossa, Reetu lohkaisee <a href=\"https:\/\/www.iltalehti.fi\/viihdeuutiset\/a\/5192b41a-e19f-446a-9367-ece0f012e44c\" rel=\"nofollow noopener\" target=\"_blank\">Iltalehdess\u00e4 <\/a>tyylilleen uskollisesti.<\/p>\n<p>Lue my\u00f6s: <a href=\"https:\/\/www.como.fi\/tilaa-comon-uutiskirje\/\" title=\"Tilaa Comon uutiskirje ja tied\u00e4t mist\u00e4 kahvitauolla puhutaan! Nappaa kotimaan tv-vinkit ja puheenaiheet suoraan s\u00e4hk\u00f6postiin t\u00e4st\u00e4.\" class=\"underline-custom !font-montserrat !font-bold !underline-offset-4 !decoration-4 !decoration-red-600 !text-md\" rel=\"nofollow noopener\" target=\"_blank\">Tilaa Comon uutiskirje ja tied\u00e4t mist\u00e4 kahvitauolla puhutaan! Nappaa kotimaan tv-vinkit ja puheenaiheet suoraan s\u00e4hk\u00f6postiin t\u00e4st\u00e4.<\/a><\/p>\n","protected":false},"excerpt":{"rendered":"Joulu tulla jollottaa ja Frederikill\u00e4 alias Reetulla a.k.a. Ilkka Sysimets\u00e4ll\u00e4 on rakkautta rinnassa ja piparin tuoksua ilmassa. H\u00e4n&hellip;\n","protected":false},"author":2,"featured_media":120971,"comment_status":"","ping_status":"","sticky":false,"template":"","format":"standard","meta":{"footnotes":""},"categories":[130],"tags":[137,33,31,30,1759,32,109],"class_list":{"0":"post-120970","1":"post","2":"type-post","3":"status-publish","4":"format-standard","5":"has-post-thumbnail","7":"category-viihde","8":"tag-entertainment","9":"tag-fi","10":"tag-finland","11":"tag-finnish","12":"tag-frederik","13":"tag-suomi","14":"tag-viihde"},"share_on_mastodon":{"url":"https:\/\/pubeurope.com\/@fi\/115748638732189767","error":""},"_links":{"self":[{"href":"https:\/\/www.europesays.com\/fi\/wp-json\/wp\/v2\/posts\/120970","targetHints":{"allow":["GET"]}}],"collection":[{"href":"https:\/\/www.europesays.com\/fi\/wp-json\/wp\/v2\/posts"}],"about":[{"href":"https:\/\/www.europesays.com\/fi\/wp-json\/wp\/v2\/types\/post"}],"author":[{"embeddable":true,"href":"https:\/\/www.europesays.com\/fi\/wp-json\/wp\/v2\/users\/2"}],"replies":[{"embeddable":true,"href":"https:\/\/www.europesays.com\/fi\/wp-json\/wp\/v2\/comments?post=120970"}],"version-history":[{"count":0,"href":"https:\/\/www.europesays.com\/fi\/wp-json\/wp\/v2\/posts\/120970\/revisions"}],"wp:featuredmedia":[{"embeddable":true,"href":"https:\/\/www.europesays.com\/fi\/wp-json\/wp\/v2\/media\/120971"}],"wp:attachment":[{"href":"https:\/\/www.europesays.com\/fi\/wp-json\/wp\/v2\/media?parent=120970"}],"wp:term":[{"taxonomy":"category","embeddable":true,"href":"https:\/\/www.europesays.com\/fi\/wp-json\/wp\/v2\/categories?post=120970"},{"taxonomy":"post_tag","embeddable":true,"href":"https:\/\/www.europesays.com\/fi\/wp-json\/wp\/v2\/tags?post=120970"}],"curies":[{"name":"wp","href":"https:\/\/api.w.org\/{rel}","templated":true}]}}