{"id":120991,"date":"2025-12-19T23:11:09","date_gmt":"2025-12-19T23:11:09","guid":{"rendered":"https:\/\/www.europesays.com\/fi\/120991\/"},"modified":"2025-12-19T23:11:09","modified_gmt":"2025-12-19T23:11:09","slug":"oppilaan-hiukset-blessattiin-tamperelaiskoulussa-poliisi-aloitti-esitutkinnan-kotimaa","status":"publish","type":"post","link":"https:\/\/www.europesays.com\/fi\/120991\/","title":{"rendered":"Oppilaan hiukset \u201dblessattiin\u201d tamperelais\u00adkoulussa \u2013 poliisi aloitti esitutkinnan | Kotimaa"},"content":{"rendered":"<p class=\"aw-1gybjub aw-5vja16 kEtdKx kmuxyA yle__article__paragraph\">Apulaisrehtorin mukaan koulu suhtautuu tapauksiin vakavasti ja jokainen tapaus selvitet\u00e4\u00e4n.<\/p>\n<p><img decoding=\"async\" alt=\" Henkil\u00f6 on kampaajalla, ja h\u00e4nen hiuksiaan leikataan.\" src=\"https:\/\/www.europesays.com\/fi\/wp-content\/uploads\/2025\/12\/39-133161566b9c5037f209.jpeg\" class=\"aw-1l9m598 hKVVvP\"\/><\/p>\n<p>Avaa kuvien katselu<\/p>\n<p>Blessauksen tarkoitus on ylist\u00e4\u00e4 hienoa hiusten leikkuuta. Kuvituskuva. Kuva: Dani Branthin \/ Yle<\/p>\n<p class=\"aw-1gybjub aw-1p7kakr kEtdKx cEmitX yle__article__paragraph\">Tamperelaiskoulussa ollaan huolissaan niin sanotusta blessing-ilmi\u00f6st\u00e4.<\/p>\n<p class=\"aw-1gybjub aw-1p7kakr kEtdKx cEmitX yle__article__paragraph\">Tiktokin kautta levinneess\u00e4 ilmi\u00f6ss\u00e4 on kyse siit\u00e4, ett\u00e4 tuore hiustenleikkuu blessataan eli hieno hiustenleikkuu hyv\u00e4ksyt\u00e4\u00e4n.<\/p>\n<p class=\"aw-1gybjub aw-1p7kakr kEtdKx cEmitX yle__article__paragraph\">Tamperelaiskoulussa blessaukseen on lis\u00e4tty l\u00e4ps\u00e4isy takaraivoon tai k\u00e4sivarteen. Torstaina blessaus \u00e4ityi Hatanp\u00e4\u00e4n koulussa pahoinpitelyksi.<\/p>\n<p class=\"aw-1gybjub aw-1p7kakr kEtdKx cEmitX yle__article__paragraph\">Oppilasta oli pidetty kiinni, ja h\u00e4nt\u00e4 oli ly\u00f6ty toistuvasti takaraivoon, oppilaan l\u00e4heinen kertoo Ylelle.<\/p>\n<p class=\"aw-1gybjub aw-1p7kakr kEtdKx cEmitX yle__article__paragraph\">Ennen tapausta toiset oppilaat olivat huomanneet lapsen k\u00e4yneen parturissa, ja h\u00e4nelle oli huudettu \u201dtule t\u00e4nne niin m\u00e4 blessaan sut\u201d.<\/p>\n<p class=\"aw-1gybjub aw-1p7kakr kEtdKx cEmitX yle__article__paragraph\">Yle ei kerro lapsen tai h\u00e4nen l\u00e4heisens\u00e4 nime\u00e4 alaik\u00e4isen lapsen yksityisyyden suojaamiseksi.<\/p>\n<p class=\"aw-1gybjub aw-1p7kakr kEtdKx cEmitX yle__article__paragraph\">Poliisi on Ylen tietojen mukaan aloittanut asiasta esitutkinnan.<\/p>\n<p>Useita tapauksia<\/p>\n<p class=\"aw-1gybjub aw-1p7kakr kEtdKx cEmitX yle__article__paragraph\">Hatanp\u00e4\u00e4n koulun apulaisrehtorin <strong class=\"aw-ak79eh KyCXm yle__article__strong\">Sami Jaakkolan<\/strong> mukaan tapaus ei ollut ensimm\u00e4inen Hatanp\u00e4\u00e4ll\u00e4. Tapausten m\u00e4\u00e4r\u00e4\u00e4 Jaakkola ei kerro.<\/p>\n<p class=\"aw-1gybjub aw-1p7kakr kEtdKx cEmitX yle__article__paragraph\">Jaakkolan mukaan blessausta on tehty kouluissa eri puolilla Suomea.<\/p>\n<ul class=\"aw-1jjocuh iJTSwP yle__article__list yle__article__list--ul\">\n<li class=\"aw-1j7gwms gNYKfi\">Kotimaisten kielten keskuksen mukaan blessaus-sana on ylistys eritt\u00e4in onnistuneelle hiustenleikkaukselle.<\/li>\n<li class=\"aw-1j7gwms gNYKfi\">\u201dHienot hiukset\u201d sijaan sanotaan \u201dbroidi blessattiin\u201d.<\/li>\n<li class=\"aw-1j7gwms gNYKfi\">Hatanp\u00e4\u00e4n koulusta vanhemmille l\u00e4hetetyss\u00e4 Wilma-viestiss\u00e4 sanotaan, ett\u00e4 uusi hiustyyli tai parturik\u00e4ynti on blessattu l\u00e4tk\u00e4isem\u00e4ll\u00e4 avok\u00e4mmenell\u00e4 niskaan tai k\u00e4sivarteen.<\/li>\n<\/ul>\n<p class=\"aw-1gybjub aw-1p7kakr kEtdKx cEmitX yle__article__paragraph\">Koulusta l\u00e4hetettiin torstai-iltana Wilma-viesti, jossa kerrottiin, ett\u00e4 oppilaiden l\u00e4iskimist\u00e4 tai vahingoittamista ei hyv\u00e4ksyt\u00e4. Viestiss\u00e4 toivottiin, ett\u00e4 vanhemmat puhuisivat l\u00e4psimisest\u00e4 kotona, jotta ilmi\u00f6 saataisiin kitketty\u00e4.<\/p>\n<p class=\"aw-1gybjub aw-1p7kakr kEtdKx cEmitX yle__article__paragraph\">Sami Jaakkola kertoo, ett\u00e4 koulu suhtautuu tapauksiin vakavasti ja jokainen tapaus selvitet\u00e4\u00e4n.<\/p>\n<p class=\"aw-1gybjub aw-1p7kakr kEtdKx cEmitX yle__article__paragraph\">\u2013 Jos todetaan, ett\u00e4 kyseess\u00e4 on liev\u00e4 pahoinpitely, silloin tietysti on syyt\u00e4 ottaa poliisi mukaan selvittelyyn huoltajien lis\u00e4ksi.<\/p>\n<p class=\"aw-1gybjub aw-1p7kakr kEtdKx cEmitX yle__article__paragraph\">Jaakkola on harmissaan tapauksista, jotka h\u00e4nen mielest\u00e4\u00e4n ovat selv\u00e4sti someilmi\u00f6n tuote.<\/p>\n<p class=\"aw-1gybjub aw-1p7kakr kEtdKx cEmitX yle__article__paragraph\">Blessingi\u00e4 on Tiktok-videoissaan k\u00e4ytt\u00e4nyt muun muassa turkulainen parturi. Somevideot parturiliikkeest\u00e4 ovat ker\u00e4nneet satojatuhansia n\u00e4ytt\u00f6kertoja Tiktokissa.<\/p>\n<p class=\"aw-1gybjub aw-1p7kakr kEtdKx cEmitX yle__article__paragraph\">Niiss\u00e4 on muun muassa l\u00e4ps\u00e4isty kevyesti asiakkaita takaraivoon ja kasvoille onnistuneen ja siistin hiustenleikkuun merkiksi eli leikkaus on blessattu.<\/p>\n","protected":false},"excerpt":{"rendered":"Apulaisrehtorin mukaan koulu suhtautuu tapauksiin vakavasti ja jokainen tapaus selvitet\u00e4\u00e4n. Avaa kuvien katselu Blessauksen tarkoitus on ylist\u00e4\u00e4 hienoa&hellip;\n","protected":false},"author":2,"featured_media":120992,"comment_status":"","ping_status":"","sticky":false,"template":"","format":"standard","meta":{"footnotes":""},"categories":[5],"tags":[22,23,26,27,33,31,30,21789,21790,17,71,842,615,24,25,28,29,15,18,21,2944,21431,553,1263,1028,32,551,19,20,16],"class_list":{"0":"post-120991","1":"post","2":"type-post","3":"status-publish","4":"format-standard","5":"has-post-thumbnail","7":"category-otsikot","8":"tag-breaking-news","9":"tag-breakingnews","10":"tag-featured-news","11":"tag-featurednews","12":"tag-fi","13":"tag-finland","14":"tag-finnish","15":"tag-hatanpaa","16":"tag-hatanpaan-koulu","17":"tag-headlines","18":"tag-kotimaa","19":"tag-koululaiset","20":"tag-koulut","21":"tag-latest-news","22":"tag-latestnews","23":"tag-main-news","24":"tag-mainnews","25":"tag-news","26":"tag-otsikot","27":"tag-paauutiset","28":"tag-pahoinpitely","29":"tag-parturit-ja-kampaamot","30":"tag-pirkanmaa","31":"tag-rikosepailyt","32":"tag-sosiaalinen-media","33":"tag-suomi","34":"tag-tampere","35":"tag-top-stories","36":"tag-topstories","37":"tag-uutiset"},"share_on_mastodon":{"url":"https:\/\/pubeurope.com\/@fi\/115748764778019447","error":""},"_links":{"self":[{"href":"https:\/\/www.europesays.com\/fi\/wp-json\/wp\/v2\/posts\/120991","targetHints":{"allow":["GET"]}}],"collection":[{"href":"https:\/\/www.europesays.com\/fi\/wp-json\/wp\/v2\/posts"}],"about":[{"href":"https:\/\/www.europesays.com\/fi\/wp-json\/wp\/v2\/types\/post"}],"author":[{"embeddable":true,"href":"https:\/\/www.europesays.com\/fi\/wp-json\/wp\/v2\/users\/2"}],"replies":[{"embeddable":true,"href":"https:\/\/www.europesays.com\/fi\/wp-json\/wp\/v2\/comments?post=120991"}],"version-history":[{"count":0,"href":"https:\/\/www.europesays.com\/fi\/wp-json\/wp\/v2\/posts\/120991\/revisions"}],"wp:featuredmedia":[{"embeddable":true,"href":"https:\/\/www.europesays.com\/fi\/wp-json\/wp\/v2\/media\/120992"}],"wp:attachment":[{"href":"https:\/\/www.europesays.com\/fi\/wp-json\/wp\/v2\/media?parent=120991"}],"wp:term":[{"taxonomy":"category","embeddable":true,"href":"https:\/\/www.europesays.com\/fi\/wp-json\/wp\/v2\/categories?post=120991"},{"taxonomy":"post_tag","embeddable":true,"href":"https:\/\/www.europesays.com\/fi\/wp-json\/wp\/v2\/tags?post=120991"}],"curies":[{"name":"wp","href":"https:\/\/api.w.org\/{rel}","templated":true}]}}