{"id":120993,"date":"2025-12-19T23:23:17","date_gmt":"2025-12-19T23:23:17","guid":{"rendered":"https:\/\/www.europesays.com\/fi\/120993\/"},"modified":"2025-12-19T23:23:17","modified_gmt":"2025-12-19T23:23:17","slug":"olli-halonen-on-odottanut-jouluaaton-elamysta-kevaasta-asti","status":"publish","type":"post","link":"https:\/\/www.europesays.com\/fi\/120993\/","title":{"rendered":"Olli Halonen on odottanut jouluaaton el\u00e4myst\u00e4 kev\u00e4\u00e4st\u00e4 asti"},"content":{"rendered":"<p class=\"ingress\">Laulaja Olli Halonen saunoo t\u00e4n\u00e4 jouluna ensimm\u00e4isen kerran omassa savusaunassaan. Uudelle vuodelle pienten kaksosten is\u00e4 toivoo tavallista perhe-el\u00e4m\u00e4\u00e4.<\/p>\n<p>Uransa ensimm\u00e4isen joululevyn juuri julkaissut laulaja <strong>OIli Halonen <\/strong>on tehnyt t\u00e4n\u00e4 vuonna ensimm\u00e4isen joulukirkkokiertueensa.<\/p>\n<p>\u201dKirkossa on ment\u00e4v\u00e4 laulu edell\u00e4 ja kaikki ylim\u00e4\u00e4r\u00e4inen show-elementti on riisuttu pois. On uudenlainen haaste menn\u00e4 ihan \u2019Loirina\u2019 sinne ihmisten eteen. Kyll\u00e4 se j\u00e4nnitt\u00e4\u00e4, mutta samalla se on ihanaa, kun p\u00e4\u00e4sen haastamaan itse\u00e4ni laulajana. Ihmiset tulevat kirkkoon rauhoittumaan ja hiljentym\u00e4\u00e4n\u201d, Olli kertoi Kummien JouluMielelle-hyv\u00e4ntekev\u00e4isyyskonsertin pressitilaisuudessa Kulttuuritalo Martinuksessa Vantaalla.<\/p>\n<p>Ollilla on luvassa perhejoulu. H\u00e4nell\u00e4 on puolisonsa kanssa viime vuonna syntyneet kaksoset.<\/p>\n<p>\u201dTosi perinteisiss\u00e4 tunnelmissa menn\u00e4\u00e4n. Jouluaatosta odotan ehk\u00e4 eniten sit\u00e4, ett\u00e4 p\u00e4\u00e4sen ensimm\u00e4ist\u00e4 kertaa jouluna savusaunaan, kun meille valmistui kev\u00e4\u00e4ll\u00e4 savusauna m\u00f6kille. Haaveilin joulusaunasta jo silloin, kun saunaa alettiin rakentaa.\u201d<\/p>\n<p><strong>Lue my\u00f6s<\/strong>: <a href=\"https:\/\/anna.fi\/ihmiset\/laulaja-olli-halonen-ei-aiemmin-halunnut-lapsia-nyt-perheessa-on-pienet-kaksoset\" rel=\"nofollow noopener\" target=\"_blank\">Laulaja Olli Halonen ei aiemmin halunnut lapsia \u2013 nyt perheess\u00e4 on pienet kaksoset<\/a><\/p>\n<p>Ukki laulatti koko sukua<\/p>\n<p>Olli Halosen rakkaimpiin lapsuuden joulumuistoihin liittyy vahvasti h\u00e4nen ukkinsa, joka osasi luoda tunnelmaa.<\/p>\n<p>\u201dUkkini veti aina sellaista suvun joulua. H\u00e4n oli showmies, joka soitti mandoliinia, oli esilaulajana ja laulatti koko sukua. Nyt ne isot saappaat ovat siirtyneet eteenp\u00e4in. En ihan viel\u00e4 niit\u00e4 t\u00e4yt\u00e4, ehk\u00e4 joku p\u00e4iv\u00e4 sitten. Mandoliinia en osaa soittaa, mutta se esilaulaja nyky\u00e4\u00e4n olen. Kitaran kanssa\u201d, Olli kertoi ja hymyili.<\/p>\n<p><strong>Lue my\u00f6s Kotiliesi.fi:<\/strong> <a href=\"https:\/\/kotiliesi.fi\/ihmiset\/tero-vesterinen\/\" target=\"_blank\" rel=\"noreferrer noopener nofollow\">Muusikko Tero Vesterinen ihastui tulevaan vaimoonsa jo teinin\u00e4: \u201dEn ollut koskaan n\u00e4hnyt niin kaunista ja luokseen vet\u00e4v\u00e4\u00e4 tyyppi\u00e4\u201d<\/a><\/p>\n<p>Vuodenvaihteen j\u00e4lkeen tammikuussa Olli viett\u00e4\u00e4 hieman lomaa, mutta sitten jatkuvat taas keikat. Uusi albumikin on tulossa todenn\u00e4k\u00f6isesti kev\u00e4\u00e4n aikana. <\/p>\n<p>Vauhdikkaiden vuosien j\u00e4lkeen Olli toivoo tulevalta vuodelta aiempaa tavallisempaa menoa.<\/p>\n<p>\u201dT\u00e4ss\u00e4 on ollut kaksi aika hektist\u00e4 vuotta monellakin tapaa, joten toivon oikeastaan vain sellaista normaaliutta: keikkoja, musiikkia ja el\u00e4m\u00e4\u00e4 perheen kanssa. Se olisi ihana vuosi 2026.\u201d<\/p>\n<p>    Sinua voi kiinnostaa my\u00f6s:<\/p>\n<ol class=\"read-also__list\">\n<li>\n<p>            <img loading=\"lazy\" decoding=\"async\" class=\"card__image awpo-lqip awpo-lazy\" width=\"2000\" height=\"1500\" src=\"https:\/\/www.europesays.com\/fi\/wp-content\/uploads\/2025\/12\/dscf9453.jpg\"\/>                <a href=\"https:\/\/anna.fi\/kategoria\/ihmiset\" class=\"card__vignette\" rel=\"nofollow noopener\" target=\"_blank\"><br \/>\n            Ihmiset          <\/a><\/p>\n<p>      <a href=\"https:\/\/anna.fi\/ihmiset\/laulaja-olli-halonen-ei-aiemmin-halunnut-lapsia-nyt-perheessa-on-pienet-kaksoset\" class=\"card__link-overlay\" rel=\"nofollow noopener\" target=\"_blank\">Laulaja Olli Halonen ei aiemmin halunnut lapsia  \u2013 nyt perheess\u00e4 on pienet kaksoset<\/a><\/p>\n<\/li>\n<li>\n<p>            <img loading=\"lazy\" decoding=\"async\" class=\"card__image awpo-lqip awpo-lazy\" width=\"2560\" height=\"1600\" src=\"https:\/\/www.europesays.com\/fi\/wp-content\/uploads\/2025\/12\/ollihalonen.jpg\"\/>                <a href=\"https:\/\/anna.fi\/kategoria\/ihmiset\" class=\"card__vignette\" rel=\"nofollow noopener\" target=\"_blank\"><br \/>\n            Ihmiset          <\/a><\/p>\n<p>      <a href=\"https:\/\/anna.fi\/ihmiset\/olli-halosen-haat\" class=\"card__link-overlay\" rel=\"nofollow noopener\" target=\"_blank\">Olli Halonen ja Pia-morsian upeissa h\u00e4\u00e4kuvissa \u2013 morsiuspuvussa yksityiskohta, joka henkii kuninkaallista tunnelmaa<\/a><\/p>\n<\/li>\n<li>\n<p>            <img loading=\"lazy\" decoding=\"async\" class=\"card__image awpo-lqip awpo-lazy\" width=\"2000\" height=\"1625\" src=\"https:\/\/www.europesays.com\/fi\/wp-content\/uploads\/2025\/12\/anna_diandra28713_kansi.jpg\"\/>                <a href=\"https:\/\/anna.fi\/kategoria\/ihmiset\" class=\"card__vignette\" rel=\"nofollow noopener\" target=\"_blank\"><br \/>\n            Ihmiset          <\/a><\/p>\n<p>      <a href=\"https:\/\/anna.fi\/ihmiset\/diandra-elaa-unelmaansa\" class=\"card__link-overlay\" rel=\"nofollow noopener\" target=\"_blank\">Laulaja Diandra el\u00e4\u00e4 unelmaansa: \u201dEn ole varma, onko oman perheen perustaminen minun juttuni\u201d<\/a><\/p>\n<\/li>\n<\/ol>\n","protected":false},"excerpt":{"rendered":"Laulaja Olli Halonen saunoo t\u00e4n\u00e4 jouluna ensimm\u00e4isen kerran omassa savusaunassaan. Uudelle vuodelle pienten kaksosten is\u00e4 toivoo tavallista perhe-el\u00e4m\u00e4\u00e4.&hellip;\n","protected":false},"author":2,"featured_media":120994,"comment_status":"","ping_status":"","sticky":false,"template":"","format":"standard","meta":{"footnotes":""},"categories":[136],"tags":[407,137,33,31,30,408,7666,1723,2311,32,18578,109],"class_list":{"0":"post-120993","1":"post","2":"type-post","3":"status-publish","4":"format-standard","5":"has-post-thumbnail","7":"category-julkkikset","8":"tag-celebrities","9":"tag-entertainment","10":"tag-fi","11":"tag-finland","12":"tag-finnish","13":"tag-julkkikset","14":"tag-olli-halonen","15":"tag-suku","16":"tag-suomalaiset-laulajat","17":"tag-suomi","18":"tag-unelmien-joulu","19":"tag-viihde"},"share_on_mastodon":{"url":"https:\/\/pubeurope.com\/@fi\/115748811935207012","error":""},"_links":{"self":[{"href":"https:\/\/www.europesays.com\/fi\/wp-json\/wp\/v2\/posts\/120993","targetHints":{"allow":["GET"]}}],"collection":[{"href":"https:\/\/www.europesays.com\/fi\/wp-json\/wp\/v2\/posts"}],"about":[{"href":"https:\/\/www.europesays.com\/fi\/wp-json\/wp\/v2\/types\/post"}],"author":[{"embeddable":true,"href":"https:\/\/www.europesays.com\/fi\/wp-json\/wp\/v2\/users\/2"}],"replies":[{"embeddable":true,"href":"https:\/\/www.europesays.com\/fi\/wp-json\/wp\/v2\/comments?post=120993"}],"version-history":[{"count":0,"href":"https:\/\/www.europesays.com\/fi\/wp-json\/wp\/v2\/posts\/120993\/revisions"}],"wp:featuredmedia":[{"embeddable":true,"href":"https:\/\/www.europesays.com\/fi\/wp-json\/wp\/v2\/media\/120994"}],"wp:attachment":[{"href":"https:\/\/www.europesays.com\/fi\/wp-json\/wp\/v2\/media?parent=120993"}],"wp:term":[{"taxonomy":"category","embeddable":true,"href":"https:\/\/www.europesays.com\/fi\/wp-json\/wp\/v2\/categories?post=120993"},{"taxonomy":"post_tag","embeddable":true,"href":"https:\/\/www.europesays.com\/fi\/wp-json\/wp\/v2\/tags?post=120993"}],"curies":[{"name":"wp","href":"https:\/\/api.w.org\/{rel}","templated":true}]}}