{"id":120997,"date":"2025-12-19T23:31:15","date_gmt":"2025-12-19T23:31:15","guid":{"rendered":"https:\/\/www.europesays.com\/fi\/120997\/"},"modified":"2025-12-19T23:31:15","modified_gmt":"2025-12-19T23:31:15","slug":"rosanna-kulju-esittelee-perhettaan-seiska","status":"publish","type":"post","link":"https:\/\/www.europesays.com\/fi\/120997\/","title":{"rendered":"Rosanna Kulju esittelee perhett\u00e4\u00e4n | Seiska"},"content":{"rendered":"<p>\n            20250402, Helsinki. Suuri Seikkailu 2025 pressi. Kuvassa Rosanna Kulju.<br \/>\n            Timo Korhonen\n        <\/p>\n<p class=\"subtitle \">Rosanna ylist\u00e4\u00e4 arkeaan ja puolisoaan.<\/p>\n<p class=\"article-content article-content-width !bg-background\">Oulussa asustava yritt\u00e4j\u00e4  ei onneaan turhaan peittele. Mediapersoonanakin tunnettu julkkiskaunotar julkaisi perjantaina (19.12.) <a href=\"https:\/\/www.instagram.com\/rosannakulju\/\" aria-label=\"Rosanna Kuljun instagram\" target=\"_blank\" rel=\"nofollow noopener\">Instagram<\/a>-p\u00e4ivityksen, joka suorastaan huokuu rakkautta.<\/p>\n<p class=\"article-content article-content-width !bg-background\">Vuosia yht\u00e4 pit\u00e4neelle pariskunnalle syntyy kev\u00e4\u00e4ll\u00e4 ensimm\u00e4inen yhteinen lapsi. P\u00e4ivityksess\u00e4\u00e4n Rosanna ylist\u00e4\u00e4kin paitsi rakastaan, my\u00f6s muuta perhett\u00e4\u00e4n, johon kuuluu muun muassa h\u00e4nen puolisonsa lapset aiemmasta suhteesta.<\/p>\n<p>        <a itemprop=\"url\" href=\"https:\/\/www.seiska.fi\/kotimaa\/rosanna-kulju-vauva-tulossa\/1965227\" rel=\"nofollow noopener\" target=\"_blank\"><\/p>\n<p>\nRosanna Kulju:\n<\/p>\n<p class=\"section-date\">\n        <strong class=\"article-section\" data-section=\"kotimaa\"><br \/>\n            kotimaa<br \/>\n        <\/strong><br \/>\n        17.10. 06:53\n    <\/p>\n<p>Rosanna Kulju: Vauva tulossa!\n    <\/p>\n<p itemprop=\"description\" class=\"subtitle \">\n    Rosanna kertoo perheenlis\u00e4yksest\u00e4 somep\u00e4ivityksens\u00e4 yhteydess\u00e4. Ilouutisen taustalla on kuitenkin surua ja pelkoa.\n<\/p>\n<p>        <\/a><\/p>\n<p>Min\u00e4 ja h\u00e4n<\/p>\n<p class=\"article-content article-content-width !bg-background\">Julkaisun kuvarullan kansikuvana n\u00e4hd\u00e4\u00e4n takaa p\u00e4in otettu kuva Rosannasta ja h\u00e4nen puolisostaan. Kuvan p\u00e4\u00e4lle Rosanna on kirjoittanut tekstin &#8221;Meid\u00e4n perheeseen kuuluu:&#8221; sek\u00e4 &#8221;min\u00e4&#8221; ja &#8221;h\u00e4n.&#8221;<\/p>\n<p class=\"article-content article-content-width !bg-background\">Seuraavassa kuvassa Rosanna esittelee perheen muita j\u00e4seni\u00e4.\u00a0<\/p>\n<p>        <a itemprop=\"url\" href=\"https:\/\/www.seiska.fi\/kotimaa\/tassa-on-rosanna-kuljun-mysteerikomistus-kuvat\/1698315\" rel=\"nofollow noopener\" target=\"_blank\"><\/p>\n<p>\nKuvat!\n<\/p>\n<p class=\"section-date\">\n        <strong class=\"article-section\" data-section=\"kotimaa\"><br \/>\n            kotimaa<br \/>\n        <\/strong><br \/>\n        12.5. 16:00\n    <\/p>\n<p>T\u00e4ss\u00e4 on Rosanna Kuljun mysteerikomistus \u2013 kuvat!\n    <\/p>\n<p itemprop=\"description\" class=\"subtitle \">\n    Kotisivuillaan Miss Helsinki vuosimallia 2015 kertoo olevansa \u201dpositiivista energiaa ymp\u00e4rille levitt\u00e4v\u00e4 mimmi, joka rakastaa h\u00f6p\u00f6tt\u00e4\u00e4\u201d.\n<\/p>\n<p>        <\/a><\/p>\n<p class=\"article-content article-content-width !bg-background\">Kev\u00e4\u00e4ll\u00e4 \u00e4idiksi tuleva Rosanna paljastaa my\u00f6s palasen perheen arjesta: perheen koti t\u00e4ytyy h\u00e4nen puolisonsa lapsista joka toinen viikko.<\/p>\n<p class=\"article-content article-content-width !bg-background\">\u2013 Oon monta kertaa miettinyt t\u00e4ss\u00e4 vuosien varrella, ett\u00e4 miten paljon sit\u00e4 voikaan rakastaa toisen lapsia n\u00e4iden ja kummilasten kohdalla, Rosanna kirjoittaa er\u00e4\u00e4n julkaisun kuvan yhteyteen ja jatkaa kertomalla tunteneensa puolisonsa lapset kuuden vuoden ajan, ja pyrkineens\u00e4 rakentamaan luottamusta ja sidett\u00e4 hiljakseen.<\/p>\n<p class=\"article-content article-content-width !bg-background\">H\u00e4n my\u00f6s kehuu puolisonsa lasten \u00e4iti\u00e4, ja kertoo, ettei ole pyrkinyt olemaan perheen lapsille \u00e4iti \u2013 heill\u00e4 kun on jo hyv\u00e4 sellainen.<\/p>\n<p class=\"article-content article-content-width !bg-background\">Yhdess\u00e4 otoksessa Rosanna poseeraa armeijan vihreiss\u00e4 seisovan henkil\u00f6n vieress\u00e4.<\/p>\n<p class=\"article-content article-content-width !bg-background\">\u2013 On meill\u00e4 t\u00e4llainen isompikin poitsu, joka asuu jo omillaan, Rosanna kirjoittaa kuvan p\u00e4\u00e4lle.<\/p>\n<p>Ihanaa arkea<\/p>\n<p class=\"article-content article-content-width !bg-background\">Rosanna suitsuttaa p\u00e4ivityksess\u00e4\u00e4n my\u00f6s perheen arkea. Vaikka jokainen p\u00e4iv\u00e4 ei ole juhlaa, mutta arjesta selvi\u00e4\u00e4, kun vain tahtotila on oikea, h\u00e4n kirjoittaa.<\/p>\n<p class=\"article-content article-content-width !bg-background\">Perheen arkeen kuuluu kuitenkin my\u00f6s erityisi\u00e4 hetki\u00e4: spesiaalina muistona Rosanna mainitsee jenkkiartisti  keikan, ja er\u00e4\u00e4ss\u00e4 kuvassa on ikuistettuna ostosk\u00e4rry herkkuja kukkurallaan.<\/p>\n<p>                <img decoding=\"async\" src=\"https:\/\/www.europesays.com\/fi\/wp-content\/uploads\/2025\/12\/1802132.webp\" width=\"576\" height=\"720\" title=\"Rosanna voitti Miss Helsinki -kilpailun vuonna 2015.\" alt=\"Rosanna poseeraa kameralle Miss Helsinki -kruunu p\u00e4\u00e4s\u00e4\u00e4n k\u00e4siss\u00e4\u00e4n pokaali, kukkakimppu ja palkintokassi.\" loading=\"lazy\" \/>            <\/p>\n<p>\n            Rosanna voitti Miss Helsinki -kilpailun vuonna 2015.<br \/>\n            Mika Pollari\n        <\/p>\n<p class=\"article-content article-content-width !bg-background\">\u2013 Meid\u00e4n arki on parasta. Spessuhetket on my\u00f6s parasta. T\u00e4m\u00e4 mun pieni perhe saa mut tuntemaan oloni rakastetuksi joka p\u00e4iv\u00e4, Rosanna summaa.<\/p>\n<p class=\"article-content article-content-width !bg-background\">Lopuksi h\u00e4n ylist\u00e4\u00e4 puolisoaan.<\/p>\n<p>        <a itemprop=\"url\" href=\"https:\/\/www.seiska.fi\/kotimaa\/tassa-on-rosanna-kuljun-mysteerikomistus-kuvat\/1698315\" rel=\"nofollow noopener\" target=\"_blank\"><\/p>\n<p>\nKuvat!\n<\/p>\n<p class=\"section-date\">\n        <strong class=\"article-section\" data-section=\"kotimaa\"><br \/>\n            kotimaa<br \/>\n        <\/strong><br \/>\n        12.5. 16:00\n    <\/p>\n<p>T\u00e4ss\u00e4 on Rosanna Kuljun mysteerikomistus \u2013 kuvat!\n    <\/p>\n<p itemprop=\"description\" class=\"subtitle \">\n    Kotisivuillaan Miss Helsinki vuosimallia 2015 kertoo olevansa \u201dpositiivista energiaa ymp\u00e4rille levitt\u00e4v\u00e4 mimmi, joka rakastaa h\u00f6p\u00f6tt\u00e4\u00e4\u201d.\n<\/p>\n<p>        <\/a><\/p>\n<p class=\"article-content article-content-width !bg-background\">\u2013 Meid\u00e4n poika saa h\u00e4nest\u00e4 maailman parhaan is\u00e4n. Empaattisen, hauskan, kiltin ja oikeudenmukaisen is\u00e4n. Olen niin loputtoman kiitollinen el\u00e4m\u00e4lle t\u00e4st\u00e4 kaikesta.<\/p>\n<p><script async src=\"\/\/www.instagram.com\/embed.js\"><\/script><\/p>\n","protected":false},"excerpt":{"rendered":"20250402, Helsinki. Suuri Seikkailu 2025 pressi. Kuvassa Rosanna Kulju. Timo Korhonen Rosanna ylist\u00e4\u00e4 arkeaan ja puolisoaan. Oulussa asustava&hellip;\n","protected":false},"author":2,"featured_media":120998,"comment_status":"","ping_status":"","sticky":false,"template":"","format":"standard","meta":{"footnotes":""},"categories":[130],"tags":[21791,137,33,31,30,952,98,6303,32,109],"class_list":{"0":"post-120997","1":"post","2":"type-post","3":"status-publish","4":"format-standard","5":"has-post-thumbnail","7":"category-viihde","8":"tag-billie-eilish","9":"tag-entertainment","10":"tag-fi","11":"tag-finland","12":"tag-finnish","13":"tag-oulu","14":"tag-perhe","15":"tag-rosanna-kulju","16":"tag-suomi","17":"tag-viihde"},"share_on_mastodon":{"url":"https:\/\/pubeurope.com\/@fi\/115748843440362026","error":""},"_links":{"self":[{"href":"https:\/\/www.europesays.com\/fi\/wp-json\/wp\/v2\/posts\/120997","targetHints":{"allow":["GET"]}}],"collection":[{"href":"https:\/\/www.europesays.com\/fi\/wp-json\/wp\/v2\/posts"}],"about":[{"href":"https:\/\/www.europesays.com\/fi\/wp-json\/wp\/v2\/types\/post"}],"author":[{"embeddable":true,"href":"https:\/\/www.europesays.com\/fi\/wp-json\/wp\/v2\/users\/2"}],"replies":[{"embeddable":true,"href":"https:\/\/www.europesays.com\/fi\/wp-json\/wp\/v2\/comments?post=120997"}],"version-history":[{"count":0,"href":"https:\/\/www.europesays.com\/fi\/wp-json\/wp\/v2\/posts\/120997\/revisions"}],"wp:featuredmedia":[{"embeddable":true,"href":"https:\/\/www.europesays.com\/fi\/wp-json\/wp\/v2\/media\/120998"}],"wp:attachment":[{"href":"https:\/\/www.europesays.com\/fi\/wp-json\/wp\/v2\/media?parent=120997"}],"wp:term":[{"taxonomy":"category","embeddable":true,"href":"https:\/\/www.europesays.com\/fi\/wp-json\/wp\/v2\/categories?post=120997"},{"taxonomy":"post_tag","embeddable":true,"href":"https:\/\/www.europesays.com\/fi\/wp-json\/wp\/v2\/tags?post=120997"}],"curies":[{"name":"wp","href":"https:\/\/api.w.org\/{rel}","templated":true}]}}