{"id":120999,"date":"2025-12-19T23:34:09","date_gmt":"2025-12-19T23:34:09","guid":{"rendered":"https:\/\/www.europesays.com\/fi\/120999\/"},"modified":"2025-12-19T23:34:09","modified_gmt":"2025-12-19T23:34:09","slug":"finnair-aloittaa-lennot-uudelle-mantereelle","status":"publish","type":"post","link":"https:\/\/www.europesays.com\/fi\/120999\/","title":{"rendered":"Finnair aloittaa lennot uudelle mantereelle"},"content":{"rendered":"<p>Finnair avaa syksyll\u00e4 2026 reitin Australian Melbourneen.<\/p>\n<p><img decoding=\"async\" class=\"image image-show image-preview\" src=\"https:\/\/www.europesays.com\/fi\/wp-content\/uploads\/2025\/12\/b323b72b45cf013b2f2bcfcd9d4ad57bf9d608b90098571fa3d30621e1f365b9.jpg\" alt=\"\"\/><img decoding=\"async\" class=\"image image-show\" src=\"https:\/\/www.europesays.com\/fi\/wp-content\/uploads\/2025\/12\/1766187249_954_b323b72b45cf013b2f2bcfcd9d4ad57bf9d608b90098571fa3d30621e1f365b9.jpg\" alt=\"\"\/><\/p>\n<p>Finnairin kyydiss\u00e4 p\u00e4\u00e4see pian Australiaan. Petteri Paalasmaa<\/p>\n<p class=\"paragraph\">Finnair aloittaa ensi syksyn\u00e4 lennot Australian Melbourneen, lentoyhti\u00f6 tiedottaa.<\/p>\n<p class=\"paragraph\">Lentoja lennet\u00e4\u00e4n p\u00e4ivitt\u00e4in Melbourneen Bangkokin kautta Airbus A350-koneella. Reitti avataan 25.10.2026 edellytt\u00e4en, ett\u00e4 tarvittavat viranomaisluvat on saatu.<\/p>\n<p class=\"paragraph\">Finnairin mukaan lento l\u00e4htee Helsingist\u00e4 heti keskiy\u00f6n j\u00e4lkeen, saapuu Bangkokiin iltap\u00e4iv\u00e4ll\u00e4 ja jatkaa lyhyen pys\u00e4hdyksen j\u00e4lkeen matkaa Melbourneen, jonne se saapuu seuraavana aamuna.<\/p>\n<p class=\"paragraph\">Paluulennot l\u00e4htev\u00e4t Melbournesta iltap\u00e4iv\u00e4ll\u00e4, pys\u00e4htyv\u00e4t Bangkokissa illalla ja laskeutuvat Helsinkiin aikaisin seuraavana aamuna.<\/p>\n<p class=\"paragraph\">Miljoonakaupunki Melbourne on suosittu lomakohde, joka tunnetaan muun muassa kulttuuristaan. Finnair uskoo, ett\u00e4 uusi reitti houkuttelee Australiaan suuntaavia eurooppalaisia matkailijoita sek\u00e4 australialaisia, jotka haluavat matkustaa eri puolille Eurooppaa.<\/p>\n","protected":false},"excerpt":{"rendered":"Finnair avaa syksyll\u00e4 2026 reitin Australian Melbourneen. Finnairin kyydiss\u00e4 p\u00e4\u00e4see pian Australiaan. Petteri Paalasmaa Finnair aloittaa ensi syksyn\u00e4&hellip;\n","protected":false},"author":2,"featured_media":121000,"comment_status":"","ping_status":"","sticky":false,"template":"","format":"standard","meta":{"footnotes":""},"categories":[76],"tags":[35,79,77,2110,33,31,30,2910,121,923,32,78,822],"class_list":{"0":"post-120999","1":"post","2":"type-post","3":"status-publish","4":"format-standard","5":"has-post-thumbnail","7":"category-talous","8":"tag-24h","9":"tag-business","10":"tag-economy","11":"tag-elamantapa-ja-vapaa-aika","12":"tag-fi","13":"tag-finland","14":"tag-finnish","15":"tag-lentoliikenne-ilmaliikenne","16":"tag-liikenne-ja-kuljetus","17":"tag-matkustaminen","18":"tag-suomi","19":"tag-talous","20":"tag-teollisuustuotteet-ja-palvelut-sektori"},"share_on_mastodon":{"url":"https:\/\/pubeurope.com\/@fi\/115748855814571917","error":""},"_links":{"self":[{"href":"https:\/\/www.europesays.com\/fi\/wp-json\/wp\/v2\/posts\/120999","targetHints":{"allow":["GET"]}}],"collection":[{"href":"https:\/\/www.europesays.com\/fi\/wp-json\/wp\/v2\/posts"}],"about":[{"href":"https:\/\/www.europesays.com\/fi\/wp-json\/wp\/v2\/types\/post"}],"author":[{"embeddable":true,"href":"https:\/\/www.europesays.com\/fi\/wp-json\/wp\/v2\/users\/2"}],"replies":[{"embeddable":true,"href":"https:\/\/www.europesays.com\/fi\/wp-json\/wp\/v2\/comments?post=120999"}],"version-history":[{"count":0,"href":"https:\/\/www.europesays.com\/fi\/wp-json\/wp\/v2\/posts\/120999\/revisions"}],"wp:featuredmedia":[{"embeddable":true,"href":"https:\/\/www.europesays.com\/fi\/wp-json\/wp\/v2\/media\/121000"}],"wp:attachment":[{"href":"https:\/\/www.europesays.com\/fi\/wp-json\/wp\/v2\/media?parent=120999"}],"wp:term":[{"taxonomy":"category","embeddable":true,"href":"https:\/\/www.europesays.com\/fi\/wp-json\/wp\/v2\/categories?post=120999"},{"taxonomy":"post_tag","embeddable":true,"href":"https:\/\/www.europesays.com\/fi\/wp-json\/wp\/v2\/tags?post=120999"}],"curies":[{"name":"wp","href":"https:\/\/api.w.org\/{rel}","templated":true}]}}