{"id":121001,"date":"2025-12-19T23:35:14","date_gmt":"2025-12-19T23:35:14","guid":{"rendered":"https:\/\/www.europesays.com\/fi\/121001\/"},"modified":"2025-12-19T23:35:14","modified_gmt":"2025-12-19T23:35:14","slug":"usassa-valmistaudutaan-oikeusriitaan-tanaan-julkaistavien-satojentuhansien-epstein-dokumenttien-tiimoilta","status":"publish","type":"post","link":"https:\/\/www.europesays.com\/fi\/121001\/","title":{"rendered":"USA:ssa valmistaudutaan oikeusriitaan t\u00e4n\u00e4\u00e4n julkaistavien satojentuhansien Epstein-dokumenttien tiimoilta"},"content":{"rendered":"<p>Yhdysvallat|Demokraatit ovat valmiita riitauttamaan sen, ettei Donald Trumpin hallinto ole viel\u00e4k\u00e4\u00e4n valmis julkaisemaan kaikkia Jeffrey Epsteiniin liittyvi\u00e4 asiakirjoja.<\/p>\n<p>19.12. 22:43 | P\u00e4ivitetty 1:09<\/p>\n<p class=\"article-body mb-nof-24 px-nof-16\">Yhdysvaltain oikeusministeri\u00f6 alkoi julkaista paikallista aikaa perjantaina edesmenneeseen seksuaalirikolliseen <a class=\"article-personlink\" href=\"https:\/\/www.hs.fi\/haku\/?query=Jeffrey%20Epsteiniin\" rel=\"nofollow noopener\" target=\"_blank\">Jeffrey Epsteiniin<\/a> liittyvi\u00e4 asiakirjoja, kertoo uutistoimisto AFP. Julkistuksia odotetaan suurella mielenkiinnolla, mutta my\u00f6s riitaisissa tunnelmissa.<\/p>\n<p class=\"article-body mb-nof-24 px-nof-16\">Apulaisoikeusministeri <a class=\"article-personlink\" href=\"https:\/\/www.hs.fi\/haku\/?query=Todd%20Blanche\" rel=\"nofollow noopener\" target=\"_blank\">Todd Blanche<\/a> kirjoittaa kongressille l\u00e4hett\u00e4m\u00e4ss\u00e4\u00e4n kirjeess\u00e4, ett\u00e4 aineistosta on l\u00f6ytynyt yli 1\u202f200 uhrin tai heid\u00e4n l\u00e4hiomaisensa nimi. Kongressille l\u00e4hetetyn kirjeen on n\u00e4hnyt <a class=\"article-genericlink\" href=\"https:\/\/www.foxnews.com\/politics\/epstein-files-explode-open-doj-details-discovery-powerful-figures-more-than-1200-victims\" rel=\"nofollow noopener\" target=\"_blank\">Fox News<\/a>.<\/p>\n<p class=\"article-body mb-nof-24 px-nof-16\">Perjantaina julkaistuissa kuvissa n\u00e4kyy Yhdysvaltain entinen presidentti <a class=\"article-personlink\" href=\"https:\/\/www.hs.fi\/haku\/?query=Bill%20Clinton\" rel=\"nofollow noopener\" target=\"_blank\">Bill Clinton<\/a>.<\/p>\n<p class=\"article-body mb-nof-24 px-nof-16\">Oikeusministeri\u00f6 on peitt\u00e4nyt joitain osia kuvista mustin laatikoin. Niiden julkaisun yhteydess\u00e4 ei ole tarkennettu, miss\u00e4 kuvat on otettu.<\/p>\n<p><img decoding=\"async\" src=\"https:\/\/www.europesays.com\/fi\/wp-content\/uploads\/2025\/12\/1766187312_197_468.jpg\" alt=\"Entinen presidentti Bill Clinton uima-altaassa oletettavasti Ghislaine Maxwellin kanssa. Kolmannen henkil\u00f6n kasvot on peitetty. Clinton on kuvattu useita kertoja yhdess\u00e4 Epsteinin kanssa 1990-luvulla ja 2000-luvun alussa. Clintonia ei ole miss\u00e4\u00e4n vaiheessa syytetty mist\u00e4\u00e4n rikoksista tai v\u00e4\u00e4rink\u00e4yt\u00f6ksist\u00e4 ja Clinton on kielt\u00e4nyt tiet\u00e4neens\u00e4 tuolloin mit\u00e4\u00e4n Epsteinin seksuaalirikoksista.\" class=\"_Img_1rerz_1\" style=\"aspect-ratio:1.292929292929293\" loading=\"eager\"\/><\/p>\n<p class=\"article-picture-caption\">Entinen presidentti Bill Clinton uima-altaassa oletettavasti Ghislaine Maxwellin kanssa. Kolmannen henkil\u00f6n kasvot on peitetty. Clinton on kuvattu useita kertoja yhdess\u00e4 Epsteinin kanssa 1990-luvulla ja 2000-luvun alussa. Clintonia ei ole miss\u00e4\u00e4n vaiheessa syytetty mist\u00e4\u00e4n rikoksista tai v\u00e4\u00e4rink\u00e4yt\u00f6ksist\u00e4 ja Clinton on kielt\u00e4nyt tiet\u00e4neens\u00e4 tuolloin mit\u00e4\u00e4n Epsteinin seksuaalirikoksista. Kuva:\u00a0U.S. Justice Department<\/p>\n<p><img decoding=\"async\" src=\"https:\/\/www.europesays.com\/fi\/wp-content\/uploads\/2025\/12\/1766187313_518_468.jpg\" alt=\"Bill Clinton altaassa henkil\u00f6n kanssa, jonka kasvot on peitetty.\" class=\"_Img_1rerz_1\" style=\"aspect-ratio:1.352112676056338\" loading=\"eager\"\/><\/p>\n<p class=\"article-picture-caption\">Bill Clinton altaassa henkil\u00f6n kanssa, jonka kasvot on peitetty. Kuva:\u00a0U.S. Justice Department<\/p>\n<p><img decoding=\"async\" src=\"https:\/\/www.europesays.com\/fi\/wp-content\/uploads\/2025\/12\/1766187313_21_468.jpg\" alt=\"Kuvassa Jeffrey Epstein vaikuttaa pit\u00e4v\u00e4n k\u00e4dess\u00e4\u00e4n shekki\u00e4, jossa on Yhdysvaltain presidentin Donald Trumpin nimi.\" class=\"_Img_1rerz_1\" style=\"aspect-ratio:0.7489583333333333\" loading=\"eager\"\/><\/p>\n<p class=\"article-picture-caption\">Kuvassa Jeffrey Epstein vaikuttaa pit\u00e4v\u00e4n k\u00e4dess\u00e4\u00e4n shekki\u00e4, jossa on Yhdysvaltain presidentin Donald Trumpin nimi. Kuva:\u00a0U.S. Justice Department<\/p>\n<p class=\"article-body mb-nof-24 px-nof-16\">Epstein-dokumenttien julkistus perustuu marraskuussa laadittuun lakiin, joka syntyi <a class=\"article-genericlink\" href=\"https:\/\/www.hs.fi\/maailma\/art-2000011634747.html\" rel=\"nofollow noopener\" target=\"_blank\">poikkeuksellisen pihtisynnytyksen<\/a> tuloksena. Presidentti <a class=\"article-personlink\" href=\"https:\/\/www.hs.fi\/haku\/?query=Donald%20Trumpin\" rel=\"nofollow noopener\" target=\"_blank\">Donald Trumpin<\/a> hallinto yritti est\u00e4\u00e4 Epstein-papereiden julkistuksen, mutta kongressin demokraatit ja joukko kapinoivia republikaaneja pakottivat Trumpin n\u00f6yrtym\u00e4\u00e4n lains\u00e4\u00e4t\u00e4jien edess\u00e4.<\/p>\n<p class=\"article-body mb-nof-24 px-nof-16\">Perjantaina umpeutuu asiakirjojen julkistuslaissa mainittu m\u00e4\u00e4r\u00e4aika, mutta ep\u00e4selv\u00e4\u00e4 on, mik\u00e4 osuus asiakirjoista j\u00e4tet\u00e4\u00e4n viel\u00e4 julkaisematta. Apulaisoikeusministeri Blanche kertoi Fox-kanavalle, ett\u00e4 dokumentteja julkistetaan satojatuhansia jo perjantaina, mutta amerikkalaisten pit\u00e4\u00e4 odottaa viel\u00e4 parisen viikkoa muita asiakirjoja.<\/p>\n<p class=\"article-body mb-nof-24 px-nof-16\">\u201dMonet silm\u00e4t katselevat n\u00e4it\u00e4 [dokumentteja], ja haluamme varmistaa, ett\u00e4&#8230; suojelemme joka ikist\u00e4 uhria\u201d, h\u00e4n <a class=\"article-genericlink\" href=\"https:\/\/www.politico.com\/news\/2025\/12\/19\/epstein-documents-release-friday-deadline-00699935?utm_medium=twitter&amp;utm_source=dlvr.it\" rel=\"nofollow noopener\" target=\"_blank\">sanoi<\/a> Politico-uutissivuston mukaan.<\/p>\n<p class=\"article-body mb-nof-24 px-nof-16\">Blanchen mukaan my\u00f6hemmin julkaistaan mahdollisesti viel\u00e4 satojatuhansia sivuja lis\u00e4\u00e4 aineistoa.<\/p>\n<p class=\"article-body mb-nof-24 px-nof-16\">Demokraattipoliitikot ilmaisivat pettymyksens\u00e4 siihen, ettei kaikkea julkaista kerralla, kuten marraskuinen laki heid\u00e4n mukaansa edellytt\u00e4isi.<\/p>\n<p class=\"article-body mb-nof-24 px-nof-16\">\u201dDonald Trump ja oikeusministeri\u00f6 rikkovat parhaillaan liittovaltion lakia jatkaessaan Jeffrey Epsteinin vuosikymmeni\u00e4 kest\u00e4neen, miljardien dollarien arvoisen ja kansainv\u00e4lisen seksikaupparingin faktojen ja todisteiden peittely\u00e4\u201d, totesivat kongressin demokraattiedustajat <a class=\"article-personlink\" href=\"https:\/\/www.hs.fi\/haku\/?query=Robert%20Garcia\" rel=\"nofollow noopener\" target=\"_blank\">Robert Garcia<\/a> ja <a class=\"article-personlink\" href=\"https:\/\/www.hs.fi\/haku\/?query=Jamie%20Raskin\" rel=\"nofollow noopener\" target=\"_blank\">Jamie Raskin<\/a> <a class=\"article-genericlink\" href=\"https:\/\/oversightdemocrats.house.gov\/news\/press-releases\/joint-statement-ranking-members-robert-garcia-and-jamie-raskin-trump\" rel=\"nofollow noopener\" target=\"_blank\">yhteislausunnossaan<\/a>.<\/p>\n<p class=\"article-body mb-nof-24 px-nof-16\">Kaksikko lupasi tutkia \u201dkaikki oikeudelliset keinot t\u00e4m\u00e4n liittovaltion lain rikkomisen\u201d est\u00e4miseksi.<\/p>\n<p><img decoding=\"async\" src=\"https:\/\/www.europesays.com\/fi\/wp-content\/uploads\/2025\/12\/1766187314_672_468.jpg\" alt=\"Viime viikolla julkaistu Epstein-asiakirjojen valokuva, jossa Donald Trump jutteli belgialaismalli Ingrid Seynhaeven kanssa vuonna 1997. Trumpin vierell\u00e4 Jeffrey Epstein.\" class=\"_Img_1rerz_1\" style=\"aspect-ratio:1.4490566037735848\" loading=\"eager\"\/><\/p>\n<p class=\"article-picture-caption\">Viime viikolla julkaistu Epstein-asiakirjojen valokuva, jossa Donald Trump jutteli belgialaismalli Ingrid Seynhaeven kanssa vuonna 1997. Trumpin vierell\u00e4 Jeffrey Epstein. Kuva:\u00a0Epstein Estate\/House Oversight<\/p>\n<p class=\"article-body mb-nof-24 px-nof-16\">Yhdysvalloissa ep\u00e4ill\u00e4\u00e4n yleisesti, ett\u00e4 Trumpin hallinto pimitt\u00e4\u00e4 Epstein-aineistoja siksi, ett\u00e4 niiss\u00e4 on kiusallista aineistoa Trumpista. H\u00e4n oli takavuosina lukuisia alaik\u00e4isi\u00e4 tytt\u00f6j\u00e4 hyv\u00e4ksik\u00e4ytt\u00e4neen Epsteinin l\u00e4heinen kaveri.<\/p>\n<p class=\"article-body mb-nof-24 px-nof-16\">Trump on kiist\u00e4nyt, ett\u00e4 h\u00e4n olisi tehnyt mit\u00e4\u00e4n rikollista tai ett\u00e4 h\u00e4n olisi tiennyt Epsteinin rikoksista.<\/p>\n<p class=\"article-body mb-nof-24 px-nof-16\">My\u00f6s lukemattomat muut vaikutusvaltaiset ihmiset kuuluivat raharikkaan sijoittaja Epsteinin l\u00e4hipiiriin. Britannian prinssi<a class=\"article-personlink\" href=\"https:\/\/www.hs.fi\/haku\/?query=%20Andrew%E2%80%99lta\" rel=\"nofollow noopener\" target=\"_blank\"> Andrew\u2019lta<\/a> riistettiin prinssin titteli, kun <a class=\"article-genericlink\" href=\"https:\/\/www.hs.fi\/maailma\/art-2000011572725.html\" rel=\"nofollow noopener\" target=\"_blank\">julkisuuteen tuli syyt\u00f6ksi\u00e4<\/a>, joiden mukaan Andrew harjoitti seksi\u00e4 Epsteinin alaik\u00e4isen \u201dhierojan\u201d, k\u00e4yt\u00e4nn\u00f6ss\u00e4 seksiorjan kanssa.<\/p>\n<p class=\"article-body mb-nof-24 px-nof-16\">Viranomaiset ovat julkaisseet aiemmin jo kosolti Epsteiniin liittyv\u00e4\u00e4 materiaalia, joista osa on sis\u00e4lt\u00e4nyt kiusallista tietoa Trumpin ja Epsteinin kaveruussuhteesta, joka katkesi Trumpin mukaan 2000-luvun alussa. Mit\u00e4\u00e4n ilmiselv\u00e4\u00e4 rikollista tai muuten skandaalimaista ei ole noussut esiin.<\/p>\n<p class=\"article-body mb-nof-24 px-nof-16\">Helmikuussa oikeusministeri\u00f6 <a class=\"article-genericlink\" href=\"https:\/\/www.justice.gov\/opa\/pr\/attorney-general-pamela-bondi-releases-first-phase-declassified-epstein-files\" rel=\"nofollow noopener\" target=\"_blank\">julkaisi<\/a> satoja sivuja Epstein-materiaalia. Syyskuussa edustajainhuoneen valvontavaliokunta <a class=\"article-genericlink\" href=\"https:\/\/oversight.house.gov\/release\/oversight-committee-releases-epstein-records-provided-by-the-department-of-justice\/\" rel=\"nofollow noopener\" target=\"_blank\">julkisti<\/a> runsaan 33\u202f000 sivun verran Epstein-aineistoa lis\u00e4\u00e4 ja <a class=\"article-genericlink\" href=\"https:\/\/oversight.house.gov\/release\/oversight-committee-releases-additional-epstein-estate-documents\/\" rel=\"nofollow noopener\" target=\"_blank\">marraskuussa<\/a> yli 20\u202f000 sivua dokumentteja.<\/p>\n<p class=\"article-body mb-nof-24 px-nof-16\">Trumpin hallinto on pitk\u00e4\u00e4n perustellut asiakirjojen salaamista tarpeella suojella Epsteinin uhreja. Lis\u00e4ksi viranomaiset haluavat sanojensa mukaan varmistaa, ettei dokumenttien julkaisu sotke meneill\u00e4\u00e4n olevia tutkintoja.<\/p>\n<p class=\"article-body mb-nof-24 px-nof-16\">Marraskuussa Trump yll\u00e4tti vaatimuksella, jonka mukaan oikeusministeri\u00f6n tulee kohdistaa Epsteiniin liittyv\u00e4t tutkintansa esimerkiksi entiseen demokraattipresidenttiin <a class=\"article-personlink\" href=\"https:\/\/www.hs.fi\/haku\/?query=Bill%20Clintoniin\" rel=\"nofollow noopener\" target=\"_blank\">Bill Clintoniin<\/a> sek\u00e4 entiseen valtiovarainministeriin <a class=\"article-personlink\" href=\"https:\/\/www.hs.fi\/haku\/?query=Larry%20Summersiin\" rel=\"nofollow noopener\" target=\"_blank\">Larry Summersiin<\/a>, jotka olivat niin ik\u00e4\u00e4n Epsteinin kavereita.<\/p>\n<p class=\"article-body mb-nof-24 px-nof-16\">On ep\u00e4selv\u00e4\u00e4, voisiko oikeusministeri\u00f6 k\u00e4ytt\u00e4\u00e4 n\u00e4it\u00e4 tutkintoja joidenkin asiakirjojen salaamiseen.<\/p>\n<p class=\"article-body mb-nof-24 px-nof-16\">Epstein teki vuonna 2019 itsemurhan vankeudessa 66 vuoden i\u00e4ss\u00e4 ennen h\u00e4neen kohdistuneen p\u00e4\u00e4jutun oikeusk\u00e4sittely\u00e4.<\/p>\n<p class=\"article-body mb-nof-24 px-nof-16\">Epsteinin rikoskumppani <a class=\"article-personlink\" href=\"https:\/\/www.hs.fi\/haku\/?query=Ghislaine%20Maxwell\" rel=\"nofollow noopener\" target=\"_blank\">Ghislaine Maxwell<\/a> tuomittiin pari vuotta my\u00f6hemmin 20 vuoden vankeuteen seksuaalirikoksista ja ihmiskaupasta.<\/p>\n<p class=\"article-body mb-nof-24 px-nof-16\">Epsteinilla on arvioitu olleen jopa satoja uhreja, joista monet olivat tekojen aikana alaik\u00e4isi\u00e4.<\/p>\n","protected":false},"excerpt":{"rendered":"Yhdysvallat|Demokraatit ovat valmiita riitauttamaan sen, ettei Donald Trumpin hallinto ole viel\u00e4k\u00e4\u00e4n valmis julkaisemaan kaikkia Jeffrey Epsteiniin liittyvi\u00e4 asiakirjoja.&hellip;\n","protected":false},"author":2,"featured_media":121002,"comment_status":"","ping_status":"","sticky":false,"template":"","format":"standard","meta":{"footnotes":""},"categories":[14],"tags":[22,23,26,27,33,31,30,17,46,24,25,28,29,15,18,21,32,19,20,56,16,59,60,61],"class_list":{"0":"post-121001","1":"post","2":"type-post","3":"status-publish","4":"format-standard","5":"has-post-thumbnail","7":"category-ulkomaat","8":"tag-breaking-news","9":"tag-breakingnews","10":"tag-featured-news","11":"tag-featurednews","12":"tag-fi","13":"tag-finland","14":"tag-finnish","15":"tag-headlines","16":"tag-helsingin-sanomat","17":"tag-latest-news","18":"tag-latestnews","19":"tag-main-news","20":"tag-mainnews","21":"tag-news","22":"tag-otsikot","23":"tag-paauutiset","24":"tag-suomi","25":"tag-top-stories","26":"tag-topstories","27":"tag-ulkomaat","28":"tag-uutiset","29":"tag-world","30":"tag-world-news","31":"tag-worldnews"},"share_on_mastodon":{"url":"https:\/\/pubeurope.com\/@fi\/115748859323415237","error":""},"_links":{"self":[{"href":"https:\/\/www.europesays.com\/fi\/wp-json\/wp\/v2\/posts\/121001","targetHints":{"allow":["GET"]}}],"collection":[{"href":"https:\/\/www.europesays.com\/fi\/wp-json\/wp\/v2\/posts"}],"about":[{"href":"https:\/\/www.europesays.com\/fi\/wp-json\/wp\/v2\/types\/post"}],"author":[{"embeddable":true,"href":"https:\/\/www.europesays.com\/fi\/wp-json\/wp\/v2\/users\/2"}],"replies":[{"embeddable":true,"href":"https:\/\/www.europesays.com\/fi\/wp-json\/wp\/v2\/comments?post=121001"}],"version-history":[{"count":0,"href":"https:\/\/www.europesays.com\/fi\/wp-json\/wp\/v2\/posts\/121001\/revisions"}],"wp:featuredmedia":[{"embeddable":true,"href":"https:\/\/www.europesays.com\/fi\/wp-json\/wp\/v2\/media\/121002"}],"wp:attachment":[{"href":"https:\/\/www.europesays.com\/fi\/wp-json\/wp\/v2\/media?parent=121001"}],"wp:term":[{"taxonomy":"category","embeddable":true,"href":"https:\/\/www.europesays.com\/fi\/wp-json\/wp\/v2\/categories?post=121001"},{"taxonomy":"post_tag","embeddable":true,"href":"https:\/\/www.europesays.com\/fi\/wp-json\/wp\/v2\/tags?post=121001"}],"curies":[{"name":"wp","href":"https:\/\/api.w.org\/{rel}","templated":true}]}}