{"id":121003,"date":"2025-12-19T23:36:17","date_gmt":"2025-12-19T23:36:17","guid":{"rendered":"https:\/\/www.europesays.com\/fi\/121003\/"},"modified":"2025-12-19T23:36:17","modified_gmt":"2025-12-19T23:36:17","slug":"tampere-oli-lahjoittamassa-gazaan-50-000-euroa-sitten-perussuomalaiset-nousivat-vastarintaan-pirkanmaa","status":"publish","type":"post","link":"https:\/\/www.europesays.com\/fi\/121003\/","title":{"rendered":"Tampere oli lahjoittamassa Gazaan 50\u00a0000 euroa \u2013 sitten perus\u00adsuomalaiset nousivat vastarintaan | Pirkanmaa"},"content":{"rendered":"<p class=\"aw-1gybjub aw-5vja16 kEtdKx kmuxyA yle__article__paragraph\">Aiemmin my\u00f6s Helsinki ja Turku ovat p\u00e4\u00e4tt\u00e4neet avustaa Gazaa j\u00e4rjest\u00f6jen kautta. Kuntien avustukset ulkomaille ovat lis\u00e4\u00e4ntyneet Ukrainan sodan takia.<\/p>\n<p><img decoding=\"async\" alt=\"Kuvaan yhdistetty kaksi kuvaa. Ensimm\u00e4inen kuva lapsista Gazassa odottamassa ruoka-apua. Toisessa kuvassa Tampereen pormestari Ilmari Nurminen.\" src=\"https:\/\/www.europesays.com\/fi\/wp-content\/uploads\/2025\/12\/39-1572530694522c00a6ff.png\" class=\"aw-1l9m598 hKVVvP\"\/><\/p>\n<p>Avaa kuvien katselu<\/p>\n<p>Pormestari Ilmari Nurminen (sd.) p\u00e4\u00e4tti ottaa rahat Gazan lasten auttamiseen pormestarin varam\u00e4\u00e4r\u00e4rahoista. Kuva: AOP, Antti Eintola \/ Yle<\/p>\n<ul class=\"aw-1jjocuh iJTSwP yle__article__list yle__article__list--ul\">\n<li class=\"aw-1j7gwms gNYKfi\">Tampereen 50 000 euron avustus Gazaan on jumissa perussuomalaisten tekem\u00e4n oikaisuvaatimuksen vuoksi.<\/li>\n<li class=\"aw-1j7gwms gNYKfi\">Pormestari Ilmari Nurminen (sd.) oli p\u00e4\u00e4tt\u00e4nyt ohjata rahat Gazaan Pelastakaa lapset ry:n kautta.<\/li>\n<li class=\"aw-1j7gwms gNYKfi\">Perussuomalaisten mielest\u00e4 kunnan teht\u00e4v\u00e4 ei ole harjoittaa ulkopolitiikkaa, vaan huolehtia omista asukkaistaan.<\/li>\n<li class=\"aw-1j7gwms gNYKfi\">Korkeimman hallinto-oikeuden mukaan kunnan toimiala voi pit\u00e4\u00e4 sis\u00e4ll\u00e4\u00e4n my\u00f6s humanitaarisen avun my\u00f6nt\u00e4mist\u00e4. Ulkopoliittisia kannanottoja kunta ei saa tehd\u00e4.<\/li>\n<\/ul>\n<p class=\"aw-1gybjub aw-1p7kakr kEtdKx cEmitX yle__article__paragraph\">50\u00a0000 euron avustus Gazaan on jumissa Tampereella. Kaupunginvaltuuston perussuomalaiset ovat tehneet pormestari <strong class=\"aw-ak79eh KyCXm yle__article__strong\">Ilmari Nurmisen<\/strong> (sd.) avustusp\u00e4\u00e4t\u00f6ksest\u00e4 oikaisuvaatimuksen.<\/p>\n<p class=\"aw-1gybjub aw-1p7kakr kEtdKx cEmitX yle__article__paragraph\">Perussuomalaisten oikaisuvaatimuksesta kertoi ensin <a class=\"aw-iao6s4 iHOxEa yle__article__link\" href=\"https:\/\/www.aamulehti.fi\/tampere\/art-2000011694015.html\" role=\"link\" rel=\"nofollow noopener\" target=\"_blank\">Aamulehti<\/a>. Kaupunginvaltuutettu <strong class=\"aw-ak79eh KyCXm yle__article__strong\">Joakim Vigelius<\/strong> (ps.) vahvistaa tiedon Ylelle.<\/p>\n<p class=\"aw-1gybjub aw-1p7kakr kEtdKx cEmitX yle__article__paragraph\">Valtuuston maanantain kokouksessa perussuomalaisten ryhm\u00e4 my\u00f6s ehdotti, ett\u00e4 Gaza-avustus palautettaisiin valmisteluun. Valtuusto hylk\u00e4si palautusehdotuksen \u00e4\u00e4nin 61\u20135.<\/p>\n<p class=\"aw-1gybjub aw-1p7kakr kEtdKx cEmitX yle__article__paragraph\">Palautusta kannattivat perussuomalaisten ja kristillisdemokraattien valtuutetut.<\/p>\n<p class=\"aw-1gybjub aw-1p7kakr kEtdKx cEmitX yle__article__paragraph\">Aiemmin my\u00f6s <a class=\"aw-iao6s4 iHOxEa yle__article__link\" href=\"https:\/\/yle.fi\/a\/74-20110989\" role=\"link\" rel=\"nofollow noopener\" target=\"_blank\">Helsinki on p\u00e4\u00e4tt\u00e4nyt avustaa Gazaa 350\u00a0000 eurolla<\/a> ja Turku 60\u00a0000 eurolla. Avustukset jakoivat mielipiteit\u00e4, mutta niist\u00e4 ei noussut samanlaista riitaa kuin Tampereella.<\/p>\n<p>Ukrainaan apua ilman riitoja<\/p>\n<p class=\"aw-1gybjub aw-1p7kakr kEtdKx cEmitX yle__article__paragraph\">Tampereen kaupunginvaltuusto keskusteli Gaza-avustusta ehdottaneista valtuustoaloitteista maanantain kokouksessaan yli kaksi tuntia.<\/p>\n<p class=\"aw-1gybjub aw-1p7kakr kEtdKx cEmitX yle__article__paragraph\">Pormestari Nurminen oli tehnyt avustuksesta viranhaltijap\u00e4\u00e4t\u00f6ksen jo marraskuun lopussa. Nurminen p\u00e4\u00e4tti, ett\u00e4 rahat Gazan tukemiseen otetaan pormestarin budjetista. 50\u00a0000 euroa ohjataan Gazan lasten auttamiseen Pelastakaa lapset ry:n kautta.<\/p>\n<p class=\"aw-1gybjub aw-1p7kakr kEtdKx cEmitX yle__article__paragraph\">Vigelius kritisoi sit\u00e4, ett\u00e4 pormestari p\u00e4\u00e4tti avustuksesta ennen kuin valtuustoaloitteita k\u00e4siteltiin kaupunginvaltuustossa maanantaina.<\/p>\n<p class=\"aw-1gybjub aw-1p7kakr kEtdKx cEmitX yle__article__paragraph\">Tampereen kaupungin hallintos\u00e4\u00e4nn\u00f6n mukaan pormestari p\u00e4\u00e4tt\u00e4\u00e4 tarkoituksenmukaisuusharkintaa sis\u00e4lt\u00e4vien avustusten my\u00f6nt\u00e4misest\u00e4.<\/p>\n<p>N\u00e4in Gaza-avustuksista on p\u00e4\u00e4tetty<\/p>\n<p class=\"aw-1gybjub aw-1p7kakr kEtdKx cEmitX yle__article__paragraph\">Tampereen pormestari Ilmari Nurminen teki 24. marraskuuta viranhaltijap\u00e4\u00e4t\u00f6ksen avustuksen my\u00f6nt\u00e4misest\u00e4 Gazaan.<\/p>\n<p class=\"aw-1gybjub aw-1p7kakr kEtdKx cEmitX yle__article__paragraph\">17. marraskuuta kaupunginhallitus k\u00e4sitteli asiaa ja piti humanitaarista avustusta Gazalle hyv\u00e4ksytt\u00e4v\u00e4n\u00e4.<\/p>\n<p class=\"aw-1gybjub aw-1p7kakr kEtdKx cEmitX yle__article__paragraph\">Helsingiss\u00e4 valtuusto k\u00e4sitteli syyskuussa 2024 Gaza-avustusta ja hyv\u00e4ksyi suunnitelman apupaketista \u00e4\u00e4nin 50\u201330. Kaupunginhallitus teki lopullisen p\u00e4\u00e4t\u00f6ksen avustuksesta maaliskuussa.<\/p>\n<p class=\"aw-1gybjub aw-1p7kakr kEtdKx cEmitX yle__article__paragraph\">Turussa kaupunginhallitus p\u00e4\u00e4tti Gaza-avustuksen antamisesta syyskuussa ennen kuin valtuustoaloitetta k\u00e4siteltiin valtuustossa.<\/p>\n<p class=\"aw-1gybjub aw-1p7kakr kEtdKx cEmitX yle__article__paragraph\">Tampereen tapaan my\u00f6s Turun ja Helsingin Gaza-avustukset l\u00e4htiv\u00e4t liikkeelle valtuustoaloitteista.<\/p>\n<p class=\"aw-1gybjub aw-1p7kakr kEtdKx cEmitX yle__article__paragraph\">Tampereen 50\u00a0000 euroa kohdennettiin Pelastakaa Lapset ry:n kautta Gazan lapsille.<\/p>\n<p class=\"aw-1gybjub aw-1p7kakr kEtdKx cEmitX yle__article__paragraph\">Helsingin 350\u00a0000 euron avustus kohdennettiin Punaisen Ristin kansainv\u00e4liselle komitealle, UNICEFille, Pelastakaa lapset ry:lle sek\u00e4 L\u00e4\u00e4k\u00e4rit ilman rajoja ry:lle.<\/p>\n<p class=\"aw-1gybjub aw-1p7kakr kEtdKx cEmitX yle__article__paragraph\">Turun 60\u00a0000 euron avustus kohdennettiin L\u00e4\u00e4k\u00e4rit ilman rajoja ry:lle ja Plan internationalille.<\/p>\n<p class=\"aw-1gybjub aw-1p7kakr kEtdKx cEmitX yle__article__paragraph\">Tampere on l\u00e4hett\u00e4nyt huomattavia m\u00e4\u00e4ri\u00e4 tukea esimerkiksi Ukrainaan. Yleens\u00e4 tuki on toimitettu materiaalisena tukena.<\/p>\n<p class=\"aw-1gybjub aw-1p7kakr kEtdKx cEmitX yle__article__paragraph\">Rahallisesti Tampere on tukenut Ukrainaa <a class=\"aw-iao6s4 iHOxEa yle__article__link\" href=\"https:\/\/yle.fi\/a\/3-12337193\" role=\"link\" rel=\"nofollow noopener\" target=\"_blank\">esimerkiksi vuonna 2022<\/a>. Lahjoitussumma oli 150 000 euroa.<\/p>\n<p class=\"aw-1gybjub aw-1p7kakr kEtdKx cEmitX yle__article__paragraph\">Kuntien Ukrainaan l\u00e4hett\u00e4mist\u00e4 avustuksista on vallinnut laaja yhteisymm\u00e4rrys, kertoo Kuntaliiton kansainv\u00e4listen asioiden p\u00e4\u00e4llikk\u00f6 <strong class=\"aw-ak79eh KyCXm yle__article__strong\">Laura Parsama<\/strong>.<\/p>\n<p class=\"aw-1gybjub aw-1p7kakr kEtdKx cEmitX yle__article__paragraph\">Parsaman mukaan kuntien ulkomaille suuntautuva avustustoiminta ei ollut kovin yleist\u00e4 ennen kuin Ven\u00e4j\u00e4 hy\u00f6kk\u00e4si Ukrainaan vuonna 2022. Silloin moni kunta p\u00e4\u00e4tti l\u00e4hett\u00e4\u00e4 Ukrainaan humanitaarista apua.<\/p>\n<p class=\"aw-1gybjub aw-1p7kakr kEtdKx cEmitX yle__article__paragraph\">Kuntaliiton selvityksen mukaan kunnat l\u00e4hettiv\u00e4t Ukrainaan rahaa jo sodan alkuvaiheessa 2,5 miljoonan euron edest\u00e4. Apua annetaan edelleen.<\/p>\n<p><img decoding=\"async\" alt=\"Ihmiset jonottavat pahvilaatikkoja kuorma-autosta talvimaisemassa.\" src=\"https:\/\/www.europesays.com\/fi\/wp-content\/uploads\/2025\/12\/39-143349367ceb49fb7539.jpeg\" loading=\"lazy\" class=\"aw-1l9m598 hKVVvP\"\/><\/p>\n<p>Avaa kuvien katselu<\/p>\n<p>Rahan lis\u00e4ksi kunnat ovat l\u00e4hett\u00e4neet Ukrainaan materiaalista apua, kuten sairaalatarvikkeita, vaippoja, k\u00e4ytt\u00f6tavaraa ja vaatteita. Arkistokuvassa avustuspakettien jakoa Ukrainassa vuonna 2022. Kuva: Sergey Kozlov \/ EPA<\/p>\n<p class=\"aw-1gybjub aw-1p7kakr kEtdKx cEmitX yle__article__paragraph\">Kuntaliitto suosittelee, ett\u00e4 tukea annettaisiin kansainv\u00e4listen avustusj\u00e4rjest\u00f6jen kautta. N\u00e4in voidaan varmistua, ett\u00e4 apu saadaan turvallisesti perille.<\/p>\n<p class=\"aw-1gybjub aw-1p7kakr kEtdKx cEmitX yle__article__paragraph\">Pormestari Nurmisen esikunnasta kerrotaan, ett\u00e4 Tampereella Gazan osalta valittiin Pelastakaa lapset ry, koska se on tunnettu l\u00e4pin\u00e4kyv\u00e4n\u00e4 ja vastuullisena j\u00e4rjest\u00f6n\u00e4. Kaupungilla ei ole itsell\u00e4\u00e4n mekanismia avun perille toimittamiseksi.<\/p>\n<p>Vigelius v\u00e4l\u00e4ytt\u00e4\u00e4 lakimuutoksia<\/p>\n<p class=\"aw-1gybjub aw-1p7kakr kEtdKx cEmitX yle__article__paragraph\">Perussuomalaisten Joakim Vigelius korostaa, ett\u00e4 kuntien ensisijainen teht\u00e4v\u00e4 on huolehtia omista asukkaistaan.<\/p>\n<p class=\"aw-1gybjub aw-1p7kakr kEtdKx cEmitX yle__article__paragraph\">\u2013 On hieman ristiriitaista ja kyseenalaista kuntatasolta harjoittaa t\u00e4llaisia ulkopoliittisia avauksia. Se l\u00e4ht\u00f6kohtaisesti ei ole kuntien teht\u00e4v\u00e4, Vigelius sanoo.<\/p>\n<p class=\"aw-1gybjub aw-1p7kakr kEtdKx cEmitX yle__article__paragraph\">Kansanedustajanakin toimiva Vigelius olisi valmis harkitsemaan jopa lakimuutoksia.<\/p>\n<p class=\"aw-1gybjub aw-1p7kakr kEtdKx cEmitX yle__article__paragraph\">\u2013 N\u00e4en, ett\u00e4 tekem\u00e4mme oikaisuvaatimus omalta osaltaan voi parhaimmillaan my\u00f6s selvitt\u00e4\u00e4 ja selvent\u00e4\u00e4 sit\u00e4 lains\u00e4\u00e4d\u00e4nn\u00f6n tilaa, mik\u00e4 meill\u00e4 Suomessa on t\u00e4ll\u00e4 hetkell\u00e4 kuntien enemm\u00e4n tai v\u00e4hemm\u00e4n ulkopoliittisista tempauksista.<\/p>\n<p><img decoding=\"async\" alt=\"Joakim Vigelius.\" src=\"https:\/\/www.europesays.com\/fi\/wp-content\/uploads\/2025\/12\/39-1481540684ed5f8e5e09.jpeg\" loading=\"lazy\" class=\"aw-1l9m598 hKVVvP\"\/><\/p>\n<p>Avaa kuvien katselu<\/p>\n<p>Tampereen kaupunginvaltuutettu Joakim Vigelius (ps.) ehdottaa kunnan avustuksen vaihtoehdoksi sit\u00e4, ett\u00e4 kunta mahdollistaisi alustan, jonka kautta kuntalaiset voisivat osallistua humanitaarisiin ker\u00e4yksiin. Arkistokuva. Kuva: Silja Viitala \/ Yle<\/p>\n<p class=\"aw-1gybjub aw-1p7kakr kEtdKx cEmitX yle__article__paragraph\">Humanitaarisen avun antaminen on ensisijaisesti valtiovallan teht\u00e4v\u00e4.<\/p>\n<p class=\"aw-1gybjub aw-1p7kakr kEtdKx cEmitX yle__article__paragraph\">KHO katsoi kuitenkin jo vuonna 1983, ett\u00e4 kunnan toimiala voi pit\u00e4\u00e4 sis\u00e4ll\u00e4\u00e4n my\u00f6s humanitaarisen avun my\u00f6nt\u00e4mist\u00e4. Kunnan toiminta ei saa silti sis\u00e4lt\u00e4\u00e4 ulkopoliittisia kannanottoja.<\/p>\n<p class=\"aw-1gybjub aw-1p7kakr kEtdKx cEmitX yle__article__paragraph\">Tampereen kaupungin lakiasiainjohtajan <strong class=\"aw-ak79eh KyCXm yle__article__strong\">Laura Klamin<\/strong> mukaan kunnan kansainv\u00e4linen toiminta perustuu kuntalain mukaisiin kunnan yleisiin teht\u00e4viin.<\/p>\n","protected":false},"excerpt":{"rendered":"Aiemmin my\u00f6s Helsinki ja Turku ovat p\u00e4\u00e4tt\u00e4neet avustaa Gazaa j\u00e4rjest\u00f6jen kautta. Kuntien avustukset ulkomaille ovat lis\u00e4\u00e4ntyneet Ukrainan sodan&hellip;\n","protected":false},"author":2,"featured_media":121004,"comment_status":"","ping_status":"","sticky":false,"template":"","format":"standard","meta":{"footnotes":""},"categories":[12],"tags":[943,22,23,26,27,33,31,30,505,17,104,17797,21792,71,1833,24,25,28,29,15,18,21,553,32,551,19,20,662,16],"class_list":{"0":"post-121003","1":"post","2":"type-post","3":"status-publish","4":"format-standard","5":"has-post-thumbnail","7":"category-suomi","8":"tag-avustustoiminta","9":"tag-breaking-news","10":"tag-breakingnews","11":"tag-featured-news","12":"tag-featurednews","13":"tag-fi","14":"tag-finland","15":"tag-finnish","16":"tag-gazan-sota","17":"tag-headlines","18":"tag-helsinki","19":"tag-ilmari-nurminen","20":"tag-joakim-vigelius","21":"tag-kotimaa","22":"tag-kunnat","23":"tag-latest-news","24":"tag-latestnews","25":"tag-main-news","26":"tag-mainnews","27":"tag-news","28":"tag-otsikot","29":"tag-paauutiset","30":"tag-pirkanmaa","31":"tag-suomi","32":"tag-tampere","33":"tag-top-stories","34":"tag-topstories","35":"tag-turku","36":"tag-uutiset"},"share_on_mastodon":{"url":"https:\/\/pubeurope.com\/@fi\/115748863058279743","error":""},"_links":{"self":[{"href":"https:\/\/www.europesays.com\/fi\/wp-json\/wp\/v2\/posts\/121003","targetHints":{"allow":["GET"]}}],"collection":[{"href":"https:\/\/www.europesays.com\/fi\/wp-json\/wp\/v2\/posts"}],"about":[{"href":"https:\/\/www.europesays.com\/fi\/wp-json\/wp\/v2\/types\/post"}],"author":[{"embeddable":true,"href":"https:\/\/www.europesays.com\/fi\/wp-json\/wp\/v2\/users\/2"}],"replies":[{"embeddable":true,"href":"https:\/\/www.europesays.com\/fi\/wp-json\/wp\/v2\/comments?post=121003"}],"version-history":[{"count":0,"href":"https:\/\/www.europesays.com\/fi\/wp-json\/wp\/v2\/posts\/121003\/revisions"}],"wp:featuredmedia":[{"embeddable":true,"href":"https:\/\/www.europesays.com\/fi\/wp-json\/wp\/v2\/media\/121004"}],"wp:attachment":[{"href":"https:\/\/www.europesays.com\/fi\/wp-json\/wp\/v2\/media?parent=121003"}],"wp:term":[{"taxonomy":"category","embeddable":true,"href":"https:\/\/www.europesays.com\/fi\/wp-json\/wp\/v2\/categories?post=121003"},{"taxonomy":"post_tag","embeddable":true,"href":"https:\/\/www.europesays.com\/fi\/wp-json\/wp\/v2\/tags?post=121003"}],"curies":[{"name":"wp","href":"https:\/\/api.w.org\/{rel}","templated":true}]}}