{"id":121016,"date":"2025-12-20T00:01:10","date_gmt":"2025-12-20T00:01:10","guid":{"rendered":"https:\/\/www.europesays.com\/fi\/121016\/"},"modified":"2025-12-20T00:01:10","modified_gmt":"2025-12-20T00:01:10","slug":"ukraina-eurooppalaisia-kumppaneita-mukana-neuvotteluissa-tanaan-uutissuomalainen","status":"publish","type":"post","link":"https:\/\/www.europesays.com\/fi\/121016\/","title":{"rendered":"Ukraina: Eurooppalaisia kumppaneita mukana neuvotteluissa t\u00e4n\u00e4\u00e4n | Uutissuomalainen"},"content":{"rendered":"<p>Yhdysvalloissa k\u00e4yd\u00e4\u00e4n viel\u00e4 t\u00e4n\u00e4\u00e4n neuvotteluja Ukrainan sodan lopettamiseksi, kertoo Ukrainan neuvottelija Rustem Umjerov. Umjerovin mukaan Ukrainan ja Yhdysvaltojen neuvotteluihin osallistuu Yhdysvaltojen kutsusta my\u00f6s eurooppalaisia kumppaneita.<\/p>\n<p>Ukrainan presidentti Volodymyr Zelenskyi on aiemmin kertonut, ett\u00e4 Ukrainan ja Yhdysvaltojen on m\u00e4\u00e4r\u00e4 neuvotella Floridan Miamissa perjantaina ja lauantaina.<\/p>\n<p>Uutistoimisto AFP:n l\u00e4hde Valkoisessa talossa sanoo, ett\u00e4 Yhdysvaltojen edustajien on m\u00e4\u00e4r\u00e4 tavata Miamissa erikseen my\u00f6s Ven\u00e4j\u00e4n edustajia.<\/p>\n","protected":false},"excerpt":{"rendered":"Yhdysvalloissa k\u00e4yd\u00e4\u00e4n viel\u00e4 t\u00e4n\u00e4\u00e4n neuvotteluja Ukrainan sodan lopettamiseksi, kertoo Ukrainan neuvottelija Rustem Umjerov. Umjerovin mukaan Ukrainan ja Yhdysvaltojen&hellip;\n","protected":false},"author":2,"featured_media":121017,"comment_status":"","ping_status":"","sticky":false,"template":"","format":"standard","meta":{"footnotes":""},"categories":[14],"tags":[722,22,23,2267,26,27,33,31,30,17,24,25,28,29,15,18,21,142,637,144,32,19,20,21377,56,16,638,59,60,61],"class_list":{"0":"post-121016","1":"post","2":"type-post","3":"status-publish","4":"format-standard","5":"has-post-thumbnail","7":"category-ulkomaat","8":"tag-amerikka","9":"tag-breaking-news","10":"tag-breakingnews","11":"tag-eurooppa","12":"tag-featured-news","13":"tag-featurednews","14":"tag-fi","15":"tag-finland","16":"tag-finnish","17":"tag-headlines","18":"tag-latest-news","19":"tag-latestnews","20":"tag-main-news","21":"tag-mainnews","22":"tag-news","23":"tag-otsikot","24":"tag-paauutiset","25":"tag-poliitikot","26":"tag-politiikka","27":"tag-presidentti","28":"tag-suomi","29":"tag-top-stories","30":"tag-topstories","31":"tag-ukrainan-kriisi","32":"tag-ulkomaat","33":"tag-uutiset","34":"tag-valtiovalta","35":"tag-world","36":"tag-world-news","37":"tag-worldnews"},"share_on_mastodon":{"url":"https:\/\/pubeurope.com\/@fi\/115748961423344993","error":""},"_links":{"self":[{"href":"https:\/\/www.europesays.com\/fi\/wp-json\/wp\/v2\/posts\/121016","targetHints":{"allow":["GET"]}}],"collection":[{"href":"https:\/\/www.europesays.com\/fi\/wp-json\/wp\/v2\/posts"}],"about":[{"href":"https:\/\/www.europesays.com\/fi\/wp-json\/wp\/v2\/types\/post"}],"author":[{"embeddable":true,"href":"https:\/\/www.europesays.com\/fi\/wp-json\/wp\/v2\/users\/2"}],"replies":[{"embeddable":true,"href":"https:\/\/www.europesays.com\/fi\/wp-json\/wp\/v2\/comments?post=121016"}],"version-history":[{"count":0,"href":"https:\/\/www.europesays.com\/fi\/wp-json\/wp\/v2\/posts\/121016\/revisions"}],"wp:featuredmedia":[{"embeddable":true,"href":"https:\/\/www.europesays.com\/fi\/wp-json\/wp\/v2\/media\/121017"}],"wp:attachment":[{"href":"https:\/\/www.europesays.com\/fi\/wp-json\/wp\/v2\/media?parent=121016"}],"wp:term":[{"taxonomy":"category","embeddable":true,"href":"https:\/\/www.europesays.com\/fi\/wp-json\/wp\/v2\/categories?post=121016"},{"taxonomy":"post_tag","embeddable":true,"href":"https:\/\/www.europesays.com\/fi\/wp-json\/wp\/v2\/tags?post=121016"}],"curies":[{"name":"wp","href":"https:\/\/api.w.org\/{rel}","templated":true}]}}