{"id":121018,"date":"2025-12-20T00:02:09","date_gmt":"2025-12-20T00:02:09","guid":{"rendered":"https:\/\/www.europesays.com\/fi\/121018\/"},"modified":"2025-12-20T00:02:09","modified_gmt":"2025-12-20T00:02:09","slug":"jarvenpaassa-kahta-puukottanut-mies-tuomittiin-vankeuteen-iski-raskaana-ollutta-naista-teraaseella-kotimaa","status":"publish","type":"post","link":"https:\/\/www.europesays.com\/fi\/121018\/","title":{"rendered":"J\u00e4rvenp\u00e4\u00e4ss\u00e4 kahta puukottanut mies tuomittiin vankeuteen: iski raskaana ollutta naista ter\u00e4aseella | Kotimaa"},"content":{"rendered":"<p class=\"aw-1gybjub aw-5vja16 kEtdKx kmuxyA yle__article__paragraph\">Kaksi uhria sai sairaalahoitoa vaatineita vammoja. Tuomion mukaan mies oli tekojen aikaan syyntakeinen. H\u00e4n valikoi uhrinsa sattuman varaisesti. <\/p>\n<p><img decoding=\"async\" alt=\"It\u00e4-Uudenmaan k\u00e4r\u00e4j\u00e4oikeuden kyltti Vantaalla.\" src=\"https:\/\/www.europesays.com\/fi\/wp-content\/uploads\/2025\/12\/39-105362063ac368fcfb7c.jpeg\" class=\"aw-1l9m598 hKVVvP\"\/><\/p>\n<p>Avaa kuvien katselu<\/p>\n<p>It\u00e4-Uudenmaan k\u00e4r\u00e4j\u00e4oikeus antoi tuomionsa perjantaina 19. joulukuuta 2025 l\u00e4hes p\u00e4iv\u00e4lleen vuosi puukotusten j\u00e4lkeen. Kuva: Jari K\u00e4rkk\u00e4inen\/ Yle<\/p>\n<p class=\"aw-1gybjub aw-1p7kakr kEtdKx cEmitX yle__article__paragraph\">It\u00e4-Uudenmaan k\u00e4r\u00e4j\u00e4oikeus on tuominnut vuonna 1990 syntyneen miehen kahdesta tapon yrityksest\u00e4 ja laittomasta uhkauksesta vankeuteen. Mielentilatutkimuksen mukaan mies oli tekojen aikaan syyntakeinen eli h\u00e4n ymm\u00e4rsi tekonsa ja sen seuraukset.<\/p>\n<p class=\"aw-1gybjub aw-1p7kakr kEtdKx cEmitX yle__article__paragraph\">Mies puukotti kahta ihmist\u00e4 ja uhkasi ter\u00e4aseella kolmatta kadulla J\u00e4rvenp\u00e4\u00e4ss\u00e4 noin vuosi sitten 18. joulukuuta 2024.<\/p>\n<p class=\"aw-1gybjub aw-1p7kakr kEtdKx cEmitX yle__article__paragraph\">Kaksi uhria sai sairaalahoitoa vaatineita vakavia vammoja.<\/p>\n<p class=\"aw-1gybjub aw-1p7kakr kEtdKx cEmitX yle__article__paragraph\">35-vuotias <strong class=\"aw-ak79eh KyCXm yle__article__strong\">Tomi Kristian V\u00e4h\u00e4s\u00f6yrinki<\/strong> sai teoista kuuden vuoden vankeusrangaistuksen. Sit\u00e4 seuraa vuoden mittainen valvonta-aika. Mies m\u00e4\u00e4r\u00e4ttiin maksamaan uhrien oikeudenk\u00e4yntikulut ja korvauksia.<\/p>\n<p class=\"aw-1gybjub aw-1p7kakr kEtdKx cEmitX yle__article__paragraph\">Poliisin mukaan ep\u00e4ilty tekij\u00e4 ja uhrit eiv\u00e4t tunteneet toisiaan entuudestaan, vaan uhrit valikoituivat sattuman varaisesti.<\/p>\n<p class=\"aw-1gybjub aw-1p7kakr kEtdKx cEmitX yle__article__paragraph\">Tuomion mukaan mies oli l\u00e4htenyt kotoaan ter\u00e4ase mukanaan. H\u00e4n oli avannut pihalla pys\u00e4hdyksiss\u00e4 olleen auton oven ja ly\u00f6nyt kuljettajan paikalla istunutta naista rintaan. Nainen oli raskaana. Iskun j\u00e4lkeen mies poistui paikalta.<\/p>\n<p class=\"aw-1gybjub aw-1p7kakr kEtdKx cEmitX yle__article__paragraph\">H\u00e4n uhitteli ter\u00e4aseella viel\u00e4 toiselle autoonsa menossa olleelle naiselle. Seuraava uhri oli k\u00e4velyll\u00e4 ollut mies, jota tuomittu l\u00f6i ter\u00e4aseella keskivartaloon.<\/p>\n<p class=\"aw-1gybjub aw-1p7kakr kEtdKx cEmitX yle__article__paragraph\">Tuomion mukaan mies oli tekojen aikaan p\u00e4ihtynyt.<\/p>\n<p class=\"aw-1gybjub aw-1p7kakr kEtdKx cEmitX yle__article__paragraph\">Poliisi tutki tapauksia <a class=\"aw-iao6s4 iHOxEa yle__article__link\" href=\"https:\/\/yle.fi\/a\/74-20132530\" role=\"link\" rel=\"nofollow noopener\" target=\"_blank\">kolmena tapon yrityksen\u00e4<\/a>. <a class=\"aw-iao6s4 iHOxEa yle__article__link\" href=\"https:\/\/yle.fi\/a\/74-20132983\" role=\"link\" rel=\"nofollow noopener\" target=\"_blank\">Poliisin esitutkinnassa<\/a> ei tullut ilmi, ett\u00e4 v\u00e4kivallantekoon liittyisi mit\u00e4\u00e4n rasistista, uskonnollista tai terroristista motiivia, <a class=\"aw-iao6s4 iHOxEa yle__article__link\" href=\"https:\/\/poliisi.fi\/-\/jarvenpaassa-tapahtuneen-vakivallanteon-tutkinta-etenee\" role=\"link\" rel=\"nofollow noopener\" target=\"_blank\">poliisi tiedotti joulukuussa vuosi sitten<\/a>.<\/p>\n<p class=\"aw-1gybjub aw-1p7kakr kEtdKx cEmitX yle__article__paragraph\">Mies on aiemmin tuomittu ter\u00e4aseella tehdyst\u00e4 tapon yrityksest\u00e4. T\u00e4n\u00e4\u00e4n annetun tuomion mukaan miest\u00e4 tulee pit\u00e4\u00e4 eritt\u00e4in vaarallisena.<\/p>\n<p class=\"aw-1gybjub aw-1p7kakr kEtdKx cEmitX yle__article__paragraph\">Tuomio ei ole lainvoimainen. Siit\u00e4 voi valittaa hovioikeuteen.<\/p>\n","protected":false},"excerpt":{"rendered":"Kaksi uhria sai sairaalahoitoa vaatineita vammoja. Tuomion mukaan mies oli tekojen aikaan syyntakeinen. H\u00e4n valikoi uhrinsa sattuman varaisesti.&hellip;\n","protected":false},"author":2,"featured_media":121019,"comment_status":"","ping_status":"","sticky":false,"template":"","format":"standard","meta":{"footnotes":""},"categories":[12],"tags":[22,23,26,27,33,31,30,17,21795,964,12523,71,24,25,28,29,15,18,21,581,32,19,20,1727,1168,16],"class_list":{"0":"post-121018","1":"post","2":"type-post","3":"status-publish","4":"format-standard","5":"has-post-thumbnail","7":"category-suomi","8":"tag-breaking-news","9":"tag-breakingnews","10":"tag-featured-news","11":"tag-featurednews","12":"tag-fi","13":"tag-finland","14":"tag-finnish","15":"tag-headlines","16":"tag-ita-uusimaa","17":"tag-jarvenpaa","18":"tag-karajaoikeudet","19":"tag-kotimaa","20":"tag-latest-news","21":"tag-latestnews","22":"tag-main-news","23":"tag-mainnews","24":"tag-news","25":"tag-otsikot","26":"tag-paauutiset","27":"tag-rikokset","28":"tag-suomi","29":"tag-top-stories","30":"tag-topstories","31":"tag-tuomiot","32":"tag-uusimaa","33":"tag-uutiset"},"share_on_mastodon":{"url":"https:\/\/pubeurope.com\/@fi\/115748965447503170","error":""},"_links":{"self":[{"href":"https:\/\/www.europesays.com\/fi\/wp-json\/wp\/v2\/posts\/121018","targetHints":{"allow":["GET"]}}],"collection":[{"href":"https:\/\/www.europesays.com\/fi\/wp-json\/wp\/v2\/posts"}],"about":[{"href":"https:\/\/www.europesays.com\/fi\/wp-json\/wp\/v2\/types\/post"}],"author":[{"embeddable":true,"href":"https:\/\/www.europesays.com\/fi\/wp-json\/wp\/v2\/users\/2"}],"replies":[{"embeddable":true,"href":"https:\/\/www.europesays.com\/fi\/wp-json\/wp\/v2\/comments?post=121018"}],"version-history":[{"count":0,"href":"https:\/\/www.europesays.com\/fi\/wp-json\/wp\/v2\/posts\/121018\/revisions"}],"wp:featuredmedia":[{"embeddable":true,"href":"https:\/\/www.europesays.com\/fi\/wp-json\/wp\/v2\/media\/121019"}],"wp:attachment":[{"href":"https:\/\/www.europesays.com\/fi\/wp-json\/wp\/v2\/media?parent=121018"}],"wp:term":[{"taxonomy":"category","embeddable":true,"href":"https:\/\/www.europesays.com\/fi\/wp-json\/wp\/v2\/categories?post=121018"},{"taxonomy":"post_tag","embeddable":true,"href":"https:\/\/www.europesays.com\/fi\/wp-json\/wp\/v2\/tags?post=121018"}],"curies":[{"name":"wp","href":"https:\/\/api.w.org\/{rel}","templated":true}]}}