{"id":121020,"date":"2025-12-20T00:03:11","date_gmt":"2025-12-20T00:03:11","guid":{"rendered":"https:\/\/www.europesays.com\/fi\/121020\/"},"modified":"2025-12-20T00:03:11","modified_gmt":"2025-12-20T00:03:11","slug":"juho-eerola-pitaa-rangaistustaan-liian-lievana-oletin-etta-enemmankin-kruunuja-olisi-paasta-riisuttu-kymenlaakso","status":"publish","type":"post","link":"https:\/\/www.europesays.com\/fi\/121020\/","title":{"rendered":"Juho Eerola pit\u00e4\u00e4 rangaistustaan liian liev\u00e4n\u00e4: \u201dOletin, ett\u00e4 enemm\u00e4nkin kruunuja olisi p\u00e4\u00e4st\u00e4 riisuttu\u201d | Kymenlaakso"},"content":{"rendered":"<p class=\"aw-1gybjub aw-5vja16 kEtdKx kmuxyA yle__article__paragraph\">Kansan\u00adedustaja Juho Eerolan (ps.) mielest\u00e4 h\u00e4n olisi ansainnut julkaise\u00admastaan some\u00adkuvasta jopa ankaramman rangaistuksen.<\/p>\n<p><img decoding=\"async\" alt=\"Juho Eerola istuu eduskunnassa k\u00e4si kasvojensa edess\u00e4.\" src=\"https:\/\/www.europesays.com\/fi\/wp-content\/uploads\/2025\/12\/39-157291469457363f2ab1.jpeg\" class=\"aw-1l9m598 hKVVvP\"\/><\/p>\n<p>Avaa kuvien katselu<\/p>\n<p>Kotkalainen kansanedustaja Juho Eerola istuu eduskunnassa jo nelj\u00e4tt\u00e4 kauttaan. Eerola kuvattiin t\u00e4n\u00e4\u00e4n eduskunnan t\u00e4ysistunnossa. Kuva: Antti Aimo-Koivisto \/ Lehtikuva<\/p>\n<ul class=\"aw-1jjocuh iJTSwP yle__article__list yle__article__list--ul\">\n<li class=\"aw-1j7gwms gNYKfi\">Perussuomalaisten kansanedustaja Juho Eerola sai vakavan huomautuksen rasistiseksi koetusta somekuvastaan.<\/li>\n<li class=\"aw-1j7gwms gNYKfi\">Eerola pit\u00e4\u00e4 rangaistusta itse liian liev\u00e4n\u00e4.<\/li>\n<li class=\"aw-1j7gwms gNYKfi\">Eerolan mielest\u00e4 h\u00e4n olisi ansainnut teosta jopa ankaramman rangaistuksen, kuten m\u00e4\u00e4r\u00e4aikaisen erottamisen eduskuntaryhm\u00e4st\u00e4.<\/li>\n<li class=\"aw-1j7gwms gNYKfi\">Kotkalainen kansanedustaja sanoo oppineensa kohusta ja aikoo jatkossa v\u00e4ltt\u00e4\u00e4 monitulkintaisia viestej\u00e4.<\/li>\n<\/ul>\n<p class=\"aw-1gybjub aw-1p7kakr kEtdKx cEmitX yle__article__paragraph\">Perussuomalaisten kotkalainen kansanedustaja <strong class=\"aw-ak79eh KyCXm yle__article__strong\">Juho Eerola<\/strong> kokee saaneensa eduskuntaryhm\u00e4lt\u00e4 liev\u00e4n rangaistuksen omasta silmien v\u00e4\u00e4ntelyst\u00e4\u00e4n.<\/p>\n<p class=\"aw-1gybjub aw-1p7kakr kEtdKx cEmitX yle__article__paragraph\">Eerola sai torstaina perussuomalaisten eduskuntaryhm\u00e4lt\u00e4 <a class=\"aw-iao6s4 iHOxEa yle__article__link\" href=\"https:\/\/yle.fi\/a\/74-20200458\" role=\"link\" rel=\"nofollow noopener\" target=\"_blank\">vakavan huomautuksen<\/a> rasistisesta somekuvastaan, jossa h\u00e4n venytti sormillaan silm\u00e4ns\u00e4 vinoiksi. Eerolan lis\u00e4ksi ryhm\u00e4 antoi vakavan huomautuksen jyv\u00e4skyl\u00e4l\u00e4iselle <strong class=\"aw-ak79eh KyCXm yle__article__strong\">Kaisa Garedewille<\/strong>.<\/p>\n<p class=\"aw-1gybjub aw-1p7kakr kEtdKx cEmitX yle__article__paragraph\">Perussuomalaisten silmien v\u00e4\u00e4ntely tapahtui sen j\u00e4lkeen, kun vastaavia eleit\u00e4 sosiaalisessa mediassa esitteli <strong class=\"aw-ak79eh KyCXm yle__article__strong\">Sarah Dzafce<\/strong>. H\u00e4n joutui luopumaan Miss Suomen tittelist\u00e4 h\u00e4nest\u00e4 julkaistun <a class=\"aw-iao6s4 iHOxEa yle__article__link\" href=\"https:\/\/yle.fi\/a\/74-20199169\" role=\"link\" rel=\"nofollow noopener\" target=\"_blank\">rasistisen kuvan vuoksi<\/a>.<\/p>\n<p class=\"aw-1gybjub aw-1p7kakr kEtdKx cEmitX yle__article__paragraph\">Eerolan omasta mielest\u00e4 h\u00e4n olisi ansainnut teosta jopa ankaramman rangaistuksen, kuten m\u00e4\u00e4r\u00e4aikaisen erottamisen eduskuntaryhm\u00e4st\u00e4.<\/p>\n<p class=\"aw-1gybjub aw-1p7kakr kEtdKx cEmitX yle__article__paragraph\">\u2013 Oletin, ett\u00e4 enemm\u00e4nkin kruunuja olisi p\u00e4\u00e4st\u00e4 riisuttu, Eerola sanoo.<\/p>\n<p class=\"aw-1gybjub aw-1p7kakr kEtdKx cEmitX yle__article__paragraph\">Eerola on pyyt\u00e4nyt julkisuudessa anteeksi rasistiseksi koettua silmien venytys kuvaansa.<\/p>\n<p>Aikoo olla jatkossa tarkempi<\/p>\n<p class=\"aw-1gybjub aw-1p7kakr kEtdKx cEmitX yle__article__paragraph\">Nelj\u00e4tt\u00e4 kauttaan kansanedustajana toimiva Eerola toteaa asiasta k\u00e4ydyn keskustelun olleen uransa suurin kansainv\u00e4linen kohu.<\/p>\n<p class=\"aw-1gybjub aw-1p7kakr kEtdKx cEmitX yle__article__paragraph\">\u2013 Kansallisella tasolla t\u00e4m\u00e4 menee kohuissa kolmannelle sijalle. Minulla on kielt\u00e4m\u00e4tt\u00e4 joskus ollut jopa viel\u00e4kin t\u00f6rke\u00e4mpi\u00e4 p\u00e4ivityksi\u00e4 ja julkaisuja. Ne eiv\u00e4t ole juurikaan levinneet, Eerola luonnehtii.<\/p>\n<p class=\"aw-1gybjub aw-1p7kakr kEtdKx cEmitX yle__article__paragraph\">Eerola ei l\u00e4hde kommentoimaan sit\u00e4, mitk\u00e4 ovat olleet h\u00e4nen poliittisen uransa suurimmat kohut.<\/p>\n<p><img decoding=\"async\" alt=\"Juho Eerola ja Kaisa Garedew median haastateltavana.\" src=\"https:\/\/www.europesays.com\/fi\/wp-content\/uploads\/2025\/12\/39-157205469440d7131374.jpeg\" loading=\"lazy\" class=\"aw-1l9m598 hKVVvP\"\/><\/p>\n<p>Avaa kuvien katselu<\/p>\n<p>Perussuomalaisten Juho Eerola, Kaisa Garedew ja Jani M\u00e4kel\u00e4 kuvattiin tiedotustilaisuudessa torstaina. Kuva: Markku Ulander \/ Lehtikuva<\/p>\n<p class=\"aw-1gybjub aw-1p7kakr kEtdKx cEmitX yle__article__paragraph\">Silmien v\u00e4\u00e4ntely -tapauksesta Eerola sanoo oppineensa, ett\u00e4 viestinn\u00e4ss\u00e4 ja kuvavalinnoissa t\u00e4ytyy olla tarkka ja v\u00e4ltt\u00e4\u00e4 monitulkintaisia viestej\u00e4, jotka voidaan ymm\u00e4rt\u00e4\u00e4 v\u00e4\u00e4rin.<\/p>\n<p class=\"aw-1gybjub aw-1p7kakr kEtdKx cEmitX yle__article__paragraph\">Alun perin Eerola halusi omien sanojensa mukaan antaa somekuvalla tukensa vastaavan rasistisen kuvan vuoksi Miss Suomi -tittelist\u00e4 luopumaan joutuneelle Sarah Dzafcelle.<\/p>\n<p>Negatiivista palautetta tullut runsaasti<\/p>\n<p class=\"aw-1gybjub aw-1p7kakr kEtdKx cEmitX yle__article__paragraph\">50-vuotias Juho Eerola kertoo saaneensa kohusta runsaasti palautetta, josta noin 80 prosenttia on ollut negatiivista ja 20 prosenttia positiivista, mik\u00e4 h\u00e4nen mukaansa vastaa aiempiakin kohuja.<\/p>\n<p class=\"aw-1gybjub aw-1p7kakr kEtdKx cEmitX yle__article__paragraph\">Juho Eerola kertoo joutuneensa perjantaina my\u00f6s Kotkan kaupunginvaltuuston puheenjohtajan <strong class=\"aw-ak79eh KyCXm yle__article__strong\">Jouko Rauhalalta<\/strong> (kok. ) puhutteluun.<\/p>\n<p class=\"aw-1gybjub aw-1p7kakr kEtdKx cEmitX yle__article__paragraph\"><strong class=\"aw-ak79eh KyCXm yle__article__strong\">N\u00e4in kotkalaiset kommentoivat Juho Eerolan k\u00e4yt\u00f6st\u00e4 ennen eduskuntaryhm\u00e4n antamaa rangaistusta torstaina 18. joulukuuta:<\/strong><\/p>\n<p><strong class=\"aw-1bgq5a3 bSmpIc\">Kotkalaiset kommentoivat Juho Eerolan silmienv\u00e4\u00e4ntelykuvaa<\/strong><\/p>\n<p>Kotkalaisia haastatteli toimittaja Aleksi Taponen.<img decoding=\"async\" alt=\"Petteri Orpo median ymp\u00e4r\u00f6im\u00e4n\u00e4.\" src=\"https:\/\/www.europesays.com\/fi\/wp-content\/uploads\/2025\/12\/39-15714496942c6d2becc6.jpeg\" loading=\"lazy\" class=\"aw-1l9m598 hKVVvP\"\/><\/p>\n<p>Avaa kuvien katselu<\/p>\n<p>Petteri Orpo on tuominnut perussuomalaisten silmien venyttelyn julkisuudessa. Kuva: Henrietta Hassinen \/ Yle<\/p>\n<p class=\"aw-1gybjub aw-1p7kakr kEtdKx cEmitX yle__article__paragraph\">P\u00e4\u00e4ministeri <strong class=\"aw-ak79eh KyCXm yle__article__strong\">Petteri Orpo<\/strong> (kok.) esitti t\u00e4ll\u00e4 viikolla <a class=\"aw-iao6s4 iHOxEa yle__article__link\" href=\"https:\/\/yle.fi\/a\/74-20200240\" role=\"link\" rel=\"nofollow noopener\" target=\"_blank\">anteeksipyynt\u00f6ns\u00e4<\/a> Kiinalle, Etel\u00e4-Korealle ja Japanille perussuomalaisten kansanedustajien loukkaavista kuvista. Kuvat aiheuttivat maissa runsaasti mielipahaa ja n\u00e4rk\u00e4styst\u00e4.<\/p>\n<p class=\"aw-1gybjub aw-1p7kakr kEtdKx cEmitX yle__article__paragraph\">Orpon anteeksipyynn\u00f6t julkaistiin maiden suurl\u00e4hetyst\u00f6jen viestint\u00e4kanavien kautta.<\/p>\n<p class=\"aw-1gybjub aw-1p7kakr kEtdKx cEmitX yle__article__paragraph\">Lentoyhti\u00f6 <a class=\"aw-iao6s4 iHOxEa yle__article__link\" href=\"https:\/\/yle.fi\/a\/74-20199957\" role=\"link\" rel=\"nofollow noopener\" target=\"_blank\">Finnair kertoi t\u00e4ll\u00e4 viikolla<\/a>, ett\u00e4 rasistisiksi koetut kuvat haittaavat yhti\u00f6n toimintaa. Finnairin viestint\u00e4johtaja <strong class=\"aw-ak79eh KyCXm yle__article__strong\">P\u00e4ivyt Tallqvist<\/strong> kertoi, ett\u00e4 yhti\u00f6n japaninkieliselle X-tilille on tullut kommentteja, joiden mukaan Finnairilla lent\u00e4mist\u00e4 tulisi v\u00e4ltt\u00e4\u00e4.<\/p>\n<p class=\"aw-1gybjub aw-1p7kakr kEtdKx cEmitX yle__article__paragraph\">Juho Eerola ei osaa arvioida, aiheutuuko tapauksesta Suomelle konkreettista mainehaittaa esimerkiksi Finnairin tai aasialaisten investointien, kuten Kotkaan rakennettavan akkumateriaalitehtaan suhteen.<\/p>\n<p class=\"aw-1gybjub aw-1p7kakr kEtdKx cEmitX yle__article__paragraph\"><strong class=\"aw-ak79eh KyCXm yle__article__strong\">Tuleeko t\u00e4m\u00e4 vaikuttamaan ylip\u00e4\u00e4t\u00e4ns\u00e4 siihen tapaan, mill\u00e4 perussuomalaiset tekee politiikkaa loppuvaalikauden aikana?<\/strong><\/p>\n<p class=\"aw-1gybjub aw-1p7kakr kEtdKx cEmitX yle__article__paragraph\">\u2013 Toivon tietysti, ett\u00e4 min\u00e4 ja muut pidet\u00e4\u00e4n hieman sordiinoa p\u00e4\u00e4ll\u00e4, Eerola sanoo.<\/p>\n","protected":false},"excerpt":{"rendered":"Kansan\u00adedustaja Juho Eerolan (ps.) mielest\u00e4 h\u00e4n olisi ansainnut julkaise\u00admastaan some\u00adkuvasta jopa ankaramman rangaistuksen. Avaa kuvien katselu Kotkalainen kansanedustaja&hellip;\n","protected":false},"author":2,"featured_media":121021,"comment_status":"","ping_status":"","sticky":false,"template":"","format":"standard","meta":{"footnotes":""},"categories":[5],"tags":[22,23,26,27,33,31,30,17,440,20944,71,465,464,24,25,28,29,15,18,21,32,19,20,16],"class_list":{"0":"post-121020","1":"post","2":"type-post","3":"status-publish","4":"format-standard","5":"has-post-thumbnail","7":"category-otsikot","8":"tag-breaking-news","9":"tag-breakingnews","10":"tag-featured-news","11":"tag-featurednews","12":"tag-fi","13":"tag-finland","14":"tag-finnish","15":"tag-headlines","16":"tag-ihmiset","17":"tag-juho-eerola","18":"tag-kotimaa","19":"tag-kotka","20":"tag-kymenlaakso","21":"tag-latest-news","22":"tag-latestnews","23":"tag-main-news","24":"tag-mainnews","25":"tag-news","26":"tag-otsikot","27":"tag-paauutiset","28":"tag-suomi","29":"tag-top-stories","30":"tag-topstories","31":"tag-uutiset"},"share_on_mastodon":{"url":"https:\/\/pubeurope.com\/@fi\/115748969384195385","error":""},"_links":{"self":[{"href":"https:\/\/www.europesays.com\/fi\/wp-json\/wp\/v2\/posts\/121020","targetHints":{"allow":["GET"]}}],"collection":[{"href":"https:\/\/www.europesays.com\/fi\/wp-json\/wp\/v2\/posts"}],"about":[{"href":"https:\/\/www.europesays.com\/fi\/wp-json\/wp\/v2\/types\/post"}],"author":[{"embeddable":true,"href":"https:\/\/www.europesays.com\/fi\/wp-json\/wp\/v2\/users\/2"}],"replies":[{"embeddable":true,"href":"https:\/\/www.europesays.com\/fi\/wp-json\/wp\/v2\/comments?post=121020"}],"version-history":[{"count":0,"href":"https:\/\/www.europesays.com\/fi\/wp-json\/wp\/v2\/posts\/121020\/revisions"}],"wp:featuredmedia":[{"embeddable":true,"href":"https:\/\/www.europesays.com\/fi\/wp-json\/wp\/v2\/media\/121021"}],"wp:attachment":[{"href":"https:\/\/www.europesays.com\/fi\/wp-json\/wp\/v2\/media?parent=121020"}],"wp:term":[{"taxonomy":"category","embeddable":true,"href":"https:\/\/www.europesays.com\/fi\/wp-json\/wp\/v2\/categories?post=121020"},{"taxonomy":"post_tag","embeddable":true,"href":"https:\/\/www.europesays.com\/fi\/wp-json\/wp\/v2\/tags?post=121020"}],"curies":[{"name":"wp","href":"https:\/\/api.w.org\/{rel}","templated":true}]}}