{"id":121022,"date":"2025-12-20T00:15:11","date_gmt":"2025-12-20T00:15:11","guid":{"rendered":"https:\/\/www.europesays.com\/fi\/121022\/"},"modified":"2025-12-20T00:15:11","modified_gmt":"2025-12-20T00:15:11","slug":"gordon-ramsayn-tytar-ja-olympiavoittaja-lapissa-talven-ihmemaa","status":"publish","type":"post","link":"https:\/\/www.europesays.com\/fi\/121022\/","title":{"rendered":"Gordon Ramsayn tyt\u00e4r ja olympiavoittaja Lapissa: \u201dTalven ihmemaa\u201d"},"content":{"rendered":"<p>Holly Ramsay ja olympiauimari Adam Peaty lomailivat Lapissa ennen h\u00e4\u00e4juhlaa.<\/p>\n<p><img decoding=\"async\" class=\"image image-show image-preview\" src=\"https:\/\/www.europesays.com\/fi\/wp-content\/uploads\/2025\/12\/e95fd63fba3bed074a4d3eccf88bb3b6c2e9a80182893ad74fc86bb25a7023bf.jpg\" alt=\"\"\/><img decoding=\"async\" class=\"image image-show\" src=\"https:\/\/www.europesays.com\/fi\/wp-content\/uploads\/2025\/12\/1766189711_712_e95fd63fba3bed074a4d3eccf88bb3b6c2e9a80182893ad74fc86bb25a7023bf.jpg\" alt=\"\"\/><\/p>\n<p>Brittiuimari Adam Peaty and Holly Ramsay lomailivat Lapissa ennen h\u00e4it\u00e4\u00e4n. Kuvituskuva. Paul Bonser\/SOPA Images\/Shutterstock, EPA \/ AOP<\/p>\n<p class=\"paragraph\">Suomessakin tunnetun julkkiskokin <strong>Gordon Ramsayn<\/strong> tyt \u00e4r <strong>Holly Ramsay<\/strong> ja kihlattunsa <a href=\"https:\/\/www.iltalehti.fi\/henkilot\/Adam Peaty\" class=\"article-link-person-page\" rel=\"nofollow noopener\" target=\"_blank\">Adam Peaty<\/a> ovat jakaneet Instagramissa kuvia Lapin-vierailultaan, brittilehdet <a href=\"https:\/\/www.dailymail.co.uk\/tvshowbiz\/article-15398491\/Adam-Peaty-visits-Northern-Lights-Holly-Ramsay-pre-wedding-trip-Finland-failing-acknowledge-mothers-60th-birthday-amid-toxic-family-feud.html\" rel=\"noopener nofollow\" target=\"_blank\">Daily Mail<\/a> ja <a href=\"https:\/\/www.mirror.co.uk\/3am\/celebrity-news\/gallery\/holly-ramsay-adam-peatys-snowy-36428424#comments-wrapper\" rel=\"noopener nofollow\" target=\"_blank\">The Mirror<\/a> kertovat.<\/p>\n<p class=\"paragraph\">Vaikuttajana ty\u00f6skentelev\u00e4 Ramsay, 25, ja Peaty <a href=\"https:\/\/www.iltalehti.fi\/muutlajit\/011d57c1-4ca8-45ea-a96c-1bf72ce84cb1\" rel=\"nofollow noopener\" target=\"_blank\">kihlautuivat<\/a> viime vuoden syyskuussa. Peatylla on aiemmasta suhteestaan 5-vuotias poika George, joka oli pariskunnan mukana Lapissa.<\/p>\n<p class=\"paragraph\">Peaty, 30, <a href=\"https:\/\/www.iltalehti.fi\/rion-olympialaiset-2016\/2016080822033998\" rel=\"nofollow noopener\" target=\"_blank\">voitti olympiakultaa<\/a> Rion olympiakisoissa sadan metrin uinnista vuonna 2016.<\/p>\n<p class=\"paragraph\">Ramsayn tyt\u00e4r kertoo Instagram-julkaisussaan olevansa \u201dtalven ihmemaassa\u201d.<\/p>\n<p class=\"paragraph\">Mik\u00e4li alla oleva upotus ei n\u00e4y, voit katsoa sen <a href=\"https:\/\/www.instagram.com\/hollyramsayy\/p\/DSaaNKnjKtw\/?hl=en\" rel=\"noopener nofollow\" target=\"_blank\">t\u00e4\u00e4lt\u00e4<\/a>.<\/p>\n<p class=\"paragraph\">My\u00f6s Peaty vaikuttaa pit\u00e4neens\u00e4 lumisesta lomareissusta. \u201dWaist deep and loving it\u201d,  eli \u201dvy\u00f6t\u00e4r\u00f6\u00e4 my\u00f6ten upoksissa\u201d, Peaty kirjoittaa omassa Instagram-julkaisussaan.<\/p>\n<p class=\"paragraph\">Alla olevan upotuksen n\u00e4kee my\u00f6s <a href=\"https:\/\/www.instagram.com\/adam_peaty\/p\/DSac2F_De8N\/?hl=en&amp;img_index=5\" rel=\"noopener nofollow\" target=\"_blank\">t\u00e4\u00e4lt\u00e4<\/a>.<\/p>\n<p class=\"paragraph\">Ramsay ja Peaty ovat menossa naimisiin 27. joulukuuta.<\/p>\n<p class=\"paragraph\">Romanttinen loma Lapin maisemissa juuri ennen h\u00e4\u00e4juhlaa saattoi olla harkittu veto Peatylta, joka on riitautunut \u00e4itins\u00e4 kanssa, The Daily Mail kirjoittaa.<\/p>\n<p>Gordonien Suomi-suhde<\/p>\n<p class=\"paragraph\">Maamme ei ole Ramsayn klaanille vieras. Gordon-is\u00e4 <a href=\"https:\/\/www.iltalehti.fi\/tv-ja-leffat\/bc5282c6-dcf3-4fe2-bdb3-7a14d5cb9e9e\" rel=\"nofollow noopener\" target=\"_blank\">tutustui<\/a> suomalaiseen joulunviettoon jo vuonna 2021. Reissuun mahtui luonnollisesti saunomista ja tapaaminen Joulupukin kanssa Rovaniemell\u00e4.<\/p>\n<p class=\"paragraph\"><a href=\"https:\/\/www.iltalehti.fi\/viihde\/2011072914132595\" rel=\"nofollow noopener\" target=\"_blank\">Aiemmilla vierailuillaan<\/a> h\u00e4n on kehunut suomalaisia \u201dmukaviksi, syd\u00e4mellisiksi ihmisiksi\u201d.<\/p>\n<p class=\"paragraph\">R\u00e4v\u00e4k\u00f6ist\u00e4 mielipiteist\u00e4\u00e4n tunnettu julkkiskokki on vuosien varrella vuoroin <a href=\"https:\/\/www.iltalehti.fi\/tv-ja-leffat\/93f5a081-647f-4257-bf39-e76e67db1e2c\" rel=\"nofollow noopener\" target=\"_blank\">haukkunut<\/a>, vuoroin <a href=\"https:\/\/www.iltalehti.fi\/tv-ja-leffat\/8d4ee6f3-83c9-44be-bc1e-ab7155284ceb\" rel=\"nofollow noopener\" target=\"_blank\">kehunut<\/a> suomalaista ruokakulttuuria.<\/p>\n<p><script async src=\"\/\/www.instagram.com\/embed.js\"><\/script><\/p>\n","protected":false},"excerpt":{"rendered":"Holly Ramsay ja olympiauimari Adam Peaty lomailivat Lapissa ennen h\u00e4\u00e4juhlaa. Brittiuimari Adam Peaty and Holly Ramsay lomailivat Lapissa&hellip;\n","protected":false},"author":2,"featured_media":121023,"comment_status":"","ping_status":"","sticky":false,"template":"","format":"standard","meta":{"footnotes":""},"categories":[136],"tags":[35,407,137,33,31,30,101,3674,408,14442,99,98,32,109],"class_list":{"0":"post-121022","1":"post","2":"type-post","3":"status-publish","4":"format-standard","5":"has-post-thumbnail","7":"category-julkkikset","8":"tag-24h","9":"tag-celebrities","10":"tag-entertainment","11":"tag-fi","12":"tag-finland","13":"tag-finnish","14":"tag-ihmissuhteet","15":"tag-juhla-ja-vapaapaivat","16":"tag-julkkikset","17":"tag-kansalliset-ja-kansainvaliset-juhlapaivat","18":"tag-lapset","19":"tag-perhe","20":"tag-suomi","21":"tag-viihde"},"share_on_mastodon":{"url":"https:\/\/pubeurope.com\/@fi\/115749016462825075","error":""},"_links":{"self":[{"href":"https:\/\/www.europesays.com\/fi\/wp-json\/wp\/v2\/posts\/121022","targetHints":{"allow":["GET"]}}],"collection":[{"href":"https:\/\/www.europesays.com\/fi\/wp-json\/wp\/v2\/posts"}],"about":[{"href":"https:\/\/www.europesays.com\/fi\/wp-json\/wp\/v2\/types\/post"}],"author":[{"embeddable":true,"href":"https:\/\/www.europesays.com\/fi\/wp-json\/wp\/v2\/users\/2"}],"replies":[{"embeddable":true,"href":"https:\/\/www.europesays.com\/fi\/wp-json\/wp\/v2\/comments?post=121022"}],"version-history":[{"count":0,"href":"https:\/\/www.europesays.com\/fi\/wp-json\/wp\/v2\/posts\/121022\/revisions"}],"wp:featuredmedia":[{"embeddable":true,"href":"https:\/\/www.europesays.com\/fi\/wp-json\/wp\/v2\/media\/121023"}],"wp:attachment":[{"href":"https:\/\/www.europesays.com\/fi\/wp-json\/wp\/v2\/media?parent=121022"}],"wp:term":[{"taxonomy":"category","embeddable":true,"href":"https:\/\/www.europesays.com\/fi\/wp-json\/wp\/v2\/categories?post=121022"},{"taxonomy":"post_tag","embeddable":true,"href":"https:\/\/www.europesays.com\/fi\/wp-json\/wp\/v2\/tags?post=121022"}],"curies":[{"name":"wp","href":"https:\/\/api.w.org\/{rel}","templated":true}]}}