{"id":121028,"date":"2025-12-20T00:26:07","date_gmt":"2025-12-20T00:26:07","guid":{"rendered":"https:\/\/www.europesays.com\/fi\/121028\/"},"modified":"2025-12-20T00:26:07","modified_gmt":"2025-12-20T00:26:07","slug":"rakentamisen-nousu-tulee-mutta-tekijatkin-pitaa-loytaa","status":"publish","type":"post","link":"https:\/\/www.europesays.com\/fi\/121028\/","title":{"rendered":"Rakentamisen nousu tulee, mutta tekij\u00e4tkin pit\u00e4\u00e4 l\u00f6yt\u00e4\u00e4"},"content":{"rendered":"<p>Lukijan mielipide|Rakentaminen ei ole vain betonia ja tiili\u00e4 \u2013 se on koteja, ty\u00f6paikkoja ja huoltovarmuutta.<\/p>\n<p class=\"article-body nof-ui-body-medium mb-nof-24 px-nof-16\">Kirjoitus on Helsingin Sanomien lukijan mielipide. <\/p>\n<p class=\"article-body mb-nof-24 px-nof-16\">Rakentaminen on ollut Suomessa syv\u00e4ss\u00e4 taantumassa, ja keskustelu on keskittynyt siihen, pit\u00e4isik\u00f6 uusia asuntoja rakentaa vai ei. Mutta yksi kysymys j\u00e4\u00e4 liian usein varjoon: kun rakentaminen l\u00e4htee uudelleen nousuun, mist\u00e4 l\u00f6yd\u00e4mme osaajat?<\/p>\n<p class=\"article-body mb-nof-24 px-nof-16\">Ylen <a class=\"article-genericlink\" href=\"https:\/\/yle.fi\/a\/74-20175314\" rel=\"nofollow noopener\" target=\"_blank\">uutisen<\/a> mukaan Rakennusliitto arvioi rakennusalalta l\u00e4hteneen jopa 30 000\u201340 000 ty\u00f6ntekij\u00e4\u00e4. Monet ovat siirtyneet muille aloille tai ulkomaille. Jos emme kykene pit\u00e4m\u00e4\u00e4n kiinni osaajista huonoina aikoina, meill\u00e4 ei ole tekij\u00f6it\u00e4, kun suhdanne k\u00e4\u00e4ntyy. Rakentaminen ei ole vain betonia ja tiili\u00e4 \u2013 se on koteja, ty\u00f6paikkoja ja huoltovarmuutta.<\/p>\n<p class=\"article-body mb-nof-24 px-nof-16\">Pelkk\u00e4 koulutus ei riit\u00e4, jos ei ole ty\u00f6paikkoja. Kukaan ei halua valmistua ty\u00f6tt\u00f6m\u00e4ksi. Tarvitaan pitk\u00e4j\u00e4nteist\u00e4 politiikkaa, joka turvaa ty\u00f6paikat my\u00f6s hiljaisina aikoina.<\/p>\n<p class=\"article-body mb-nof-24 px-nof-16\">Pitk\u00e4j\u00e4nteinen politiikka tarkoittaa investointien ennakoitavuutta, korjausrakentamisen ja kohtuuhintaisen asumisen tukemista, infraprojektien ajoittamista ja koulutuspaikkojen s\u00e4ilytt\u00e4mist\u00e4 my\u00f6s taantumassa. Ja muistetaan: rakentaminen ei ole pelkk\u00e4 menoer\u00e4, vaan se tuo verotuloja ja v\u00e4hent\u00e4\u00e4 ty\u00f6tt\u00f6myytt\u00e4. Kun ty\u00f6t\u00e4 on, rahaa kilahtaa valtion kassaan ja yhteiskunta vahvistuu. Verojen ja veronluonteisten maksujen osuus rakentamisesta on yli 40 prosenttia.<\/p>\n<p class=\"article-body mb-nof-24 px-nof-16\">Rakentamisen nousu tulee. Kysymys kuuluu, olemmeko valmiita.<\/p>\n<p class=\"article-body mb-nof-24 px-nof-16\">Diana R\u00e5man<\/p>\n<p class=\"article-body mb-nof-24 px-nof-16\">toimitusjohtaja<\/p>\n<p class=\"article-body mb-nof-24 px-nof-16\">Rakennusmestarit ja -insin\u00f6\u00f6rit amk RKL ry<\/p>\n<p class=\"article-body nof-ui-body-medium mb-nof-24 px-nof-16\">HS:n toimitus valitsee ja toimittaa mielipidekirjoitukset. Voit j\u00e4tt\u00e4\u00e4 mielipidekirjoituksen tai tutustua kirjoitusten periaatteisiin osoitteessa <a class=\"article-genericlink article-endnote\" href=\"http:\/\/www.hs.fi\/kirjoitamielipidekirjoitus\/\" rel=\"nofollow noopener\" target=\"_blank\">http:\/\/www.hs.fi\/kirjoitamielipidekirjoitus\/<\/a>. <\/p>\n","protected":false},"excerpt":{"rendered":"Lukijan mielipide|Rakentaminen ei ole vain betonia ja tiili\u00e4 \u2013 se on koteja, ty\u00f6paikkoja ja huoltovarmuutta. Kirjoitus on Helsingin&hellip;\n","protected":false},"author":2,"featured_media":96697,"comment_status":"","ping_status":"","sticky":false,"template":"","format":"standard","meta":{"footnotes":""},"categories":[76],"tags":[79,77,33,31,30,46,32,78],"class_list":{"0":"post-121028","1":"post","2":"type-post","3":"status-publish","4":"format-standard","5":"has-post-thumbnail","7":"category-talous","8":"tag-business","9":"tag-economy","10":"tag-fi","11":"tag-finland","12":"tag-finnish","13":"tag-helsingin-sanomat","14":"tag-suomi","15":"tag-talous"},"share_on_mastodon":{"url":"https:\/\/pubeurope.com\/@fi\/115749059730033118","error":""},"_links":{"self":[{"href":"https:\/\/www.europesays.com\/fi\/wp-json\/wp\/v2\/posts\/121028","targetHints":{"allow":["GET"]}}],"collection":[{"href":"https:\/\/www.europesays.com\/fi\/wp-json\/wp\/v2\/posts"}],"about":[{"href":"https:\/\/www.europesays.com\/fi\/wp-json\/wp\/v2\/types\/post"}],"author":[{"embeddable":true,"href":"https:\/\/www.europesays.com\/fi\/wp-json\/wp\/v2\/users\/2"}],"replies":[{"embeddable":true,"href":"https:\/\/www.europesays.com\/fi\/wp-json\/wp\/v2\/comments?post=121028"}],"version-history":[{"count":0,"href":"https:\/\/www.europesays.com\/fi\/wp-json\/wp\/v2\/posts\/121028\/revisions"}],"wp:featuredmedia":[{"embeddable":true,"href":"https:\/\/www.europesays.com\/fi\/wp-json\/wp\/v2\/media\/96697"}],"wp:attachment":[{"href":"https:\/\/www.europesays.com\/fi\/wp-json\/wp\/v2\/media?parent=121028"}],"wp:term":[{"taxonomy":"category","embeddable":true,"href":"https:\/\/www.europesays.com\/fi\/wp-json\/wp\/v2\/categories?post=121028"},{"taxonomy":"post_tag","embeddable":true,"href":"https:\/\/www.europesays.com\/fi\/wp-json\/wp\/v2\/tags?post=121028"}],"curies":[{"name":"wp","href":"https:\/\/api.w.org\/{rel}","templated":true}]}}