{"id":121029,"date":"2025-12-20T00:27:19","date_gmt":"2025-12-20T00:27:19","guid":{"rendered":"https:\/\/www.europesays.com\/fi\/121029\/"},"modified":"2025-12-20T00:27:19","modified_gmt":"2025-12-20T00:27:19","slug":"donald-trump-on-aivan-oikeassa-euroopan-unionista","status":"publish","type":"post","link":"https:\/\/www.europesays.com\/fi\/121029\/","title":{"rendered":"Donald Trump on aivan oikeassa Euroopan unionista"},"content":{"rendered":"<p><a href=\"https:\/\/www.iltalehti.fi\/kirjoittajat\/Perttu Kauppinen\" class=\"article-description-pov-author\" rel=\"nofollow noopener\" target=\"_blank\"><\/p>\n<p>Perttu Kauppinen<\/p>\n<p><img decoding=\"async\" class=\"author-image\" src=\"https:\/\/www.europesays.com\/fi\/wp-content\/uploads\/2025\/09\/008a7e04098ef7066df89ae27ec1d0d3808f64e069d9dafa528b4dd798c7fd6c.png\" alt=\"\"\/><\/a><\/p>\n<p>EU:n kyvytt\u00f6myys k\u00e4ytt\u00e4\u00e4 Ven\u00e4j\u00e4lt\u00e4 takavarikoituja varoja Ukrainan hyv\u00e4ksi on karmiva osoitus siit\u00e4, miten rikki unioni on, kirjoittaa vastaava p\u00e4\u00e4toimittaja Perttu Kauppinen.<\/p>\n<p>Eilen klo 20:53<\/p>\n<p><img decoding=\"async\" class=\"image image-show image-preview\" src=\"https:\/\/www.europesays.com\/fi\/wp-content\/uploads\/2025\/12\/aab4faebf7b1c57a689160a56be15799d09714db0edfb624104b7f0ed335481e.jpg\" alt=\"\"\/><img decoding=\"async\" class=\"image image-show\" src=\"https:\/\/www.europesays.com\/fi\/wp-content\/uploads\/2025\/12\/1766190439_436_aab4faebf7b1c57a689160a56be15799d09714db0edfb624104b7f0ed335481e.jpg\" alt=\"\"\/><\/p>\n<p>Ukraina-huippukokous osoitti j\u00e4lleen kerran, miten heikko ja sekalainen seurakunta Euroopan unionista on tullut. Kuva torstailta 18. joulukuuta. AOP<\/p>\n<p class=\"paragraph\">Euroopan unionilla oli t\u00e4ll\u00e4 viikolla j\u00e4lleen kerran mahdollisuus n\u00e4ytt\u00e4\u00e4, ett\u00e4 EU kykenee p\u00e4\u00e4t\u00f6ksentekoon ja ett\u00e4 se kykenee pelaamaan kovaa peli\u00e4 my\u00f6s sellaista globaalia pahantekij\u00e4\u00e4 vastaan kuin Ven\u00e4j\u00e4.<\/p>\n<p class=\"paragraph\">EU:n Ukraina-huippukokouksessa oli tarkoitus sopia siit\u00e4, ett\u00e4 EU ottaisi haltuun Ven\u00e4j\u00e4n valtion j\u00e4\u00e4dytettyj\u00e4 varoja, joita olisi sitten voitu k\u00e4ytt\u00e4\u00e4 Ukrainan sotaponnistelujen tukemiseen. Monet, kuten EU-komission puheenjohtaja <a href=\"https:\/\/www.iltalehti.fi\/henkilot\/Ursula von der Leyen\" class=\"article-link-person-page\" rel=\"nofollow noopener\" target=\"_blank\">Ursula von der Leyen<\/a>, Saksan liittokansleri <a href=\"https:\/\/www.iltalehti.fi\/henkilot\/Friedrich Merz\" class=\"article-link-person-page\" rel=\"nofollow noopener\" target=\"_blank\">Friedrich Merz<\/a> ja Suomen p\u00e4\u00e4ministeri <a href=\"https:\/\/www.iltalehti.fi\/henkilot\/Petteri Orpo\" class=\"article-link-person-page\" rel=\"nofollow noopener\" target=\"_blank\">Petteri Orpo<\/a>, panivat arvovaltansa peliin ja tuntuivat uskovan, ett\u00e4 EU oikeasti kykenisi toimintaan.<\/p>\n<p class=\"paragraph\">Lopulta EU tekikin sen, miss\u00e4 unioni on parhaimmillaan \u2013 kokousti ep\u00e4toivoisen my\u00f6h\u00e4\u00e4n eik\u00e4 saanut aikaiseksi kovia p\u00e4\u00e4t\u00f6ksi\u00e4. Kokouspullia sy\u00f6tiin Brysseliss\u00e4 perjantaina aamukolmeen saakka, mutta rohkeutta puuttua Ven\u00e4j\u00e4n varoihin ei lopulta l\u00f6ytynyt.<\/p>\n<p class=\"paragraph\">EU:n suunnittelema \u201dsotakorvauslaina\u201d kaatui Belgian, Italian ja Ranskan vastustukseen. Ven\u00e4j\u00e4n varojen k\u00e4ytt\u00e4misen sijaan EU-maat sopivat ottavansa 90 miljardia euroa yhteist\u00e4 lainaa, jonka avulla Ukraina saa py\u00f6ritetty\u00e4 sotatalouttaan seuraavat kaksi vuotta.<\/p>\n<p class=\"paragraph\">Periaatteessa EU:ssa edelleen ainakin teeskennell\u00e4\u00e4n, ett\u00e4 j\u00e4\u00e4dytetyt ven\u00e4l\u00e4isvarat voidaan my\u00f6hemmin ottaa k\u00e4ytt\u00f6\u00f6n tai ett\u00e4 Ven\u00e4j\u00e4 voitaisiin muuten panna maksamaan nyt otettava laina.<\/p>\n<p class=\"paragraph\">N\u00e4kis vaan ja kuulis kolinaa. K\u00e4yt\u00e4nn\u00f6ss\u00e4 voi pit\u00e4\u00e4 varmana, ett\u00e4 Ukrainan tukemiseen otettu laina maksetaan lopulta korkoineen EU-maiden asukkaiden, muun muassa suomalaisten, kukkarosta.<\/p>\n<p class=\"paragraph\">Poikkeuksena tietysti Unkari, T\u0161ekki ja Slovakia, jotka j\u00e4tt\u00e4ytyiv\u00e4t nyt sorvatun yhteislainan ulkopuolelle.<\/p>\n<p class=\"paragraph\">Jos EU:lla ei riit\u00e4 kyky\u00e4 ja uskallusta takavarikoida Ven\u00e4j\u00e4n varoja sodan aikana, mist\u00e4 uskallus l\u00f6ytyisi sen j\u00e4lkeen, kun rauha on mahdollisesti saatu aikaan?<\/p>\n<p class=\"paragraph\">Yhdysvaltain ja Ven\u00e4j\u00e4n py\u00f6rittelemiss\u00e4 rauhansuunnitelmissa Ven\u00e4j\u00e4n j\u00e4\u00e4dytetyille varoille on ainakin l\u00f6ydetty muuta k\u00e4ytt\u00f6\u00e4.<\/p>\n<p class=\"paragraph\">Marraskuun lopulla julkitulleissa suunnitelmissa osa j\u00e4\u00e4dytetyist\u00e4 varoista k\u00e4ytett\u00e4isiin Yhdysvaltojen johtamiin Ukrainan j\u00e4lleenrakennustoimiin. Osa taas sijoitettaisiin erilliseen, Yhdysvaltojen ja Ven\u00e4j\u00e4n yhteiseen investointirahastoon. Osa j\u00e4\u00e4dytetyist\u00e4 varoista vain vapautettaisiin.<\/p>\n<p class=\"paragraph\">Toistaiseksi EU-maiden kyky vaikuttaa rauhansuunnitelmien sis\u00e4lt\u00f6\u00f6n on ollut sen verran heikkoa, ett\u00e4 vaatii varsin rautaista uskoa luottaa siihen, ett\u00e4 EU-maiden sotalainojen takaisinmaksu saataisiin kirjattua amerikkalaisten ja ven\u00e4l\u00e4isten papereihin.<\/p>\n<p class=\"paragraph\">Yhdysvaltain presidentti <a href=\"https:\/\/www.iltalehti.fi\/henkilot\/Donald Trump\" class=\"article-link-person-page\" rel=\"nofollow noopener\" target=\"_blank\">Donald Trump<\/a> on moneen otteeseen pilkannut Euroopan unionia ja sen johtajien kyky\u00e4 saada aikaan p\u00e4\u00e4t\u00f6ksi\u00e4.<\/p>\n<p class=\"paragraph\">Ukraina-huippukokous osoitti j\u00e4lleen kerran, miten oikeassa Trump on ja miten heikko ja sekalainen seurakunta Euroopan unionista on tullut. Lopputuloksen voi yritt\u00e4\u00e4 maalata onnistuneeksi sill\u00e4 varjolla, ett\u00e4 Ukrainan tukemisesta viimein saatiin p\u00e4\u00e4tetty\u00e4 \u2013 katastrofaalisin ep\u00e4onnistuminen v\u00e4ltettiin.<\/p>\n<p class=\"paragraph\">Se on laiha lohtu eik\u00e4 lupaa hyv\u00e4\u00e4 tulevalle.<\/p>\n","protected":false},"excerpt":{"rendered":"Perttu Kauppinen EU:n kyvytt\u00f6myys k\u00e4ytt\u00e4\u00e4 Ven\u00e4j\u00e4lt\u00e4 takavarikoituja varoja Ukrainan hyv\u00e4ksi on karmiva osoitus siit\u00e4, miten rikki unioni on,&hellip;\n","protected":false},"author":2,"featured_media":121030,"comment_status":"","ping_status":"","sticky":false,"template":"","format":"standard","meta":{"footnotes":""},"categories":[14],"tags":[35,22,23,26,27,33,31,30,17,70,24,25,28,29,15,18,21,142,637,144,32,19,20,56,16,638,59,60,61],"class_list":{"0":"post-121029","1":"post","2":"type-post","3":"status-publish","4":"format-standard","5":"has-post-thumbnail","7":"category-ulkomaat","8":"tag-24h","9":"tag-breaking-news","10":"tag-breakingnews","11":"tag-featured-news","12":"tag-featurednews","13":"tag-fi","14":"tag-finland","15":"tag-finnish","16":"tag-headlines","17":"tag-kansainvalinen-politiikka","18":"tag-latest-news","19":"tag-latestnews","20":"tag-main-news","21":"tag-mainnews","22":"tag-news","23":"tag-otsikot","24":"tag-paauutiset","25":"tag-poliitikot","26":"tag-politiikka","27":"tag-presidentti","28":"tag-suomi","29":"tag-top-stories","30":"tag-topstories","31":"tag-ulkomaat","32":"tag-uutiset","33":"tag-valtiovalta","34":"tag-world","35":"tag-world-news","36":"tag-worldnews"},"share_on_mastodon":{"url":"https:\/\/pubeurope.com\/@fi\/115749063740089878","error":""},"_links":{"self":[{"href":"https:\/\/www.europesays.com\/fi\/wp-json\/wp\/v2\/posts\/121029","targetHints":{"allow":["GET"]}}],"collection":[{"href":"https:\/\/www.europesays.com\/fi\/wp-json\/wp\/v2\/posts"}],"about":[{"href":"https:\/\/www.europesays.com\/fi\/wp-json\/wp\/v2\/types\/post"}],"author":[{"embeddable":true,"href":"https:\/\/www.europesays.com\/fi\/wp-json\/wp\/v2\/users\/2"}],"replies":[{"embeddable":true,"href":"https:\/\/www.europesays.com\/fi\/wp-json\/wp\/v2\/comments?post=121029"}],"version-history":[{"count":0,"href":"https:\/\/www.europesays.com\/fi\/wp-json\/wp\/v2\/posts\/121029\/revisions"}],"wp:featuredmedia":[{"embeddable":true,"href":"https:\/\/www.europesays.com\/fi\/wp-json\/wp\/v2\/media\/121030"}],"wp:attachment":[{"href":"https:\/\/www.europesays.com\/fi\/wp-json\/wp\/v2\/media?parent=121029"}],"wp:term":[{"taxonomy":"category","embeddable":true,"href":"https:\/\/www.europesays.com\/fi\/wp-json\/wp\/v2\/categories?post=121029"},{"taxonomy":"post_tag","embeddable":true,"href":"https:\/\/www.europesays.com\/fi\/wp-json\/wp\/v2\/tags?post=121029"}],"curies":[{"name":"wp","href":"https:\/\/api.w.org\/{rel}","templated":true}]}}