{"id":121031,"date":"2025-12-20T00:28:15","date_gmt":"2025-12-20T00:28:15","guid":{"rendered":"https:\/\/www.europesays.com\/fi\/121031\/"},"modified":"2025-12-20T00:28:15","modified_gmt":"2025-12-20T00:28:15","slug":"tamkissa-juhlittiin-valmistuneita-saavutuksessanne-nakyy-ahkeruuden-motivaation-ja-sisun-liekki","status":"publish","type":"post","link":"https:\/\/www.europesays.com\/fi\/121031\/","title":{"rendered":"TAMKissa juhlittiin valmistuneita: \u201cSaavutuksessanne n\u00e4kyy ahkeruuden, motivaation ja sisun liekki\u201d"},"content":{"rendered":"<p class=\"Paragraph SCXW245080680 BCX0\">Koulutuksen vararehtori <strong>Katja Komulainen <\/strong>totesi\u00a0puheessaan, ett\u00e4 valmistuneiden opiskeluvuosia ovat leimanneet yhteiskunnan huolestuttavat mullistukset, kuten koronapandemia ja Ukrainan sota. Myllert\u00e4v\u00e4ss\u00e4 maailmassa osaavien ihmisten merkitys on entist\u00e4kin suurempi. Valmistuneiden oppimismatka ei p\u00e4\u00e4ty t\u00e4h\u00e4n, vaan jatkuu tulevissa opinnoissa, ty\u00f6el\u00e4m\u00e4ss\u00e4 ja jokaisessa kohtaamisessa.\u00a0<\/p>\n<p class=\"Paragraph SCXW245080680 BCX0\">\u2013 Saavutuksessanne n\u00e4kyy ahkeruuden, motivaation ja sisun liekki.\u00a0<\/p>\n<p class=\"Paragraph SCXW245080680 BCX0\">Komulainen kiitti valmistuneita siit\u00e4, ett\u00e4 he valitsivat juuri TAMKin opiskelupaikakseen. H\u00e4n osoitti arvostusta ulkomaalaisten valmistuneiden osaamista kohtaan ja kannusti heit\u00e4 j\u00e4\u00e4m\u00e4\u00e4n Suomeen t\u00f6ihin.\u00a0<\/p>\n<p class=\"Paragraph SCXW245080680 BCX0\">\u2013 Tehk\u00e4\u00e4 hyv\u00e4\u00e4 paitsi itsellenne my\u00f6s muille. Tekem\u00e4ll\u00e4 hyv\u00e4\u00e4 rakennamme parempaa yhteist\u00e4 tulevaisuutta meille kaikille.\u00a0<\/p>\n<p><img decoding=\"async\" src=\"https:\/\/www.europesays.com\/fi\/wp-content\/uploads\/2025\/12\/valmistujaiset_joulu_2025_intra-20.jpg\" alt=\"TAMKin vuoden alumni Moe Mustafa pit\u00e4\u00e4 puhetta juhlasalissa.\"\/>TAMKin vuoden alumni Moe MustafaKuva: <b>Heini P\u00e4\u00e4kk\u00f6nen<\/b><\/p>\n<p>Ep\u00e4varmuuden hetket johtavat kauniiseen lopputulokseen\u00a0<\/p>\n<p class=\"Paragraph SCXW245080680 BCX0\">Vuoden alumni, visuaalinen taiteilija, \u00e4\u00e4nitaiteilija sek\u00e4 teatterintekij\u00e4 <strong>Moe Mustafa<\/strong>, puhui positiivisen ajattelun voimasta, jonka ei pid\u00e4 antaa hiipua huonoinakaan hetkin\u00e4. H\u00e4n vertasi el\u00e4m\u00e4\u00e4 valokuvanegatiiviin, joka kehitet\u00e4\u00e4n valmiiksi kuvaksi. Ep\u00e4varmuuden ja ep\u00e4ilyksen tunteet saattavat tuntua ep\u00e4onnistumiselta, vaikka ne ovat t\u00e4rke\u00e4 ja opettavainen osa matkaa.\u00a0<\/p>\n<p class=\"Paragraph SCXW245080680 BCX0\">\u2013 \u00c4lk\u00e4\u00e4 pel\u00e4tk\u00f6 kehitysprosessia, sill\u00e4 se johtaa lopulta kauniiseen lopputulokseen. En malta odottaa, ett\u00e4 saan n\u00e4hd\u00e4 teid\u00e4n luomanne maailman, h\u00e4n sanoi valmistuneille.\u00a0<\/p>\n<p><img decoding=\"async\" src=\"https:\/\/www.europesays.com\/fi\/wp-content\/uploads\/2025\/12\/valmistujaiset_joulu_2025_intra-17.jpg\" alt=\"Valmistunut opiskelija Sami Paavilainen pit\u00e4\u00e4 puhetta TAMKin juhlasalissa.\"\/>Valmistunut opiskelija Sami PaavilainenKuva: <b>Heini P\u00e4\u00e4kk\u00f6nen<\/b><\/p>\n<p>Muistoja ja tarinoita kerrottavaksi\u00a0<\/p>\n<p class=\"Paragraph SCXW245080680 BCX0\">Valmistuvan opiskelijan puheen piti s\u00e4hk\u00f6- ja automaatiotekniikan insin\u00f6\u00f6ri (AMK) <strong>Sami Paavilainen<\/strong>. H\u00e4nen opiskeluaikansa on ollut mielenkiintoinen ja tapahtumarikas. Ennen TAMKiin tuloaan Paavilainen oli kuullut opiskelijabileist\u00e4 villej\u00e4 huhuja, jotka opiskeluaikana osoittautuivat todeksi.\u00a0<\/p>\n<p class=\"Paragraph SCXW245080680 BCX0\">Opinnot ovat tarjonneet my\u00f6s haastetta \u2013 motivaatio, jaksaminen ja ryhm\u00e4henki ovat v\u00e4lill\u00e4 olleet koetuksella. Kelan kirjeet ja raporttipohjan viimeisen sivun poistaminen ovat toisinaan aiheuttaneet p\u00e4\u00e4nvaivaa itse kullekin.\u00a0<\/p>\n<p class=\"Paragraph SCXW245080680 BCX0\">\u2013 Opiskeluaikana on syntynyt muistoja ja tarinoita kerrottavaksi. Valmistuminen ja opiskeluajan taakse j\u00e4tt\u00e4minen tuntuu haikealta, mutta onneksi uudet mahdollisuudet odottavat meit\u00e4, Paavilainen sanoi.\u00a0<\/p>\n<p><img decoding=\"async\" src=\"https:\/\/www.europesays.com\/fi\/wp-content\/uploads\/2025\/12\/valmistujaiset_joulu_2025_intra-23.jpg\" alt=\"Valmistuneita opiskelijoita istuu TAMKin juhlasalin katsomossa ja seuraa juhlaohjelmaa.\"\/>Kuva: <b>Heini P\u00e4\u00e4kk\u00f6nen<\/b><\/p>\n<p>Vuoden tamkilaiset palkittiin\u00a0<\/p>\n<p class=\"Paragraph SCXW245080680 BCX0\">Vararehtori Katja Komulainen ja opiskelijakunta Tamkon puheenjohtaja <strong>Jarkko Hannula<\/strong> palkitsivat vuoden tamkilaiset. Vuoden opettajana palkittiin sosiaali- ja terveysalan lehtori <strong>Tuija Landstr\u00f6m <\/strong>ja vuoden muuna henkil\u00f6st\u00f6n j\u00e4senen\u00e4 koordinaattori <strong>Marja Honkanen<\/strong> koulutuksen ja oppimisen palveluista. Vuoden opiskelijan palkinnon sai <strong>Iida Aaltonen<\/strong> verkostoissa oppimisen ja osaamisen tutkinto-ohjelmasta.\u00a0<\/p>\n<p class=\"Paragraph SCXW245080680 BCX0\">Musiikkiopiskelijat <strong>Aliina Hiljanen<\/strong> ja <strong>Hilma Salo<\/strong> vastasivat juhlan musiikkiesityksist\u00e4. TAMKin tukis\u00e4\u00e4ti\u00f6n hallituksen varapuheenjohtaja <strong>Arto Vuojolainen<\/strong> kertoi stipendeist\u00e4 ja v\u00e4litti tukis\u00e4\u00e4ti\u00f6n onnittelut valmistuneille.\u00a0<\/p>\n<p class=\"Paragraph SCXW245080680 BCX0\">Juhlan p\u00e4\u00e4tteeksi sairaanhoitajiksi valmistuneet antoivat sairaanhoitajan lupauksen.\u00a0<\/p>\n","protected":false},"excerpt":{"rendered":"Koulutuksen vararehtori Katja Komulainen totesi\u00a0puheessaan, ett\u00e4 valmistuneiden opiskeluvuosia ovat leimanneet yhteiskunnan huolestuttavat mullistukset, kuten koronapandemia ja Ukrainan sota.&hellip;\n","protected":false},"author":2,"featured_media":121032,"comment_status":"","ping_status":"","sticky":false,"template":"","format":"standard","meta":{"footnotes":""},"categories":[12],"tags":[22,23,26,27,33,31,30,17,24,25,28,29,15,18,21,32,19,20,16],"class_list":{"0":"post-121031","1":"post","2":"type-post","3":"status-publish","4":"format-standard","5":"has-post-thumbnail","7":"category-suomi","8":"tag-breaking-news","9":"tag-breakingnews","10":"tag-featured-news","11":"tag-featurednews","12":"tag-fi","13":"tag-finland","14":"tag-finnish","15":"tag-headlines","16":"tag-latest-news","17":"tag-latestnews","18":"tag-main-news","19":"tag-mainnews","20":"tag-news","21":"tag-otsikot","22":"tag-paauutiset","23":"tag-suomi","24":"tag-top-stories","25":"tag-topstories","26":"tag-uutiset"},"share_on_mastodon":{"url":"https:\/\/pubeurope.com\/@fi\/115749067753308453","error":""},"_links":{"self":[{"href":"https:\/\/www.europesays.com\/fi\/wp-json\/wp\/v2\/posts\/121031","targetHints":{"allow":["GET"]}}],"collection":[{"href":"https:\/\/www.europesays.com\/fi\/wp-json\/wp\/v2\/posts"}],"about":[{"href":"https:\/\/www.europesays.com\/fi\/wp-json\/wp\/v2\/types\/post"}],"author":[{"embeddable":true,"href":"https:\/\/www.europesays.com\/fi\/wp-json\/wp\/v2\/users\/2"}],"replies":[{"embeddable":true,"href":"https:\/\/www.europesays.com\/fi\/wp-json\/wp\/v2\/comments?post=121031"}],"version-history":[{"count":0,"href":"https:\/\/www.europesays.com\/fi\/wp-json\/wp\/v2\/posts\/121031\/revisions"}],"wp:featuredmedia":[{"embeddable":true,"href":"https:\/\/www.europesays.com\/fi\/wp-json\/wp\/v2\/media\/121032"}],"wp:attachment":[{"href":"https:\/\/www.europesays.com\/fi\/wp-json\/wp\/v2\/media?parent=121031"}],"wp:term":[{"taxonomy":"category","embeddable":true,"href":"https:\/\/www.europesays.com\/fi\/wp-json\/wp\/v2\/categories?post=121031"},{"taxonomy":"post_tag","embeddable":true,"href":"https:\/\/www.europesays.com\/fi\/wp-json\/wp\/v2\/tags?post=121031"}],"curies":[{"name":"wp","href":"https:\/\/api.w.org\/{rel}","templated":true}]}}