{"id":121033,"date":"2025-12-20T00:29:09","date_gmt":"2025-12-20T00:29:09","guid":{"rendered":"https:\/\/www.europesays.com\/fi\/121033\/"},"modified":"2025-12-20T00:29:09","modified_gmt":"2025-12-20T00:29:09","slug":"poliisi-tutkii-epailtya-tapon-yritysta-mantta-vilppulassa","status":"publish","type":"post","link":"https:\/\/www.europesays.com\/fi\/121033\/","title":{"rendered":"Poliisi tutkii ep\u00e4ilty\u00e4 tapon yrityst\u00e4 M\u00e4ntt\u00e4-Vilppulassa"},"content":{"rendered":"<p>Sis\u00e4-Suomen poliisin mukaan asiasta annetaan lis\u00e4tietoja lauantaina.<\/p>\n<p>19.12. 21:20<\/p>\n<p class=\"article-body mb-nof-24 px-nof-16\">Aamulehti<\/p>\n<p class=\"article-body mb-nof-24 px-nof-16\">Poliisi tutkii torstai-iltana tapahtunutta ep\u00e4ilty\u00e4 tapon yrityst\u00e4 M\u00e4ntt\u00e4-Vilppulassa.<\/p>\n<p class=\"article-body mb-nof-24 px-nof-16\">Vilppulassa oli torstai-iltana poliisioperaatio kello 21 aikaan. <a class=\"article-genericlink article-em\" href=\"https:\/\/www.kmvlehti.fi\/uutiset\/art-2000011704082.html\" rel=\"nofollow noopener\" target=\"_blank\">KMV-lehden<\/a> mukaan Parkkivuoren alueella n\u00e4htiin useita poliisin yksik\u00f6it\u00e4 sek\u00e4 ambulanssi ja l\u00e4\u00e4k\u00e4riauto.<\/p>\n<p class=\"article-body mb-nof-24 px-nof-16\">Sis\u00e4-Suomen poliisista kerrotaan, ett\u00e4 asiasta annetaan lis\u00e4tietoja lauantain aikana.<\/p>\n","protected":false},"excerpt":{"rendered":"Sis\u00e4-Suomen poliisin mukaan asiasta annetaan lis\u00e4tietoja lauantaina. 19.12. 21:20 Aamulehti Poliisi tutkii torstai-iltana tapahtunutta ep\u00e4ilty\u00e4 tapon yrityst\u00e4 M\u00e4ntt\u00e4-Vilppulassa.&hellip;\n","protected":false},"author":2,"featured_media":1431,"comment_status":"","ping_status":"","sticky":false,"template":"","format":"standard","meta":{"footnotes":""},"categories":[5],"tags":[157,22,23,26,27,33,31,30,17,24,25,28,29,15,18,21,32,19,20,16],"class_list":{"0":"post-121033","1":"post","2":"type-post","3":"status-publish","4":"format-standard","5":"has-post-thumbnail","7":"category-otsikot","8":"tag-aamulehti","9":"tag-breaking-news","10":"tag-breakingnews","11":"tag-featured-news","12":"tag-featurednews","13":"tag-fi","14":"tag-finland","15":"tag-finnish","16":"tag-headlines","17":"tag-latest-news","18":"tag-latestnews","19":"tag-main-news","20":"tag-mainnews","21":"tag-news","22":"tag-otsikot","23":"tag-paauutiset","24":"tag-suomi","25":"tag-top-stories","26":"tag-topstories","27":"tag-uutiset"},"share_on_mastodon":{"url":"https:\/\/pubeurope.com\/@fi\/115749071297657255","error":""},"_links":{"self":[{"href":"https:\/\/www.europesays.com\/fi\/wp-json\/wp\/v2\/posts\/121033","targetHints":{"allow":["GET"]}}],"collection":[{"href":"https:\/\/www.europesays.com\/fi\/wp-json\/wp\/v2\/posts"}],"about":[{"href":"https:\/\/www.europesays.com\/fi\/wp-json\/wp\/v2\/types\/post"}],"author":[{"embeddable":true,"href":"https:\/\/www.europesays.com\/fi\/wp-json\/wp\/v2\/users\/2"}],"replies":[{"embeddable":true,"href":"https:\/\/www.europesays.com\/fi\/wp-json\/wp\/v2\/comments?post=121033"}],"version-history":[{"count":0,"href":"https:\/\/www.europesays.com\/fi\/wp-json\/wp\/v2\/posts\/121033\/revisions"}],"wp:featuredmedia":[{"embeddable":true,"href":"https:\/\/www.europesays.com\/fi\/wp-json\/wp\/v2\/media\/1431"}],"wp:attachment":[{"href":"https:\/\/www.europesays.com\/fi\/wp-json\/wp\/v2\/media?parent=121033"}],"wp:term":[{"taxonomy":"category","embeddable":true,"href":"https:\/\/www.europesays.com\/fi\/wp-json\/wp\/v2\/categories?post=121033"},{"taxonomy":"post_tag","embeddable":true,"href":"https:\/\/www.europesays.com\/fi\/wp-json\/wp\/v2\/tags?post=121033"}],"curies":[{"name":"wp","href":"https:\/\/api.w.org\/{rel}","templated":true}]}}