{"id":121038,"date":"2025-12-20T00:50:28","date_gmt":"2025-12-20T00:50:28","guid":{"rendered":"https:\/\/www.europesays.com\/fi\/121038\/"},"modified":"2025-12-20T00:50:28","modified_gmt":"2025-12-20T00:50:28","slug":"parasta-juuri-nyt-19-12-2025-ruben-stiller-ding-ma-erikoisjoukot-beethoven-friisi-vuoristolaiset","status":"publish","type":"post","link":"https:\/\/www.europesays.com\/fi\/121038\/","title":{"rendered":"Parasta juuri nyt (19.12.2025): Ruben Stiller, Ding Ma, Erikoisjoukot, Beethoven-friisi, Vuoristolaiset"},"content":{"rendered":"<p class=\"p1\">Radio\u00e4\u00e4ni ja toimittaja <b>Ruben Stiller<\/b> j\u00e4\u00e4 el\u00e4kkeelle. Viimeinen kolakanironinen \u00e4hk\u00e4isy juutalaisen \u00e4lyk\u00f6n suusta kuultiin Ylen ykk\u00f6sell\u00e4 perjantaina (19.12.2025) klo 10. Emme saa en\u00e4\u00e4 kev\u00e4\u00e4ll\u00e4 viikoittaista kaivattua saarnaa.<\/p>\n<p class=\"p1\">Kuka nyt hihitt\u00e4\u00e4 korviini vastapainona raskaille sanoilleen ja k\u00e4rkk\u00e4ille ajatuksilleen?<\/p>\n<p class=\"p1\">Eik\u00e4 Ruben hiljenek\u00e4\u00e4n. H\u00e4n alkaa vet\u00e4\u00e4 <a href=\"https:\/\/areena.yle.fi\/1-2587342\" rel=\"nofollow noopener\" target=\"_blank\">Py\u00f6re\u00e4n p\u00f6yd\u00e4n<\/a> keskusteluja Radio Suomessa tammikuusta l\u00e4htien.<\/p>\n<p class=\"p1\">Yksi parhaista Rubenin keskusteluista k\u00e4ytiin itsen\u00e4isyysp\u00e4iv\u00e4n alla sosiaaliantropologi ja psykoterapeutti, kirjailija <b>Katriina J\u00e4rvisen<\/b> kanssa. He puntaroivat montako minuutta ihmiseen mahtuu.<\/p>\n<p class=\"p1\">J\u00e4rvinen on l\u00e4ht\u00f6isin helluntailaisesta perheest\u00e4 ja edet\u00e4kseen nykyiseen akateemiseen asemaansa h\u00e4nen oli otettava pes\u00e4ero taustaansa ja luotava minuutensa uudestaan.<\/p>\n<p class=\"p1\">J\u00e4rvisen piti rikkoa sek\u00e4 ty\u00f6v\u00e4enluokkaiset ett\u00e4 uskonnollisen yhteis\u00f6n aidat l\u00f6yt\u00e4\u00e4kseen identiteetin tutkijana.<\/p>\n<p class=\"p1\">J\u00e4rvisen ja <b>Laura Kolben<\/b> teos Luokkaretkell\u00e4 hyvinvointiyhteiskunnassa (2007, Kirjapaja) nosti silloisten 30\u201350-vuotiaiden k\u00e4sityksi\u00e4 ja tuntemuksia p\u00e4iv\u00e4nvaloon tiettyyn luokkaan kuulumisesta ja luokasta toiseen siirtymisest\u00e4.<\/p>\n<p class=\"p1\">Ohjelmasta j\u00e4\u00e4 puhtaana k\u00e4teen ainakin J\u00e4rvisen toteamus siit\u00e4, miten omasta historiasta on helppo puhua, jos tarina on ollut hyvi\u00e4 kokemuksia t\u00e4ynn\u00e4 ja el\u00e4m\u00e4 edennyt onnistumisten kautta. N\u00e4it\u00e4h\u00e4n omael\u00e4m\u00e4kerrat ovat pullollaan.<\/p>\n<p class=\"p1\">Mutta jos el\u00e4m\u00e4 on ollut selviytymist\u00e4, takapakkeja ja masennusta, sairauksia ja konkursseja, tarinaa harvemmin haluaa levitell\u00e4 kirjaksi asti.<\/p>\n<p class=\"p1\">El\u00e4m\u00e4ntarinan yhten\u00e4isyys ja vaikuttavuus on osa positiivista minuutta.<\/p>\n<p class=\"p1\">Kiinalaissyntyinen, nyky\u00e4\u00e4n Suomen kansalainen ja Lappeenrannan elinvoimajohtaja <b>Ding Ma<\/b>, 37, on valittu Savonlinnan uudeksi kaupunginjohtajaksi.<\/p>\n<p class=\"p1\">Mit\u00e4 t\u00e4st\u00e4 pit\u00e4isi ajatella? Alkaako todellinen Isoveli valvoa Etel\u00e4-Savoa?<\/p>\n<p class=\"p1\">Itse ajattelen, ett\u00e4 h\u00e4nen valinnassaan toteutuu suomalainen demokratia. T\u00e4m\u00e4 ihminen on \u00e4\u00e4rett\u00f6m\u00e4n p\u00e4tev\u00e4, koulutettu ja innostunut Suomesta.<\/p>\n<p class=\"p1\">H\u00e4n on innostuneempi Suomesta kuin monet umpisuomalaiset, puhumattakaan perussuomalaisista poliitikoista, joiden aiheuttamaa mainehaittaa my\u00f6s Ding Ma on saanut viime p\u00e4ivin\u00e4 asiantuntijana meille selitt\u00e4\u00e4.<\/p>\n<p class=\"p1\">Uudella kaupunginjohtajalla on joka tapauksessa kuuden vuoden loistosauma n\u00e4ytt\u00e4\u00e4, ett\u00e4 Saimaa, Savonlinna ja Oopperajuhlat on kiinnostava yht\u00e4l\u00f6, jonne kannattaa Aasian miljoonakaupunkien savusumuista suunnistaa.<\/p>\n<p class=\"p1\">Olen koukussa <a href=\"https:\/\/www.ruutu.fi\/ohjelmat\/erikoisjoukot\" rel=\"nofollow noopener\" target=\"_blank\">Erikoisjoukot<\/a>-sarjaan.<\/p>\n<p class=\"p1\">Ei, en voi siet\u00e4\u00e4 sen sch\u00e4ferilt\u00e4 oppinsa hakeneita kouluttajia ja murisevaa voiceoveria, taustan mylviv\u00e4\u00e4 \u00e4\u00e4nimaailmaa tai ylipitki\u00e4 mainostaukoja.<\/p>\n<p class=\"p1\">Mutta aikana, jolloin kaikki on yksil\u00f6n hyvinvoinnin nimiss\u00e4 ok ja jokaista on kuultava ja ymm\u00e4rrett\u00e4v\u00e4, haluan ymm\u00e4rt\u00e4\u00e4 vaihteeksi my\u00f6s \u00e4\u00e4ritilanteita.\u00a0<\/p>\n<p class=\"p5\">Silloin vain teot ratkaisevat selittelyjen sijaan.<\/p>\n<p class=\"p5\">Kisaan l\u00e4hteneet ovat my\u00f6s kiinnostavia ihmisin\u00e4. Kun n\u00e4yttelij\u00e4 <b>Karoliina Blackburn<\/b> putosi kolmosjakson j\u00e4lkeen, harmitti viet\u00e4v\u00e4sti, ettei h\u00e4n p\u00e4\u00e4ssyt n\u00e4ytt\u00e4m\u00e4\u00e4n uimahypp\u00e4\u00e4j\u00e4n tai sukeltajan taitojaan.<\/p>\n<p class=\"p5\">Tai kun j\u00e4\u00e4uimari <b>Elina M\u00e4kisen<\/b> urakka tyss\u00e4si 13. jaksossa aikaa vastaan juoksuun, kiukutti menett\u00e4\u00e4 katsottavista se sananmukaisesti \u201dcoolein\u201d tyyppi.<\/p>\n<p class=\"p5\">\u00c4\u00e4ritilanteisiin hankkiudutaan, kun oma psyyke vaatii rajuakin testausta jonkin henkil\u00f6kohtaisen kriisin j\u00e4lkeen.<\/p>\n<p class=\"p5\">Salibandyn pelaaja <b>Nico Salon<\/b> avautumiset ja tunnustukset perheenis\u00e4n surusta ovat olleet sarjan koskettavinta antia.<\/p>\n<p class=\"p5\">Viimeist\u00e4 kirjett\u00e4 kirjoittaessaan kaikki nelj\u00e4 j\u00e4ljell\u00e4olevaa itkev\u00e4t yksin ja yhdess\u00e4.<\/p>\n<p class=\"p1\">Erikoisjoukot <a href=\"https:\/\/www.ruutu.fi\/ohjelmat\/erikoisjoukot\" rel=\"nofollow noopener\" target=\"_blank\">Ruutu.fi-palvelussa<\/a>.<\/p>\n<p><img fetchpriority=\"high\" decoding=\"async\" aria-describedby=\"caption-attachment-111146\" class=\"wp-image-111146 size-full\" src=\"https:\/\/www.europesays.com\/fi\/wp-content\/uploads\/2025\/12\/1000047023.jpg\" alt=\"1000047023\" width=\"1300\" height=\"585\"  \/><\/p>\n<p id=\"caption-attachment-111146\" class=\"wp-caption-text\">Kuva: Anne V\u00e4linoro<\/p>\n<p class=\"p1\">Beethoven-friisi on <b>Gustav Klimtin<\/b> tulkinta <b>Ludwig van Beethovenin<\/b> yhdeks\u00e4nnen sinfonian filosofisesta sis\u00e4ll\u00f6st\u00e4.\u00a0<\/p>\n<p class=\"p5\">Se on n\u00e4ht\u00e4viss\u00e4 rekonstruktiona Ateneumin <a href=\"https:\/\/gallen-kallela.fi\/gallen-kallela-nayttavasti-esilla-ateneumin-uudessa-nayttelyssa\/?gad_source=1&amp;gad_campaignid=23061614099&amp;gbraid=0AAAAA9j_VP5HUZROA31uSywvlzTJS_hPI&amp;gclid=Cj0KCQiAjJTKBhCjARIsAIMC448XNOkJd8PFLEjBFEI49w9n7F21jI17oWAtFOpoXzTKq1Ox-MIyneIaAiPKEALw_wcB\" rel=\"nofollow noopener\" target=\"_blank\">Gallen-Kallela,\u00a0Klimt &amp; Wien<\/a> -n\u00e4yttelyss\u00e4. Alkuper\u00e4isen friisin omistaa It\u00e4vallan valtio. Pelk\u00e4st\u00e4\u00e4n tuon teoksen takia kannattaa n\u00e4yttely n\u00e4hd\u00e4. <\/p>\n<p class=\"p5\">Beethovenin yhdeks\u00e4s sinfonia kuuluu samassa tilassa, johon teos on tehty.<\/p>\n<p class=\"p5\">Oodi ilolle ja ihmiskunnalle sis\u00e4lt\u00e4\u00e4 ylti\u00f6positiivisen n\u00e4kemyksen t\u00e4st\u00e4 s\u00f6ssiv\u00e4st\u00e4, sikailevasta ja sotivasta lajista.<\/p>\n<p class=\"p5\">Mutta Klimt oli ylimaallisen hyv\u00e4 kuvataiteilija.<\/p>\n<p class=\"p1\">Kullattua tarinaa ihmiskunnan ikuisesta pyrkimyksest\u00e4 onnellisuuteen, kamppailusta pahuutta vastaan ja onnen l\u00f6yt\u00e4misest\u00e4 taiteen ja kauneuden avulla voisi tuijottaa kaamoksessa tuntitolkulla.\u00a0<\/p>\n<p class=\"p1\">Hahmot ovat sadunomaisia, h\u00e4kellytt\u00e4v\u00e4n omaper\u00e4isi\u00e4 kuvataiteen ihmeit\u00e4. <\/p>\n<p class=\"p5\">Sen ovat toteuttaneet Belvederen taidemuseon konservaattorit. He restauroivat my\u00f6s Gustav Klimtin sein\u00e4maalaukset alkuper\u00e4iseen loistoonsa.\u00a0\u00a0<\/p>\n<p class=\"p1\"><a href=\"https:\/\/kulttuuritoimitus.fi\/artikkelit-kolumnit\/kolumnit-parasta-juuri-nyt\/parasta-juuri-nyt-19-12-2025-ruben-stiller-ding-ma-erikoisjoukot-beethoven-friisi-vuoristolaiset\/Alkuper%C3%A4isen%20friisin%20omistaa%20It%C3%A4vallan%20valtio.\" rel=\"nofollow noopener\" target=\"_blank\">Gallen-Kallela, Klimt &amp; Wien<\/a> Ateneumissa 1.2.2026 asti.<\/p>\n<p class=\"p5\">Kaukasia, kaksi vuorijonoa ja niiden v\u00e4liset laaksot saavat <b>Ville Ropposen<\/b> ja <b>Mikko Palonkorven<\/b> <a href=\"https:\/\/vastapaino.fi\/sivu\/tuote\/vuoristolaiset\/5346340\" rel=\"nofollow noopener\" target=\"_blank\">Vuoristolaiset<\/a>-tietokirjassa (Vastapaino, 2025) seikkaper\u00e4isen kuvauksen historiasta t\u00e4h\u00e4n p\u00e4iv\u00e4\u00e4n.<\/p>\n<p class=\"p5\">Ropponen ja Palonkorpi ovat erinomaisen ilmeikk\u00e4it\u00e4 kirjoittajia, joiden lampaat eiv\u00e4t liiku laumoina vaan lampaita tulvii vuoripoluilla ja tiet kiemurtavat k\u00e4\u00e4rmein\u00e4.<\/p>\n<p class=\"p5\">Ropposen ja Palonkorven kirja Azerbaidzhanista, Georgiasta ja Armeniasta on mennyt vuorten luo, kumartaa niille ja kertoo n\u00f6yr\u00e4sti kaiken eteen p\u00f6l\u00e4ht\u00e4v\u00e4n Mustanmeren ja Kaspianmeren v\u00e4liss\u00e4.<\/p>\n<p class=\"p5\">Sumusta eteen avautuvat kuilut ovat imaista kulkijat kerran jos toisenkin.<\/p>\n<p class=\"p5\">Tarkkaan kirjattujen kilometrien ja kuskien persoonallisuuksien lis\u00e4ksi selk\u00e4repussa kulkee molemmilla sellainen m\u00e4\u00e4r\u00e4 vuorilta poimittuja tiedonlohkareita, ett\u00e4 lukijakin n\u00e4\u00e4ntyy.<\/p>\n<p class=\"p5\">No, onhan alueella kieli l\u00e4hes jokaiselle kyl\u00e4lle ja uskontokin nyppyl\u00e4\u00e4ns\u00e4 kohti, viel\u00e4p\u00e4 luonnonuskonto.<\/p>\n<p class=\"p5\">On 3 000 vuoden menneisyys, itsen\u00e4istymisen aika, neuvostoaika ja Ven\u00e4j\u00e4n aika.<\/p>\n<p><img loading=\"lazy\" decoding=\"async\" aria-describedby=\"caption-attachment-111144\" class=\"wp-image-111144 size-large\" src=\"https:\/\/www.europesays.com\/fi\/wp-content\/uploads\/2025\/12\/1000048496-676x1024.jpg\" alt=\"1000048496\" width=\"676\" height=\"1024\"\/><\/p>\n<p id=\"caption-attachment-111144\" class=\"wp-caption-text\">Kuva: Mikko Palonkorpi \/ Vastapaino<\/p>\n<p class=\"p5\">Mutta jos on aikeissa matkustaa suunnalle, kyll\u00e4 t\u00e4t\u00e4 kannattaa selata jo maailmanpolitiikkaakin ymm\u00e4rt\u00e4\u00e4kseen.<\/p>\n<p class=\"p5\">Stalinin kotimaa oli Georgia, turkkilaisten tekem\u00e4 armenialaisten kansanmurha 1914\u20131918 on edelleen tunnustamatta ja Turkin EU-j\u00e4senyyden tiell\u00e4. Armenian ja Azerbaidzhanin v\u00e4lej\u00e4 j\u00e4yt\u00e4\u00e4 Vuoristo-Karabahin konflikti.<\/p>\n<p class=\"p5\">Vuorilla tuulee edelleen ja aina. Vuorimaat kasvattavat sitkeit\u00e4 ihmisi\u00e4, jotka siell\u00e4 pysyv\u00e4t, on toinen klisee.<\/p>\n<p class=\"p5\">Nyky\u00e4\u00e4n nuoret pakenevat vuorilta Bakun ja Tbilisin kaltaisiin miljoonakaupunkeihin ty\u00f6n per\u00e4ss\u00e4.<\/p>\n<p class=\"p5\">Vanhat j\u00e4\u00e4v\u00e4t ja kehitt\u00e4v\u00e4t l\u00e4mmikkeit\u00e4\u00e4n selvit\u00e4kseen.<\/p>\n<p class=\"p5\">Niit\u00e4 maistelevat turistit yll\u00e4pit\u00e4\u00e4kseen legendaa vuorten ikij\u00e4\u00e4rist\u00e4.<\/p>\n<p class=\"p5\">Kirjassa on mainioita valokuvia vuorten ihmisist\u00e4, kylist\u00e4 ja laaksoista, mutta paperin heikko laatu ei anna oikeutta mustavalkokuville.<\/p>\n<p class=\"p5\" style=\"text-align: right;\">Anne V\u00e4linoro<\/p>\n","protected":false},"excerpt":{"rendered":"Radio\u00e4\u00e4ni ja toimittaja Ruben Stiller j\u00e4\u00e4 el\u00e4kkeelle. Viimeinen kolakanironinen \u00e4hk\u00e4isy juutalaisen \u00e4lyk\u00f6n suusta kuultiin Ylen ykk\u00f6sell\u00e4 perjantaina (19.12.2025)&hellip;\n","protected":false},"author":2,"featured_media":121039,"comment_status":"","ping_status":"","sticky":false,"template":"","format":"standard","meta":{"footnotes":""},"categories":[130],"tags":[21797,21798,137,2159,33,31,30,10472,21799,16688,32,109,21800,21801],"class_list":{"0":"post-121038","1":"post","2":"type-post","3":"status-publish","4":"format-standard","5":"has-post-thumbnail","7":"category-viihde","8":"tag-beethoven-friisi","9":"tag-ding-ma","10":"tag-entertainment","11":"tag-erikoisjoukot","12":"tag-fi","13":"tag-finland","14":"tag-finnish","15":"tag-gustav-klimt","16":"tag-mikko-palonkorpi","17":"tag-ruben-stiller","18":"tag-suomi","19":"tag-viihde","20":"tag-ville-ropponen","21":"tag-vuoristolaiset"},"share_on_mastodon":{"url":"https:\/\/pubeurope.com\/@fi\/115749154017092890","error":""},"_links":{"self":[{"href":"https:\/\/www.europesays.com\/fi\/wp-json\/wp\/v2\/posts\/121038","targetHints":{"allow":["GET"]}}],"collection":[{"href":"https:\/\/www.europesays.com\/fi\/wp-json\/wp\/v2\/posts"}],"about":[{"href":"https:\/\/www.europesays.com\/fi\/wp-json\/wp\/v2\/types\/post"}],"author":[{"embeddable":true,"href":"https:\/\/www.europesays.com\/fi\/wp-json\/wp\/v2\/users\/2"}],"replies":[{"embeddable":true,"href":"https:\/\/www.europesays.com\/fi\/wp-json\/wp\/v2\/comments?post=121038"}],"version-history":[{"count":0,"href":"https:\/\/www.europesays.com\/fi\/wp-json\/wp\/v2\/posts\/121038\/revisions"}],"wp:featuredmedia":[{"embeddable":true,"href":"https:\/\/www.europesays.com\/fi\/wp-json\/wp\/v2\/media\/121039"}],"wp:attachment":[{"href":"https:\/\/www.europesays.com\/fi\/wp-json\/wp\/v2\/media?parent=121038"}],"wp:term":[{"taxonomy":"category","embeddable":true,"href":"https:\/\/www.europesays.com\/fi\/wp-json\/wp\/v2\/categories?post=121038"},{"taxonomy":"post_tag","embeddable":true,"href":"https:\/\/www.europesays.com\/fi\/wp-json\/wp\/v2\/tags?post=121038"}],"curies":[{"name":"wp","href":"https:\/\/api.w.org\/{rel}","templated":true}]}}