{"id":121042,"date":"2025-12-20T00:54:19","date_gmt":"2025-12-20T00:54:19","guid":{"rendered":"https:\/\/www.europesays.com\/fi\/121042\/"},"modified":"2025-12-20T00:54:19","modified_gmt":"2025-12-20T00:54:19","slug":"kristillinen-nationalismi-on-pelottavaa-sanoo-arkkipiispa-ja-pelkaa-usan-uusoikeistolaisuuden-leviamista-suomeen-kotimaa","status":"publish","type":"post","link":"https:\/\/www.europesays.com\/fi\/121042\/","title":{"rendered":"\u201dKristillinen nationalismi on pelottavaa\u201d, sanoo arkkipiispa ja pelk\u00e4\u00e4 USA:n uus\u00adoikeistolaisuuden levi\u00e4mist\u00e4 Suomeen | Kotimaa"},"content":{"rendered":"<p class=\"aw-1gybjub aw-5vja16 kEtdKx kmuxyA yle__article__paragraph\">Arkkipiispa pelk\u00e4\u00e4 Trumpin MAGA-liikkeen vaikutuksen kasvua my\u00f6s Suomessa.<\/p>\n<p><img decoding=\"async\" alt=\"Tapio Luoma pit\u00e4\u00e4 k\u00e4si\u00e4 p\u00e4\u00e4ns\u00e4 p\u00e4\u00e4ll\u00e4.\" src=\"https:\/\/www.europesays.com\/fi\/wp-content\/uploads\/2025\/12\/39-157291869457b9108bd7.jpeg\" class=\"aw-1l9m598 hKVVvP\"\/><\/p>\n<p>Avaa kuvien katselu<\/p>\n<p>Arkkipiispa Tapio Luoman mukaan rasismi on synti\u00e4. Luoma kuvattiin vuonna 2020. Kuva: Juha Metso \/ AOP<\/p>\n<ul class=\"aw-1jjocuh iJTSwP yle__article__list yle__article__list--ul\">\n<li class=\"aw-1j7gwms gNYKfi\">Arkkipiispa Tapio Luoma on huolissaan Trumpin MAGA-liikkeen kristillisen nationalismin levi\u00e4misest\u00e4 Suomeen.<\/li>\n<li class=\"aw-1j7gwms gNYKfi\">Luoman mukaan ilmi\u00f6 n\u00e4kyy muun muassa naispappeuden vastustuksen kasvuna ja kielenk\u00e4yt\u00f6n koventumisena.<\/li>\n<li class=\"aw-1j7gwms gNYKfi\">H\u00e4n pit\u00e4\u00e4 kristillist\u00e4 nationalismia pelottavana ja luterilaiselle ajattelulle vieraana ilmi\u00f6n\u00e4.<\/li>\n<li class=\"aw-1j7gwms gNYKfi\">Luoma sanoo, ett\u00e4 kaikenlainen rasismi on ehdottomasti v\u00e4\u00e4rin ja synti\u00e4.<\/li>\n<\/ul>\n<p class=\"aw-1gybjub aw-1p7kakr kEtdKx cEmitX yle__article__paragraph\">Suomen evankelis-luterilaisen kirkon johtaja, arkkipiispa <strong class=\"aw-ak79eh KyCXm yle__article__strong\">Tapio Luoma<\/strong>, on huolissaan presidentti <strong class=\"aw-ak79eh KyCXm yle__article__strong\">Donald Trumpin<\/strong> <a class=\"aw-iao6s4 iHOxEa yle__article__link\" href=\"https:\/\/yle.fi\/a\/74-20180868\" role=\"link\" rel=\"nofollow noopener\" target=\"_blank\">MAGA-liikkeen kristillisyyden ja uusoikeistolaisuuden<\/a> levi\u00e4misest\u00e4 Suomeen.<\/p>\n<p class=\"aw-1gybjub aw-1p7kakr kEtdKx cEmitX yle__article__paragraph\">\u2013 Siin\u00e4 on monia huolestuttavia piirteit\u00e4. Nimenomaan kristillinen nationalismi on pelottavaa. Ja se, jos se halutaan valtavirtaiseksi kristillisen uskon muodoksi.<\/p>\n<p class=\"aw-1gybjub aw-1p7kakr kEtdKx cEmitX yle__article__paragraph\">Luoman mukaan trumpilaisuudesta on n\u00e4ht\u00e4vill\u00e4 kaikuja Suomessa, muun muassa naispappeuden vastustuksen voimistumisena. My\u00f6s samaa sukupuolta olevien vihkimisen vastustus ja koventunut kielenk\u00e4ytt\u00f6 kertovat MAGA-liikkeen lis\u00e4\u00e4ntyneest\u00e4 vaikutuksesta.<\/p>\n<p class=\"aw-1gybjub aw-1p7kakr kEtdKx cEmitX yle__article__paragraph\">\u2013 Trumpin tapa k\u00e4ytt\u00e4\u00e4 kielt\u00e4 ja kristillist\u00e4 uskoa vetoaa moniin ihmisiin. Samaan aikaan unohdetaan se, ett\u00e4 Trumpin kristillisyydest\u00e4 voidaan olla montaa mielt\u00e4.<\/p>\n<p>Naispappeuden vastustus kasvamassa<\/p>\n<p class=\"aw-1gybjub aw-1p7kakr kEtdKx cEmitX yle__article__paragraph\">Suomen evankelis-luterilaista kirkkoa on repinyt jo nelj\u00e4kymment\u00e4 vuotta kiista naispappeudesta, eik\u00e4 asia ole laantumaan p\u00e4in.<\/p>\n<p class=\"aw-1gybjub aw-1p7kakr kEtdKx cEmitX yle__article__paragraph\">Viimeaikaiset tapahtumat esimerkiksi<a class=\"aw-iao6s4 iHOxEa yle__article__link\" href=\"https:\/\/yle.fi\/a\/74-20199064\" role=\"link\" rel=\"nofollow noopener\" target=\"_blank\"> Porissa, jossa naispappeutta vastustava her\u00e4tysliike<\/a> j\u00e4rjest\u00e4\u00e4 luvattomia ehtoollisia, saa arkkipiispan surulliseksi.<\/p>\n<p class=\"aw-1gybjub aw-1p7kakr kEtdKx cEmitX yle__article__paragraph\">\u2013 Tilanne on ollut k\u00e4rjistym\u00e4\u00e4n p\u00e4in. Valitettavasti ei ole n\u00e4k\u00f6piiriss\u00e4 polkua, jossa p\u00e4\u00e4st\u00e4isiin hyv\u00e4ll\u00e4 tavalla eteenp\u00e4in. Itse haluan ty\u00f6skennell\u00e4 sen eteen, ett\u00e4 ymm\u00e4rrys lis\u00e4\u00e4ntyisi, arkkipiispa Tapio Luoma sanoo.<\/p>\n<p class=\"aw-1gybjub aw-1p7kakr kEtdKx cEmitX yle__article__paragraph\">Arkkipiispan mukaan naispappeusasiassa on havaittavissa yhtym\u00e4kohtia Trumpin MAGA-liikkeeseen. V\u00e4hint\u00e4\u00e4n heijastusvaikutukset tulevat USA:n evankeliaanisesta kristillisyydest\u00e4.<\/p>\n<p class=\"aw-1gybjub aw-1p7kakr kEtdKx cEmitX yle__article__paragraph\">\u2013 Naispappeuden vastustajat eiv\u00e4t v\u00e4ltt\u00e4m\u00e4tt\u00e4 ole fundamentalisteja, mutta nimenomaan t\u00e4ss\u00e4 asiassa haluavat ottaa kirjaimellisesti sen, mit\u00e4 Raamatussa sanotaan naisten asemasta.<\/p>\n<p class=\"aw-1gybjub aw-1p7kakr kEtdKx cEmitX yle__article__paragraph\"><strong class=\"aw-ak79eh KyCXm yle__article__strong\">Tapio Luoma oli perjantaina Ylen aamun vieraana.<\/strong><\/p>\n<p class=\"aw-1gybjub aw-1p7kakr kEtdKx cEmitX yle__article__paragraph\">Arkkipiispa Tapio Luoman huolena on, ett\u00e4 Trumpin tapa k\u00e4ytt\u00e4\u00e4 uskontoa poliittisten tarkoitusperien k\u00e4sikassarana rantautuisi enemm\u00e4nkin Suomeen.<\/p>\n<p class=\"aw-1gybjub aw-1p7kakr kEtdKx cEmitX yle__article__paragraph\">Ajatus, ett\u00e4 koko yhteiskunta valjastetaan kristillisen uskon vaikutuspiiriin, tuntuu vieraalta.<\/p>\n<p class=\"aw-1gybjub aw-1p7kakr kEtdKx cEmitX yle__article__paragraph\">\u2013 Se on tietenkin jotain sellaista, mit\u00e4 luterilaisen k\u00e4sityksen mukaan ei voi ajatella yhteiskunnallisesta el\u00e4m\u00e4st\u00e4.<\/p>\n<p class=\"aw-1gybjub aw-1p7kakr kEtdKx cEmitX yle__article__paragraph\">Viime aikojen kohu perussuomalaisten silmien venyttelyst\u00e4 ei ole j\u00e4\u00e4nyt huomaamatta arkkipiispan toimistolla. Luoman mukaan kyse on ollut suvaitsemattomuudesta, joka on saanut vahvistusta ep\u00e4ilem\u00e4tt\u00e4 Amerikasta.<\/p>\n<p class=\"aw-1gybjub aw-1p7kakr kEtdKx cEmitX yle__article__paragraph\">\u2013 Mik\u00e4 on vierasta ja outoa, sit\u00e4 on helppo pilkata ja ivata. Ja ajattelen, ett\u00e4 kaikenlainen rasismi on kyll\u00e4 ehdottomasti v\u00e4\u00e4rin ja synti\u00e4.<\/p>\n","protected":false},"excerpt":{"rendered":"Arkkipiispa pelk\u00e4\u00e4 Trumpin MAGA-liikkeen vaikutuksen kasvua my\u00f6s Suomessa. Avaa kuvien katselu Arkkipiispa Tapio Luoman mukaan rasismi on synti\u00e4.&hellip;\n","protected":false},"author":2,"featured_media":121043,"comment_status":"","ping_status":"","sticky":false,"template":"","format":"standard","meta":{"footnotes":""},"categories":[14],"tags":[21802,22,23,26,27,33,31,30,17,7300,71,1439,24,25,28,29,20882,15,18,21,2787,968,32,19,20,662,56,1436,16,663,59,60,61],"class_list":{"0":"post-121042","1":"post","2":"type-post","3":"status-publish","4":"format-standard","5":"has-post-thumbnail","7":"category-ulkomaat","8":"tag-arkkipiispat","9":"tag-breaking-news","10":"tag-breakingnews","11":"tag-featured-news","12":"tag-featurednews","13":"tag-fi","14":"tag-finland","15":"tag-finnish","16":"tag-headlines","17":"tag-homoseksuaalisuus","18":"tag-kotimaa","19":"tag-kristinusko","20":"tag-latest-news","21":"tag-latestnews","22":"tag-main-news","23":"tag-mainnews","24":"tag-naispappeus","25":"tag-news","26":"tag-otsikot","27":"tag-paauutiset","28":"tag-pori","29":"tag-satakunta","30":"tag-suomi","31":"tag-top-stories","32":"tag-topstories","33":"tag-turku","34":"tag-ulkomaat","35":"tag-uskonnot","36":"tag-uutiset","37":"tag-varsinais-suomi","38":"tag-world","39":"tag-world-news","40":"tag-worldnews"},"share_on_mastodon":{"url":"","error":"Validation failed: Text character limit of 500 exceeded"},"_links":{"self":[{"href":"https:\/\/www.europesays.com\/fi\/wp-json\/wp\/v2\/posts\/121042","targetHints":{"allow":["GET"]}}],"collection":[{"href":"https:\/\/www.europesays.com\/fi\/wp-json\/wp\/v2\/posts"}],"about":[{"href":"https:\/\/www.europesays.com\/fi\/wp-json\/wp\/v2\/types\/post"}],"author":[{"embeddable":true,"href":"https:\/\/www.europesays.com\/fi\/wp-json\/wp\/v2\/users\/2"}],"replies":[{"embeddable":true,"href":"https:\/\/www.europesays.com\/fi\/wp-json\/wp\/v2\/comments?post=121042"}],"version-history":[{"count":0,"href":"https:\/\/www.europesays.com\/fi\/wp-json\/wp\/v2\/posts\/121042\/revisions"}],"wp:featuredmedia":[{"embeddable":true,"href":"https:\/\/www.europesays.com\/fi\/wp-json\/wp\/v2\/media\/121043"}],"wp:attachment":[{"href":"https:\/\/www.europesays.com\/fi\/wp-json\/wp\/v2\/media?parent=121042"}],"wp:term":[{"taxonomy":"category","embeddable":true,"href":"https:\/\/www.europesays.com\/fi\/wp-json\/wp\/v2\/categories?post=121042"},{"taxonomy":"post_tag","embeddable":true,"href":"https:\/\/www.europesays.com\/fi\/wp-json\/wp\/v2\/tags?post=121042"}],"curies":[{"name":"wp","href":"https:\/\/api.w.org\/{rel}","templated":true}]}}