{"id":121046,"date":"2025-12-20T00:56:10","date_gmt":"2025-12-20T00:56:10","guid":{"rendered":"https:\/\/www.europesays.com\/fi\/121046\/"},"modified":"2025-12-20T00:56:10","modified_gmt":"2025-12-20T00:56:10","slug":"tamperelaisrehtori-puuttui-kouluihin-levinneeseen-someilmioon-nuorten-ja-lasten-taytyy-uskaltaa-menna-parturiin","status":"publish","type":"post","link":"https:\/\/www.europesays.com\/fi\/121046\/","title":{"rendered":"Tamperelais\u00adrehtori puuttui kouluihin levinneeseen some\u00adilmi\u00f6\u00f6n \u2013 &#8221;Nuorten ja lasten t\u00e4ytyy uskaltaa menn\u00e4 parturiin&#8221;"},"content":{"rendered":"<p>Tamperelaisrehtori l\u00e4hetti blessaukseen liittyv\u00e4st\u00e4 ilmi\u00f6st\u00e4 huolestuneen Wilma-viestin torstaina. H\u00e4n toivoo, ett\u00e4 vanhemmat puuttuvat asiaan.<\/p>\n<p>19.12. 16:08<\/p>\n<p class=\"article-body mb-nof-24 px-nof-16\">Aamulehti<\/p>\n<p class=\"article-body mb-nof-24 px-nof-16\">Tamperelaiskouluissa levi\u00e4\u00e4 sosiaalisesta mediasta tuttu ilmi\u00f6, jonka vuoksi osa lapsista ja nuorista ei halua menn\u00e4 en\u00e4\u00e4 parturiin. Hatanp\u00e4\u00e4n koulun apulaisrehtori<a class=\"article-personlink\" href=\"https:\/\/www.aamulehti.fi\/haku\/?query=%20Sami%20Jaakkola\" rel=\"nofollow noopener\" target=\"_blank\"> Sami Jaakkola<\/a> l\u00e4hetti aiheesta Wilma-viestin torstaina ja kertoi, ett\u00e4 ilmi\u00f6\u00f6n oli pit\u00e4nyt puuttua viimeksi torstaina.<\/p>\n","protected":false},"excerpt":{"rendered":"Tamperelaisrehtori l\u00e4hetti blessaukseen liittyv\u00e4st\u00e4 ilmi\u00f6st\u00e4 huolestuneen Wilma-viestin torstaina. H\u00e4n toivoo, ett\u00e4 vanhemmat puuttuvat asiaan. 19.12. 16:08 Aamulehti Tamperelaiskouluissa&hellip;\n","protected":false},"author":2,"featured_media":121047,"comment_status":"","ping_status":"","sticky":false,"template":"","format":"standard","meta":{"footnotes":""},"categories":[5],"tags":[157,22,23,26,27,33,31,30,17,24,25,28,29,15,18,21,32,19,20,16],"class_list":{"0":"post-121046","1":"post","2":"type-post","3":"status-publish","4":"format-standard","5":"has-post-thumbnail","7":"category-otsikot","8":"tag-aamulehti","9":"tag-breaking-news","10":"tag-breakingnews","11":"tag-featured-news","12":"tag-featurednews","13":"tag-fi","14":"tag-finland","15":"tag-finnish","16":"tag-headlines","17":"tag-latest-news","18":"tag-latestnews","19":"tag-main-news","20":"tag-mainnews","21":"tag-news","22":"tag-otsikot","23":"tag-paauutiset","24":"tag-suomi","25":"tag-top-stories","26":"tag-topstories","27":"tag-uutiset"},"share_on_mastodon":{"url":"https:\/\/pubeurope.com\/@fi\/115749177486042676","error":""},"_links":{"self":[{"href":"https:\/\/www.europesays.com\/fi\/wp-json\/wp\/v2\/posts\/121046","targetHints":{"allow":["GET"]}}],"collection":[{"href":"https:\/\/www.europesays.com\/fi\/wp-json\/wp\/v2\/posts"}],"about":[{"href":"https:\/\/www.europesays.com\/fi\/wp-json\/wp\/v2\/types\/post"}],"author":[{"embeddable":true,"href":"https:\/\/www.europesays.com\/fi\/wp-json\/wp\/v2\/users\/2"}],"replies":[{"embeddable":true,"href":"https:\/\/www.europesays.com\/fi\/wp-json\/wp\/v2\/comments?post=121046"}],"version-history":[{"count":0,"href":"https:\/\/www.europesays.com\/fi\/wp-json\/wp\/v2\/posts\/121046\/revisions"}],"wp:featuredmedia":[{"embeddable":true,"href":"https:\/\/www.europesays.com\/fi\/wp-json\/wp\/v2\/media\/121047"}],"wp:attachment":[{"href":"https:\/\/www.europesays.com\/fi\/wp-json\/wp\/v2\/media?parent=121046"}],"wp:term":[{"taxonomy":"category","embeddable":true,"href":"https:\/\/www.europesays.com\/fi\/wp-json\/wp\/v2\/categories?post=121046"},{"taxonomy":"post_tag","embeddable":true,"href":"https:\/\/www.europesays.com\/fi\/wp-json\/wp\/v2\/tags?post=121046"}],"curies":[{"name":"wp","href":"https:\/\/api.w.org\/{rel}","templated":true}]}}