{"id":121048,"date":"2025-12-20T01:08:11","date_gmt":"2025-12-20T01:08:11","guid":{"rendered":"https:\/\/www.europesays.com\/fi\/121048\/"},"modified":"2025-12-20T01:08:11","modified_gmt":"2025-12-20T01:08:11","slug":"harmittoman-oloisesta-lounaasta-kehkeytyi-kuukauden-episodi-riittaako-anteeksipyynto-aamulehti","status":"publish","type":"post","link":"https:\/\/www.europesays.com\/fi\/121048\/","title":{"rendered":"Harmittoman oloisesta lounaasta kehkeytyi kuukauden episodi \u2013 riitt\u00e4\u00e4k\u00f6 anteeksipyynt\u00f6? &#8211; Aamulehti"},"content":{"rendered":"<ol>\n<li><a href=\"https:\/\/news.google.com\/rss\/articles\/CBMiZkFVX3lxTE5DYWlBcDRWUGp4VmpCemg1cGFnb1pDbmY4TUFTaXFxZnVyZkVBeUQyU25RbTU5Qm5KTkRpc1ZER25QcFhXNEFmdVlHbGVhVU1pRDdsb3NuUmItMjd0UDZjc0FDWTZUUQ?oc=5\" target=\"_blank\" rel=\"nofollow noopener\">Harmittoman oloisesta lounaasta kehkeytyi kuukauden episodi \u2013 riitt\u00e4\u00e4k\u00f6 anteeksipyynt\u00f6?<\/a>&nbsp;&nbsp;Aamulehti<\/li>\n<li><a href=\"https:\/\/news.google.com\/rss\/articles\/CBMiYEFVX3lxTFBGa2JPM29pT0I0UVlhODdhakdVY21HM3NhT2NnTVNlXzY4ZjdsZmlZMXZSRGVMLVZ3WS0tdmxpU21VN3g5MjJpU0NoNmhncU1HYTNNejZCZG0tNHE0NkJlcQ?oc=5\" target=\"_blank\" rel=\"nofollow noopener\">Onko kaikki annettu jo anteeksi? Katso Japanin v\u00e4kev\u00e4 lausunto<\/a>&nbsp;&nbsp;Ilta-Sanomat<\/li>\n<li><a href=\"https:\/\/news.google.com\/rss\/articles\/CBMiQkFVX3lxTE9EOFFhTFhNQ0duT3FvQnlKdGJ2R1dLWmF5RnB5U0ZFem5qYnVoYlZiVDZHMng0bGhGMmtvemZyZ2ZFZw?oc=5\" target=\"_blank\" rel=\"nofollow noopener\">Juho Eerola pit\u00e4\u00e4 rangaistustaan liian liev\u00e4n\u00e4: \u201dOletin, ett\u00e4 enemm\u00e4nkin kruunuja olisi p\u00e4\u00e4st\u00e4 riisuttu\u201d<\/a>&nbsp;&nbsp;Yle<\/li>\n<li><a href=\"https:\/\/news.google.com\/rss\/articles\/CBMiXEFVX3lxTE5abGx2d2hJclhXTG5RM0dXa3pyWVJVaE5hbjVFTnRxVnJwYlJFQmpNQS1zRUNCM3lPTmpobWM5SnlTajZIQVl5bEowcVVyTUhnREhXdUY5OWo3Ynd1?oc=5\" target=\"_blank\" rel=\"nofollow noopener\">HS-analyysi | Aasialaisten rahavirrat ja tahra Suomen maakuvassa saivat anteeksipyynn\u00f6n aikaan<\/a>&nbsp;&nbsp;HS.fi<\/li>\n<li><a href=\"https:\/\/news.google.com\/rss\/articles\/CBMif0FVX3lxTE9HX2FYY1pkS2wyX0pOREh2b25hdGJqQTY4aFNleGItcV9XeWpSMGVBay1GRFYtVl9GYTU3TDdlTlNTTy14TUlOS1hVWnl2dDF0ZzN1MTc0UWNyNWJPLXVFa1dzQ0FUYm4tVGFlUjd5UG12dk9PaW4yQnJtdEdGUzA?oc=5\" target=\"_blank\" rel=\"nofollow noopener\">Asiantuntija: Juho Eerola oli aidosti tuskissaan<\/a>&nbsp;&nbsp;Iltalehti<\/li>\n<\/ol>\n","protected":false},"excerpt":{"rendered":"Harmittoman oloisesta lounaasta kehkeytyi kuukauden episodi \u2013 riitt\u00e4\u00e4k\u00f6 anteeksipyynt\u00f6?&nbsp;&nbsp;Aamulehti Onko kaikki annettu jo anteeksi? Katso Japanin v\u00e4kev\u00e4 lausunto&nbsp;&nbsp;Ilta-Sanomat&hellip;\n","protected":false},"author":2,"featured_media":121049,"comment_status":"","ping_status":"","sticky":false,"template":"","format":"standard","meta":{"footnotes":""},"categories":[136],"tags":[157,407,137,33,31,30,408,32,109],"class_list":{"0":"post-121048","1":"post","2":"type-post","3":"status-publish","4":"format-standard","5":"has-post-thumbnail","7":"category-julkkikset","8":"tag-aamulehti","9":"tag-celebrities","10":"tag-entertainment","11":"tag-fi","12":"tag-finland","13":"tag-finnish","14":"tag-julkkikset","15":"tag-suomi","16":"tag-viihde"},"share_on_mastodon":{"url":"https:\/\/pubeurope.com\/@fi\/115749224639256249","error":""},"_links":{"self":[{"href":"https:\/\/www.europesays.com\/fi\/wp-json\/wp\/v2\/posts\/121048","targetHints":{"allow":["GET"]}}],"collection":[{"href":"https:\/\/www.europesays.com\/fi\/wp-json\/wp\/v2\/posts"}],"about":[{"href":"https:\/\/www.europesays.com\/fi\/wp-json\/wp\/v2\/types\/post"}],"author":[{"embeddable":true,"href":"https:\/\/www.europesays.com\/fi\/wp-json\/wp\/v2\/users\/2"}],"replies":[{"embeddable":true,"href":"https:\/\/www.europesays.com\/fi\/wp-json\/wp\/v2\/comments?post=121048"}],"version-history":[{"count":0,"href":"https:\/\/www.europesays.com\/fi\/wp-json\/wp\/v2\/posts\/121048\/revisions"}],"wp:featuredmedia":[{"embeddable":true,"href":"https:\/\/www.europesays.com\/fi\/wp-json\/wp\/v2\/media\/121049"}],"wp:attachment":[{"href":"https:\/\/www.europesays.com\/fi\/wp-json\/wp\/v2\/media?parent=121048"}],"wp:term":[{"taxonomy":"category","embeddable":true,"href":"https:\/\/www.europesays.com\/fi\/wp-json\/wp\/v2\/categories?post=121048"},{"taxonomy":"post_tag","embeddable":true,"href":"https:\/\/www.europesays.com\/fi\/wp-json\/wp\/v2\/tags?post=121048"}],"curies":[{"name":"wp","href":"https:\/\/api.w.org\/{rel}","templated":true}]}}