{"id":121055,"date":"2025-12-20T01:20:10","date_gmt":"2025-12-20T01:20:10","guid":{"rendered":"https:\/\/www.europesays.com\/fi\/121055\/"},"modified":"2025-12-20T01:20:10","modified_gmt":"2025-12-20T01:20:10","slug":"trumpin-hallinto-julkaisi-osan-epstein-asiakirjoista-joista-iso-osa-keskittyy-ex-presidentti-clintoniin-uutisia-lyhyesti","status":"publish","type":"post","link":"https:\/\/www.europesays.com\/fi\/121055\/","title":{"rendered":"Trumpin hallinto julkaisi osan Epstein-asiakirjoista, joista iso osa keskittyy ex-presidentti Clintoniin | Uutisia lyhyesti"},"content":{"rendered":"<p class=\"aw-1gybjub aw-5vja16 kEtdKx kmuxyA yle__article__paragraph\">Tuhansista asiakirjoista laajoja osia on salattu.<\/p>\n<p><img decoding=\"async\" alt=\"Kuvassa on l\u00e4hes t\u00e4ysin peitettyj\u00e4 Epstein-asiakirjoja.\" src=\"https:\/\/www.europesays.com\/fi\/wp-content\/uploads\/2025\/12\/39-15729706945ca865af27.jpeg\" class=\"aw-1l9m598 hKVVvP\"\/><\/p>\n<p>Avaa kuvien katselu<\/p>\n<p>Kuvassa on osittain peitettyj\u00e4 Epstein-asiakirjoja. Kuva: Mandel Ngan \/ AFP \/Lehtikuva<\/p>\n<p>19.12. 23:24\u2022P\u00e4ivitetty 3:02<\/p>\n<p class=\"aw-1gybjub aw-1p7kakr kEtdKx cEmitX yle__article__paragraph\">Yhdysvaltojen oikeusministeri\u00f6 on julkaissut osan asiakirjoista, jotka liittyv\u00e4t edesmenneen seksuaalirikoksista tuomitun <strong class=\"aw-ak79eh KyCXm yle__article__strong\">Jeffrey Epsteinin<\/strong> tutkintaan. Viime kuussa hyv\u00e4ksytyn <a class=\"aw-iao6s4 iHOxEa yle__article__link\" href=\"https:\/\/www.congress.gov\/bill\/119th-congress\/house-bill\/4405\/text\" role=\"link\" rel=\"nofollow noopener\" target=\"_blank\">lain<\/a> mukaan materiaalit on julkaistava viimeist\u00e4\u00e4n perjantaina paikallista aikaa.<\/p>\n<p class=\"aw-1gybjub aw-1p7kakr kEtdKx cEmitX yle__article__paragraph\">Yhdysvaltojen apulaisoikeusministerin <strong class=\"aw-ak79eh KyCXm yle__article__strong\">Todd Blanchen<\/strong> mukaan ministeri\u00f6 julkaisee useita satoja tuhansia asiakirjoja, mutta osa materiaalista pid\u00e4tet\u00e4\u00e4n ja julkaistaan seuraavien viikkojen aikana.<\/p>\n<p class=\"aw-1gybjub aw-1p7kakr kEtdKx cEmitX yle__article__paragraph\">Oikeusministeri\u00f6 julkaisi verkkosivuillaan <a class=\"aw-iao6s4 iHOxEa yle__article__link\" href=\"https:\/\/www.justice.gov\/epstein\" role=\"link\" rel=\"nofollow noopener\" target=\"_blank\">tietokannan<\/a>, josta edesmenneeseen Epsteiniin liittyvi\u00e4 materiaaleja voi hakea. Sivuston mukaan tietokantaa t\u00e4ydennet\u00e4\u00e4n, jos lis\u00e4\u00e4 julkaistavia asiakirjoja l\u00f6ydet\u00e4\u00e4n.<\/p>\n<p class=\"aw-1gybjub aw-1p7kakr kEtdKx cEmitX yle__article__paragraph\">Yhdysvaltalaislehti <a class=\"aw-iao6s4 iHOxEa yle__article__link\" href=\"https:\/\/www.nytimes.com\/live\/2025\/12\/19\/us\/epstein-files-release\/238ac3fc-7cda-503d-ac79-aef6144208fb?smid=url-share\" role=\"link\" rel=\"nofollow noopener\" target=\"_blank\">New York Timesin<\/a> tarkastelun mukaan monet asiakirjoista n\u00e4ytt\u00e4v\u00e4t olevan osittain mustattuja. Mukana on muun muassa lista Epsteinin alaisuudessa toimineesta yli 250 hierojasta, mutta listan kaikki nimet on mustattu mahdollisten uhrien suojelemiseksi.<\/p>\n<p class=\"aw-1gybjub aw-1p7kakr kEtdKx cEmitX yle__article__paragraph\">Yhdysvaltaismedioiden mukaan asiakirjojen joukossa on suuri m\u00e4\u00e4r\u00e4 p\u00e4iv\u00e4\u00e4m\u00e4tt\u00f6mi\u00e4 ja kuvatekstitt\u00f6mi\u00e4 valokuvia Epsteinist\u00e4 julkisuuden henkil\u00f6iden kanssa. Kuvissa esiintyy muun muassa Rolling Stones -yhtyeen keulahahmo <strong class=\"aw-ak79eh KyCXm yle__article__strong\">Mick Jagger,<\/strong> edesmennyt laulaja-lauluntekij\u00e4 ja tuottaja <strong class=\"aw-ak79eh KyCXm yle__article__strong\">Michael Jackson<\/strong> ja laulaja ja n\u00e4yttelij\u00e4 <strong class=\"aw-ak79eh KyCXm yle__article__strong\">Diana Ross.<\/strong><\/p>\n<p><img decoding=\"async\" alt=\"Kuvassa ovat laulaja Michael Jackson, Yhdysvaltain entinen presidentti Bill Clinton sek\u00e4 laulaja Diana Ross.\" src=\"https:\/\/www.europesays.com\/fi\/wp-content\/uploads\/2025\/12\/39-15729726945deb33812a.jpeg\" loading=\"lazy\" class=\"aw-1l9m598 hKVVvP\"\/><\/p>\n<p>Avaa kuvien katselu<\/p>\n<p>Yhdysvaltain entinen presidentti Bill Clinton laulajien Michael Jacksonin ja Diana Rossin kanssa tuntemattomassa paikassa. Kuva: US Department of Justice\/ AFP \/ Lehtikuva<\/p>\n<p class=\"aw-1gybjub aw-1p7kakr kEtdKx cEmitX yle__article__paragraph\">New York Timesin <a class=\"aw-iao6s4 iHOxEa yle__article__link\" href=\"https:\/\/www.nytimes.com\/live\/2025\/12\/19\/us\/epstein-files-release\/heres-the-latest?smid=url-share\" role=\"link\" rel=\"nofollow noopener\" target=\"_blank\">mukaan<\/a> materiaalin joukossa on useita valokuvia entisest\u00e4 demokraattipresidentist\u00e4 <strong class=\"aw-ak79eh KyCXm yle__article__strong\">Bill Clintonista<\/strong> Epsteinin seurassa. Yhdysvaltain presidentti <strong class=\"aw-ak79eh KyCXm yle__article__strong\">Donald Trump<\/strong> puolestaan mainitaan vain harvoissa perjantaina julkaistuissa asiakirjoissa. Suurin osa kuvista, joissa Trump esiintyy, oli jo aiemmin julkisia.<\/p>\n<p><img decoding=\"async\" alt=\"Kuva entisest\u00e4 Yhdysvaltain presidentist\u00e4 Bill Clintonista porealtaassa julkistamattomassa paikassa.\" src=\"https:\/\/www.europesays.com\/fi\/wp-content\/uploads\/2025\/12\/39-15729736945f227a50d4.jpeg\" loading=\"lazy\" class=\"aw-1l9m598 hKVVvP\"\/><\/p>\n<p>Avaa kuvien katselu<\/p>\n<p>Yhdysvaltain entinen presidentti Bill Clinton porealtaassa henkil\u00f6n kanssa, jonka kasvot on peitetty. Kuva on p\u00e4iv\u00e4\u00e4m\u00e4t\u00f6n. Kuva: US Department of Justice\/ AFP \/ LehtikuvaSchumer vaatii perusteluja salaamiselle<\/p>\n<p class=\"aw-1gybjub aw-1p7kakr kEtdKx cEmitX yle__article__paragraph\">Yhdysvaltain senaatin demokraattijohtaja <strong class=\"aw-ak79eh KyCXm yle__article__strong\">Chuck Schumer<\/strong> <a class=\"aw-iao6s4 iHOxEa yle__article__link\" href=\"https:\/\/www.democrats.senate.gov\/newsroom\/press-releases\/leader-schumer-statement-on-the-trump-administration-illegally-refusing-to-release-complete-epstein-files\" role=\"link\" rel=\"nofollow noopener\" target=\"_blank\">kritisoi<\/a> aiemmin perjantaina Trumpin hallintoa siit\u00e4, ettei kaikkia asiakirjoja julkaistakaan m\u00e4\u00e4r\u00e4aikaan menness\u00e4 ja syytti toimintaa laittomaksi. Schumer <a class=\"aw-iao6s4 iHOxEa yle__article__link\" href=\"https:\/\/www.democrats.senate.gov\/newsroom\/press-releases\/leader-schumer-statement-on-the-trump-administration-releasing-a-fraction-of-the-epstein-files\" role=\"link\" rel=\"nofollow noopener\" target=\"_blank\">kritisoi<\/a> asiakirjojen julkistamisen j\u00e4lkeen my\u00f6s sit\u00e4, ett\u00e4 niit\u00e4 on laajoilta osin salattu.<\/p>\n<p class=\"aw-1gybjub aw-1p7kakr kEtdKx cEmitX yle__article__paragraph\">\u2013 Valtava m\u00e4\u00e4r\u00e4 mustattuja asiakirjoja julkaisemalla rikotaan l\u00e4pin\u00e4kyvyyden henke\u00e4 ja lain kirjainta, Schumer kirjoitti lausunnossaan.<\/p>\n<p class=\"aw-1gybjub aw-1p7kakr kEtdKx cEmitX yle__article__paragraph\">H\u00e4n nosti esimerkkin\u00e4 esille perjantaina julkaistun 119-sivuisen asiakirjan, joka oli mustattu kokonaan.<\/p>\n<p class=\"aw-1gybjub aw-1p7kakr kEtdKx cEmitX yle__article__paragraph\">\u2013 Tarvitsemme vastauksia miksi, Schumer kirjoitti.<\/p>\n<p class=\"aw-1gybjub aw-1p7kakr kEtdKx cEmitX yle__article__paragraph\">Juttu p\u00e4ivittyy.<\/p>\n<p class=\"aw-1gybjub aw-1p7kakr kEtdKx cEmitX yle__article__paragraph\">L\u00e4hde: AFP, STT, New York Times, CNN<\/p>\n","protected":false},"excerpt":{"rendered":"Tuhansista asiakirjoista laajoja osia on salattu. Avaa kuvien katselu Kuvassa on osittain peitettyj\u00e4 Epstein-asiakirjoja. Kuva: Mandel Ngan \/&hellip;\n","protected":false},"author":2,"featured_media":121056,"comment_status":"","ping_status":"","sticky":false,"template":"","format":"standard","meta":{"footnotes":""},"categories":[14],"tags":[22,23,26,27,33,31,30,17,11121,24,25,28,29,15,2750,18,21,4353,32,19,20,56,16,59,60,61,619],"class_list":{"0":"post-121055","1":"post","2":"type-post","3":"status-publish","4":"format-standard","5":"has-post-thumbnail","7":"category-ulkomaat","8":"tag-breaking-news","9":"tag-breakingnews","10":"tag-featured-news","11":"tag-featurednews","12":"tag-fi","13":"tag-finland","14":"tag-finnish","15":"tag-headlines","16":"tag-jeffrey-epstein","17":"tag-latest-news","18":"tag-latestnews","19":"tag-main-news","20":"tag-mainnews","21":"tag-news","22":"tag-oikeusministerio","23":"tag-otsikot","24":"tag-paauutiset","25":"tag-seksuaalirikokset","26":"tag-suomi","27":"tag-top-stories","28":"tag-topstories","29":"tag-ulkomaat","30":"tag-uutiset","31":"tag-world","32":"tag-world-news","33":"tag-worldnews","34":"tag-yhdysvallat"},"share_on_mastodon":{"url":"https:\/\/pubeurope.com\/@fi\/115749272108783358","error":""},"_links":{"self":[{"href":"https:\/\/www.europesays.com\/fi\/wp-json\/wp\/v2\/posts\/121055","targetHints":{"allow":["GET"]}}],"collection":[{"href":"https:\/\/www.europesays.com\/fi\/wp-json\/wp\/v2\/posts"}],"about":[{"href":"https:\/\/www.europesays.com\/fi\/wp-json\/wp\/v2\/types\/post"}],"author":[{"embeddable":true,"href":"https:\/\/www.europesays.com\/fi\/wp-json\/wp\/v2\/users\/2"}],"replies":[{"embeddable":true,"href":"https:\/\/www.europesays.com\/fi\/wp-json\/wp\/v2\/comments?post=121055"}],"version-history":[{"count":0,"href":"https:\/\/www.europesays.com\/fi\/wp-json\/wp\/v2\/posts\/121055\/revisions"}],"wp:featuredmedia":[{"embeddable":true,"href":"https:\/\/www.europesays.com\/fi\/wp-json\/wp\/v2\/media\/121056"}],"wp:attachment":[{"href":"https:\/\/www.europesays.com\/fi\/wp-json\/wp\/v2\/media?parent=121055"}],"wp:term":[{"taxonomy":"category","embeddable":true,"href":"https:\/\/www.europesays.com\/fi\/wp-json\/wp\/v2\/categories?post=121055"},{"taxonomy":"post_tag","embeddable":true,"href":"https:\/\/www.europesays.com\/fi\/wp-json\/wp\/v2\/tags?post=121055"}],"curies":[{"name":"wp","href":"https:\/\/api.w.org\/{rel}","templated":true}]}}