{"id":121059,"date":"2025-12-20T01:22:10","date_gmt":"2025-12-20T01:22:10","guid":{"rendered":"https:\/\/www.europesays.com\/fi\/121059\/"},"modified":"2025-12-20T01:22:10","modified_gmt":"2025-12-20T01:22:10","slug":"oplla-oli-iso-hairio-ilta-sanomat","status":"publish","type":"post","link":"https:\/\/www.europesays.com\/fi\/121059\/","title":{"rendered":"OP:lla oli iso h\u00e4iri\u00f6 &#8211; Ilta-Sanomat"},"content":{"rendered":"<p>OP:n mukaan h\u00e4iri\u00f6 on nyt saatu korjattua.<\/p>\n<p>19.12. 16:24 | P\u00e4ivitetty 19.12. 16:47<\/p>\n<p class=\"article-body mb-nof-24 px-nof-16\">Osuuspankin verkkosivuilla ja mobiilisovelluksessa oli perjantaina h\u00e4iri\u00f6. Palvelut eiv\u00e4t toimineet kaikilla k\u00e4ytt\u00e4jill\u00e4. Yritt\u00e4ess\u00e4 kirjautua mobiilipankkiin tuli ilmoitus, ett\u00e4 jotain meni vikaan.<\/p>\n<p class=\"article-body mb-nof-24 px-nof-16\"><a class=\"article-genericlink\" href=\"https:\/\/downdetector.fi\/ei-toimi\/op\/\" rel=\"nofollow noopener\" target=\"_blank\">Downdetector-palveluun<\/a> tuli iltap\u00e4iv\u00e4ll\u00e4 reilusti yli tuhat ilmoitusta OP:n h\u00e4iri\u00f6st\u00e4. IS sai lis\u00e4ksi lukijoilta useita ilmoituksia ongelmasta.<\/p>\n<p><img decoding=\"async\" src=\"https:\/\/www.europesays.com\/fi\/wp-content\/uploads\/2025\/12\/1766193730_124_468.jpg\" alt=\"T\u00e4llaisen virheilmoituksen OP:n mobiilipankkisovellus antaa kirjautumista yritt\u00e4ess\u00e4.\" class=\"_Img_1rerz_1\" style=\"aspect-ratio:0.7166666666666667\" loading=\"eager\"\/><\/p>\n<p class=\"article-picture-caption\">T\u00e4llaisen virheilmoituksen OP:n mobiilipankkisovellus antaa kirjautumista yritt\u00e4ess\u00e4. Kuva:\u00a0Kuvankaappaus OP:n mobiilipankkisovelluksesta<\/p>\n<p class=\"article-body mb-nof-24 px-nof-16\">OP:n viestinn\u00e4n PR Lead <a class=\"article-personlink\" href=\"https:\/\/www.is.fi\/haku\/?query=Josi%20Tikkanen\" rel=\"nofollow noopener\" target=\"_blank\">Josi Tikkanen<\/a> kertoi aiemmin, ett\u00e4 pankin palveluissa esiintyi tilap\u00e4isi\u00e4 h\u00e4iri\u00f6it\u00e4.<\/p>\n<p class=\"article-body mb-nof-24 px-nof-16\">Korttimaksut ja nostot toimivat h\u00e4iri\u00f6n aikana.<\/p>\n<p class=\"article-body mb-nof-24 px-nof-16\">\u2013 Pahoittelemme aiheutunutta haittaa.<\/p>\n<p class=\"article-body mb-nof-24 px-nof-16\">Tikkanen kertoi noin kello 16.40, ett\u00e4 tilanne on ohi.<\/p>\n<p class=\"article-body nof-ui-body-medium mb-nof-24 px-nof-16\">P\u00e4ivitys 19.12.2025 kello 16.47: P\u00e4ivitetty artikkelia tiedolla siit\u00e4, ett\u00e4 h\u00e4iri\u00f6 on saatu korjattua.<\/p>\n","protected":false},"excerpt":{"rendered":"OP:n mukaan h\u00e4iri\u00f6 on nyt saatu korjattua. 19.12. 16:24 | P\u00e4ivitetty 19.12. 16:47 Osuuspankin verkkosivuilla ja mobiilisovelluksessa oli&hellip;\n","protected":false},"author":2,"featured_media":121060,"comment_status":"","ping_status":"","sticky":false,"template":"","format":"standard","meta":{"footnotes":""},"categories":[5],"tags":[22,23,26,27,33,31,30,17,34,24,25,28,29,15,18,21,32,19,20,16],"class_list":{"0":"post-121059","1":"post","2":"type-post","3":"status-publish","4":"format-standard","5":"has-post-thumbnail","7":"category-otsikot","8":"tag-breaking-news","9":"tag-breakingnews","10":"tag-featured-news","11":"tag-featurednews","12":"tag-fi","13":"tag-finland","14":"tag-finnish","15":"tag-headlines","16":"tag-ilta-sanomat","17":"tag-latest-news","18":"tag-latestnews","19":"tag-main-news","20":"tag-mainnews","21":"tag-news","22":"tag-otsikot","23":"tag-paauutiset","24":"tag-suomi","25":"tag-top-stories","26":"tag-topstories","27":"tag-uutiset"},"share_on_mastodon":{"url":"https:\/\/pubeurope.com\/@fi\/115749279951136448","error":""},"_links":{"self":[{"href":"https:\/\/www.europesays.com\/fi\/wp-json\/wp\/v2\/posts\/121059","targetHints":{"allow":["GET"]}}],"collection":[{"href":"https:\/\/www.europesays.com\/fi\/wp-json\/wp\/v2\/posts"}],"about":[{"href":"https:\/\/www.europesays.com\/fi\/wp-json\/wp\/v2\/types\/post"}],"author":[{"embeddable":true,"href":"https:\/\/www.europesays.com\/fi\/wp-json\/wp\/v2\/users\/2"}],"replies":[{"embeddable":true,"href":"https:\/\/www.europesays.com\/fi\/wp-json\/wp\/v2\/comments?post=121059"}],"version-history":[{"count":0,"href":"https:\/\/www.europesays.com\/fi\/wp-json\/wp\/v2\/posts\/121059\/revisions"}],"wp:featuredmedia":[{"embeddable":true,"href":"https:\/\/www.europesays.com\/fi\/wp-json\/wp\/v2\/media\/121060"}],"wp:attachment":[{"href":"https:\/\/www.europesays.com\/fi\/wp-json\/wp\/v2\/media?parent=121059"}],"wp:term":[{"taxonomy":"category","embeddable":true,"href":"https:\/\/www.europesays.com\/fi\/wp-json\/wp\/v2\/categories?post=121059"},{"taxonomy":"post_tag","embeddable":true,"href":"https:\/\/www.europesays.com\/fi\/wp-json\/wp\/v2\/tags?post=121059"}],"curies":[{"name":"wp","href":"https:\/\/api.w.org\/{rel}","templated":true}]}}