{"id":121061,"date":"2025-12-20T01:34:09","date_gmt":"2025-12-20T01:34:09","guid":{"rendered":"https:\/\/www.europesays.com\/fi\/121061\/"},"modified":"2025-12-20T01:34:09","modified_gmt":"2025-12-20T01:34:09","slug":"tuukka-temonen-julkaisi-olgan-hautajaiskuvia-somessa-koskettava-kirjoitus","status":"publish","type":"post","link":"https:\/\/www.europesays.com\/fi\/121061\/","title":{"rendered":"Tuukka Temonen julkaisi Olgan hautajaiskuvia somessa &#8211; koskettava kirjoitus"},"content":{"rendered":"<p>Tuukka Temonen on julkaissut kuvasarjan, jossa n\u00e4hd\u00e4\u00e4n kuvia kolme viikkoa sitten haudatun Olga-vaimon hautajaisista.<\/p>\n<p>Ensimm\u00e4inen kuvista on kuitenkin tuore kuva pizzeria Rehtorista, jonka sein\u00e4lle on nyt vihdoin ripustettu Olgaa esitt\u00e4v\u00e4 ex-poikayst\u00e4v\u00e4n Samuli Suonper\u00e4n tekem\u00e4 taulu.<\/p>\n<p>Kaikki on yll\u00e4tt\u00e4v\u00e4n hyvin<\/p>\n<p>\u2013 Ensimm\u00e4inen kuukausi on kulunut ilman Olgaa. Kaikki on yll\u00e4tt\u00e4v\u00e4n hyvin, Tuukka aloittaa kirjoituksensa.<\/p>\n<p>H\u00e4n toteaa, ett\u00e4 aivokasvaindiagnoosi kaksi vuotta sitten oli se pahin sokki.<\/p>\n<p>-Silloin n\u00e4in ja koin sen, mit\u00e4 t\u00e4m\u00e4 koko kaari tulee olemaan, aina viimeisiin p\u00e4iviin ja henk\u00e4ykseen asti. Minulta oli viety kaikki ilo el\u00e4m\u00e4st\u00e4 ja sen tilalle tuli loputtomalta tuntuva suru. Me kuitenkin saimme viel\u00e4 aivan upean puolitoista vuotta toistemme kanssa, kunnes se p\u00e4\u00e4ttyi kes\u00e4ll\u00e4 kasvaimen uudistumiseen ja elvytt\u00e4miseen sateiselle maantielle. Vaikka emme halunneet, niin tiesimme sisimm\u00e4ss\u00e4mme, ett\u00e4 yhteinen vanhuus ei sittenk\u00e4\u00e4n ole meille mahdollinen. Kuolema lopulta meid\u00e4t erotti, Tuukka kirjoittaa p\u00e4ivityksess\u00e4\u00e4n somessa.<\/p>\n<p>Tuukalla on toive, mutta poikkeuksellisesti t\u00e4m\u00e4 tilanne kannattaa k\u00e4ytt\u00e4\u00e4 kansan valistamiseen<\/p>\n<p>Tuukka toteaa, ett\u00e4 Olga kuoli h\u00e4nelle kolme kertaa. Siksi h\u00e4n antoi h\u00e4nen valmistua tilanteeseen kaksi kokonaista vuotta.<\/p>\n<p>-Et en\u00e4\u00e4 koskaan tule iloisena kotimme ovesta ja t\u00e4yt\u00e4 maailmaamme naurulla, l\u00e4mm\u00f6ll\u00e4 ja rakkaudella. Olen sen hyv\u00e4ksynyt ja kuljen t\u00e4st\u00e4 eteenp\u00e4in kohden onnellisuutta, en katkeruutta. Ja me viel\u00e4 tapaamme.\u2028Me ollaan jatkettu el\u00e4m\u00e4\u00e4mme. Siihen mahtuu iloa ja naurua, uusia rakkaita ihmisi\u00e4, jotka v\u00e4litt\u00e4v\u00e4t meist\u00e4, Temppareita, Formuloita, Rehtoria, itkua, m\u00f6k\u00f6tyst\u00e4 ja suurta kaipuuta. \u2028Ja aivan sun n\u00e4k\u00f6iset hautajaiset \u2013 vain sin\u00e4 niist\u00e4 puutuit. <\/p>\n<p>Lue my\u00f6s: <a href=\"https:\/\/www.como.fi\/uutiset\/olga-temonen-ja-helga-tytar-videolla-tama-on-alkoholistiaidin-ja-tyttaren-tarina\/\" title=\"Olga Temonen ja Helga-tyt\u00e4r videolla \u2013 t\u00e4m\u00e4 on alkoholisti\u00e4idin ja tytt\u00e4ren tarina\" class=\"underline-custom !font-montserrat !font-bold !underline-offset-4 !decoration-4 !decoration-red-600 !text-md\" rel=\"nofollow noopener\" target=\"_blank\">Olga Temonen ja Helga-tyt\u00e4r videolla \u2013 t\u00e4m\u00e4 on alkoholisti\u00e4idin ja tytt\u00e4ren tarina<\/a><\/p>\n<p>Lopuksi Tuukka toivoo, ettei t\u00e4st\u00e4 somepostauksesta teht\u00e4isi uutista. Syy on se, ett\u00e4 h\u00e4nt\u00e4 nolottaa, ett\u00e4 ihmiset luulevat Tuukan soittavan toimittajille.<\/p>\n<p>Teemme toimituksessa kuitenkin poikkeuksellisesti toisenlaisen ratkaisun \u2013 siihen on syyns\u00e4. Kerromme, ett\u00e4 t\u00e4m\u00e4 on toimituksen somesta nostama juttu, ei Tuukan antama haastattelu. <\/p>\n<p>On t\u00e4rke\u00e4\u00e4, ett\u00e4 lukijat ymm\u00e4rt\u00e4isiv\u00e4t, ett\u00e4 lehdist\u00f6 siteeraa julkisuuden henkil\u00f6iden sometilej\u00e4 eiv\u00e4tk\u00e4 henkil\u00f6t siis ole osallisia juttuihin muutoin kuin omien somep\u00e4ivityksiens\u00e4 kautta. N\u00e4in julkinen keskustelu ja julkisuus toimii ja toteutuu. On korostetun osuva journalistinen tilaisuus valistaa t\u00e4ss\u00e4 yhteydess\u00e4 lukijoita t\u00e4st\u00e4 \u2013 siksi juttu tehd\u00e4\u00e4n.<\/p>\n<p><a href=\"https:\/\/www.instagram.com\/p\/DSaxkZHjE02\/?img_index=1\" rel=\"nofollow noopener\" target=\"_blank\">Kirjoitus ja kuvat t\u00e4\u00e4ll\u00e4,<\/a> elleiv\u00e4t ne n\u00e4y alla.<\/p>\n<p>Lue my\u00f6s: <a href=\"https:\/\/www.como.fi\/tilaa-comon-uutiskirje\/\" title=\"Tilaa Comon uutiskirje ja tied\u00e4t mist\u00e4 kahvitauolla puhutaan! Nappaa kotimaan tv-vinkit ja puheenaiheet suoraan s\u00e4hk\u00f6postiin t\u00e4st\u00e4.\" class=\"underline-custom !font-montserrat !font-bold !underline-offset-4 !decoration-4 !decoration-red-600 !text-md\" rel=\"nofollow noopener\" target=\"_blank\">Tilaa Comon uutiskirje ja tied\u00e4t mist\u00e4 kahvitauolla puhutaan! Nappaa kotimaan tv-vinkit ja puheenaiheet suoraan s\u00e4hk\u00f6postiin t\u00e4st\u00e4.<\/a><\/p>\n<p>\t\t\t\t<script async src=\"\/\/www.instagram.com\/embed.js\"><\/script><\/p>\n","protected":false},"excerpt":{"rendered":"Tuukka Temonen on julkaissut kuvasarjan, jossa n\u00e4hd\u00e4\u00e4n kuvia kolme viikkoa sitten haudatun Olga-vaimon hautajaisista. Ensimm\u00e4inen kuvista on kuitenkin&hellip;\n","protected":false},"author":2,"featured_media":68606,"comment_status":"","ping_status":"","sticky":false,"template":"","format":"standard","meta":{"footnotes":""},"categories":[136],"tags":[407,137,33,31,30,408,3411,32,2721,109],"class_list":{"0":"post-121061","1":"post","2":"type-post","3":"status-publish","4":"format-standard","5":"has-post-thumbnail","7":"category-julkkikset","8":"tag-celebrities","9":"tag-entertainment","10":"tag-fi","11":"tag-finland","12":"tag-finnish","13":"tag-julkkikset","14":"tag-olga-temonen","15":"tag-suomi","16":"tag-tuukka-temonen","17":"tag-viihde"},"share_on_mastodon":{"url":"https:\/\/pubeurope.com\/@fi\/115749326916551234","error":""},"_links":{"self":[{"href":"https:\/\/www.europesays.com\/fi\/wp-json\/wp\/v2\/posts\/121061","targetHints":{"allow":["GET"]}}],"collection":[{"href":"https:\/\/www.europesays.com\/fi\/wp-json\/wp\/v2\/posts"}],"about":[{"href":"https:\/\/www.europesays.com\/fi\/wp-json\/wp\/v2\/types\/post"}],"author":[{"embeddable":true,"href":"https:\/\/www.europesays.com\/fi\/wp-json\/wp\/v2\/users\/2"}],"replies":[{"embeddable":true,"href":"https:\/\/www.europesays.com\/fi\/wp-json\/wp\/v2\/comments?post=121061"}],"version-history":[{"count":0,"href":"https:\/\/www.europesays.com\/fi\/wp-json\/wp\/v2\/posts\/121061\/revisions"}],"wp:featuredmedia":[{"embeddable":true,"href":"https:\/\/www.europesays.com\/fi\/wp-json\/wp\/v2\/media\/68606"}],"wp:attachment":[{"href":"https:\/\/www.europesays.com\/fi\/wp-json\/wp\/v2\/media?parent=121061"}],"wp:term":[{"taxonomy":"category","embeddable":true,"href":"https:\/\/www.europesays.com\/fi\/wp-json\/wp\/v2\/categories?post=121061"},{"taxonomy":"post_tag","embeddable":true,"href":"https:\/\/www.europesays.com\/fi\/wp-json\/wp\/v2\/tags?post=121061"}],"curies":[{"name":"wp","href":"https:\/\/api.w.org\/{rel}","templated":true}]}}