{"id":121064,"date":"2025-12-20T01:42:13","date_gmt":"2025-12-20T01:42:13","guid":{"rendered":"https:\/\/www.europesays.com\/fi\/121064\/"},"modified":"2025-12-20T01:42:13","modified_gmt":"2025-12-20T01:42:13","slug":"rosanna-kulju-esittelee-perheensa-puolisonsa-lapsineen","status":"publish","type":"post","link":"https:\/\/www.europesays.com\/fi\/121064\/","title":{"rendered":"Rosanna Kulju esittelee perheens\u00e4 &#8211; puolisonsa lapsineen"},"content":{"rendered":"<p>Mediapersoonsa <strong>Rosanna Kulju<\/strong> on myynyt Helsingiss\u00e4 sijaitsevan asuntonsa. H\u00e4n asuu suuren osan vuodessa Oulussa, jossa asuu my\u00f6s h\u00e4nen puolisonsa. Kulju kertoi sometarinoissaan aikovansa hankkia puolisonsa kanssa jossain vaiheessa pienen asunnon my\u00f6s Helsingist\u00e4.<\/p>\n<p>Lue my\u00f6s: <a href=\"https:\/\/www.como.fi\/uutiset\/rosanna-kulju-odottaa-poikaa-nain-erikoisella-tavalla-se-paljastui\/\" title=\"Rosanna Kulju odottaa poikaa \u2013 n\u00e4in erikoisella tavalla se paljastui\" class=\"underline-custom !font-montserrat !font-bold !underline-offset-4 !decoration-4 !decoration-red-600 !text-md\" rel=\"nofollow noopener\" target=\"_blank\">Rosanna Kulju odottaa poikaa \u2013 n\u00e4in erikoisella tavalla se paljastui<\/a><\/p>\n<p>Kulju odottaa puolisonsa kanssa ensimm\u00e4ist\u00e4 yhteist\u00e4 lasta. Kuljun somejulkaisuista on tullut selville, kuinka h\u00e4nen puolisollaan on kolme lasta aiemmasta suhteestaan. Nyt Kulju esittelee somejulkaisussaan perheens\u00e4.<\/p>\n<p>\u2013 Meid\u00e4n perheeseen kuuluu: h\u00e4n, min\u00e4, 10v pikkumimmi ja 14 mimmi, esittelee Kulju perheens\u00e4.<\/p>\n<p>Julkaisussa mainitaan, kuinka tyt\u00f6t asuvat Rosannan ja is\u00e4ns\u00e4 kanssa joka toinen viikko.<\/p>\n<p>\u2013 Asutaan Oulujoen varressa noin 2 km keskustassa ihanassa omakotitalossa. Meill\u00e4 on l\u00e4hell\u00e4 tosi kivat lenkkipolut, p\u00e4iv\u00e4kodit ja kaupat, kertoo Rosanna perheen kodista.<\/p>\n<p>Julkaisun kuvassa n\u00e4kyy my\u00f6s (kasvot peitettyn\u00e4) Kuljun puolison poika.<\/p>\n<p>Lue my\u00f6s: <a href=\"https:\/\/www.como.fi\/uutiset\/rosanna-kulju-sai-kamalan-viestin-julkaisi-sen-nimen-kera\/\" title=\"Rosanna Kulju sai kamalan viestin \u2013 julkaisi sen nimen kera\" class=\"underline-custom !font-montserrat !font-bold !underline-offset-4 !decoration-4 !decoration-red-600 !text-md\" rel=\"nofollow noopener\" target=\"_blank\">Rosanna Kulju sai kamalan viestin \u2013 julkaisi sen nimen kera<\/a><\/p>\n<p>\u2013 On meill\u00e4 t\u00e4mm\u00f6nen isompikin poitsu, joka asuu jo omillaan, kertoo Rosanna pojasta.<\/p>\n<p>Kuljun mukaan v\u00e4lit lasten \u00e4itiin ovat my\u00f6s hyv\u00e4t. H\u00e4n kertoo arvostavansa h\u00e4nt\u00e4 sek\u00e4 ihmisen\u00e4 ett\u00e4 \u00e4itin\u00e4.<\/p>\n<p>\u2013 En ole koskaan halunnut tai yritt\u00e4nyt olla mik\u00e4\u00e4n \u00e4iti \u2013 n\u00e4ill\u00e4 lapsilla on jo oma \u00e4iti. M\u00e4 haluan olla yst\u00e4v\u00e4 ja turvallinen aikuinen, kertoo Rosanna viel\u00e4.<\/p>\n<p>N\u00e4et Rosannan julkaisun my\u00f6s <a href=\"https:\/\/www.instagram.com\/p\/DSbzlC5jbO5\/?utm_source=ig_web_copy_link&amp;igsh=MzRlODBiNWFlZA==\" target=\"_blank\" rel=\"noreferrer noopener nofollow\">t\u00e4\u00e4lt\u00e4<\/a>.<\/p>\n<p>Lue my\u00f6s: <a href=\"https:\/\/www.como.fi\/tilaa-comon-uutiskirje\/\" title=\"Tilaa Comon uutiskirje ja tied\u00e4t mist\u00e4 kahvitauolla puhutaan! Nappaa kotimaan tv-vinkit ja puheenaiheet suoraan s\u00e4hk\u00f6postiin t\u00e4st\u00e4.\" class=\"underline-custom !font-montserrat !font-bold !underline-offset-4 !decoration-4 !decoration-red-600 !text-md\" rel=\"nofollow noopener\" target=\"_blank\">Tilaa Comon uutiskirje ja tied\u00e4t mist\u00e4 kahvitauolla puhutaan! Nappaa kotimaan tv-vinkit ja puheenaiheet suoraan s\u00e4hk\u00f6postiin t\u00e4st\u00e4.<\/a><\/p>\n<p>\t\t\t\t<script async src=\"\/\/www.instagram.com\/embed.js\"><\/script><\/p>\n","protected":false},"excerpt":{"rendered":"Mediapersoonsa Rosanna Kulju on myynyt Helsingiss\u00e4 sijaitsevan asuntonsa. H\u00e4n asuu suuren osan vuodessa Oulussa, jossa asuu my\u00f6s h\u00e4nen&hellip;\n","protected":false},"author":2,"featured_media":121065,"comment_status":"","ping_status":"","sticky":false,"template":"","format":"standard","meta":{"footnotes":""},"categories":[130],"tags":[137,33,31,30,6303,32,109],"class_list":{"0":"post-121064","1":"post","2":"type-post","3":"status-publish","4":"format-standard","5":"has-post-thumbnail","7":"category-viihde","8":"tag-entertainment","9":"tag-fi","10":"tag-finland","11":"tag-finnish","12":"tag-rosanna-kulju","13":"tag-suomi","14":"tag-viihde"},"share_on_mastodon":{"url":"https:\/\/pubeurope.com\/@fi\/115749358384003631","error":""},"_links":{"self":[{"href":"https:\/\/www.europesays.com\/fi\/wp-json\/wp\/v2\/posts\/121064","targetHints":{"allow":["GET"]}}],"collection":[{"href":"https:\/\/www.europesays.com\/fi\/wp-json\/wp\/v2\/posts"}],"about":[{"href":"https:\/\/www.europesays.com\/fi\/wp-json\/wp\/v2\/types\/post"}],"author":[{"embeddable":true,"href":"https:\/\/www.europesays.com\/fi\/wp-json\/wp\/v2\/users\/2"}],"replies":[{"embeddable":true,"href":"https:\/\/www.europesays.com\/fi\/wp-json\/wp\/v2\/comments?post=121064"}],"version-history":[{"count":0,"href":"https:\/\/www.europesays.com\/fi\/wp-json\/wp\/v2\/posts\/121064\/revisions"}],"wp:featuredmedia":[{"embeddable":true,"href":"https:\/\/www.europesays.com\/fi\/wp-json\/wp\/v2\/media\/121065"}],"wp:attachment":[{"href":"https:\/\/www.europesays.com\/fi\/wp-json\/wp\/v2\/media?parent=121064"}],"wp:term":[{"taxonomy":"category","embeddable":true,"href":"https:\/\/www.europesays.com\/fi\/wp-json\/wp\/v2\/categories?post=121064"},{"taxonomy":"post_tag","embeddable":true,"href":"https:\/\/www.europesays.com\/fi\/wp-json\/wp\/v2\/tags?post=121064"}],"curies":[{"name":"wp","href":"https:\/\/api.w.org\/{rel}","templated":true}]}}