{"id":121068,"date":"2025-12-20T01:46:48","date_gmt":"2025-12-20T01:46:48","guid":{"rendered":"https:\/\/www.europesays.com\/fi\/121068\/"},"modified":"2025-12-20T01:46:48","modified_gmt":"2025-12-20T01:46:48","slug":"nain-putin-puhui-ukrainan-sodasta-esitti-anteeksipyynnon","status":"publish","type":"post","link":"https:\/\/www.europesays.com\/fi\/121068\/","title":{"rendered":"N\u00e4in Putin puhui Ukrainan sodasta \u2013 esitti anteeksipyynn\u00f6n"},"content":{"rendered":"<p>Putinin televisiomaraton kesti j\u00e4lleen yli nelj\u00e4 tuntia.<\/p>\n<p>Putin kommentoi mahdollista rauhaa. <\/p>\n<p>19.12. 17:32<\/p>\n<p class=\"article-body mb-nof-24 px-nof-16\">Ven\u00e4j\u00e4n presidentti <a class=\"article-personlink\" href=\"https:\/\/www.is.fi\/haku\/?query=Vladimir%20Putin\" rel=\"nofollow noopener\" target=\"_blank\">Vladimir Putin<\/a> vastasi toimittajien ja kansalaisten kysymyksiin vuotuisessa suorassa linjassa, joka esitet\u00e4\u00e4n suorana l\u00e4hetyksen\u00e4 Ven\u00e4j\u00e4ll\u00e4 televisiossa. Putin kommentoi tilaisuudessa muun muassa Ukrainan sotaa, rauhanneuvotteluja ja taloustilannetta.<\/p>\n<p class=\"article-body mb-nof-24 px-nof-16\">Putin sanoi, ett\u00e4 Ven\u00e4j\u00e4 on valmis rauhaan Putinin toissa vuonna linjaamien ehtojen pohjalta. Putin vaikutti sanovan, ettei Ven\u00e4j\u00e4 ole valmis my\u00f6nnytyksiin rauhan aikaansaamiseksi.<\/p>\n<p class=\"article-body mb-nof-24 px-nof-16\">Putin vaati kes\u00e4kuussa 2024 pit\u00e4m\u00e4ss\u00e4\u00e4n puheessa muun muassa laajoja alueluovutuksia, Ukrainan hallinnon vaihtamista, Ukrainan asevoimien ja sotilaallisten kykyjen rajoittamista sek\u00e4 sit\u00e4, ett\u00e4 Ukraina luopuisi Nato-j\u00e4senyyden tavoittelusta.<\/p>\n<p class=\"article-body mb-nof-24 px-nof-16\">Putin sanoi Yhdysvaltojen presidentin <a class=\"article-personlink\" href=\"https:\/\/www.is.fi\/haku\/?query=Donald%20Trumpin\" rel=\"nofollow noopener\" target=\"_blank\">Donald Trumpin<\/a> yritt\u00e4v\u00e4n lopettaa Ukrainan sotaa.<\/p>\n<p class=\"article-body mb-nof-24 px-nof-16\">\u2013\u2009H\u00e4n on aika vilpit\u00f6n n\u00e4iss\u00e4 pyrkimyksiss\u00e4, Putin totesi.<\/p>\n<p class=\"article-body mb-nof-24 px-nof-16\">Putinin mukaan Ven\u00e4j\u00e4 oli suostunut Yhdysvaltoihin ehdotuksiin Alaskassa. Putinin mukaan alustavassa kokouksessa oli pyydetty my\u00f6nnytyksi\u00e4 Ven\u00e4j\u00e4lt\u00e4 Ukrainan suhteen. Putin v\u00e4itti, ett\u00e4 Ven\u00e4j\u00e4 olisi ollut valmis kompromisseihin. Putin ei sanonut, mink\u00e4laisiin my\u00f6nnytyksiin Ven\u00e4j\u00e4 olisi ollut valmis.<\/p>\n<p class=\"article-body mb-nof-24 px-nof-16\">\u2013\u2009Pallo on l\u00e4nnen ja Ukrainan nurkassa.<\/p>\n<p><img decoding=\"async\" src=\"https:\/\/www.europesays.com\/fi\/wp-content\/uploads\/2025\/12\/1766195207_478_468.jpg\" alt=\"Putinin suoraa linjaa n\u00e4ytettiin ymp\u00e4ri Ven\u00e4j\u00e4\u00e4. T\u00e4ss\u00e4 ihmiset seuraavat suoraa l\u00e4hetyst\u00e4 Novosibirskiss\u00e4 Makarenkon keskuspiirin kirjastossa.\" class=\"_Img_1rerz_1\" style=\"aspect-ratio:1.5\" loading=\"eager\"\/><\/p>\n<p class=\"article-picture-caption\">Putinin suoraa linjaa n\u00e4ytettiin ymp\u00e4ri Ven\u00e4j\u00e4\u00e4. T\u00e4ss\u00e4 ihmiset seuraavat suoraa l\u00e4hetyst\u00e4 Novosibirskiss\u00e4 Makarenkon keskuspiirin kirjastossa. Kuva:\u00a0Kirill Kukhmar<\/p>\n<p class=\"article-body mb-nof-24 px-nof-16\">Putin pyrki vastauksissaan luomaan kuvaa siit\u00e4, ett\u00e4 Ven\u00e4j\u00e4 v\u00e4\u00e4j\u00e4\u00e4m\u00e4tt\u00f6m\u00e4sti etenee Ukrainassa. Presidentti toisti liioiteltuja v\u00e4itteit\u00e4 Ven\u00e4j\u00e4n sotamenestyksest\u00e4.<\/p>\n<p class=\"article-body mb-nof-24 px-nof-16\">Putin esimerkiksi v\u00e4itti, ett\u00e4 Ven\u00e4j\u00e4 etenee koko yli tuhannen kilometrin pituisella kontaktilinjalla.<\/p>\n<p class=\"article-body mb-nof-24 px-nof-16\">\u2013\u2009Joukkomme etenev\u00e4t pitkin koko etulinjaa. Joillain alueilla nopeammin, joillain hitaammin. Kaikkialla etulinjassa vihollista ty\u00f6nnet\u00e4\u00e4n takaisin.<\/p>\n<p class=\"article-body mb-nof-24 px-nof-16\">Ven\u00e4j\u00e4 on onnistunut hitaasti etenem\u00e4\u00e4n Ukrainassa, mutta ei pitkin koko kontaktilinjaa. Esimerkiksi Kupjanskissa Ukraina on saanut vallattua alueita takaisin ja saarrettua kaupungissa yh\u00e4 olevat ven\u00e4l\u00e4issotilaat. Putin v\u00e4itti virheellisesti, ett\u00e4 kaupunki olisi ven\u00e4l\u00e4isten hallussa.<\/p>\n<p><img decoding=\"async\" src=\"https:\/\/images.sanoma-sndp.fi\/62369c34e8aae361cc698aa30a9c84eb.svg\" alt=\"\" class=\"_Img_1rerz_1\" style=\"aspect-ratio:1.72\" loading=\"eager\"\/><\/p>\n<p class=\"article-body mb-nof-24 px-nof-16\">Lue lis\u00e4\u00e4: <a class=\"article-genericlink\" href=\"https:\/\/www.is.fi\/ulkomaat\/art-2000011704443.html\" rel=\"nofollow noopener\" target=\"_blank\">Zelenskyi julkaisi kiusallisen videon \u2013 Putinilta erikoinen selitys<\/a><\/p>\n<p class=\"article-body mb-nof-24 px-nof-16\">Sota kuului my\u00f6s kansalaisten kysymyksiss\u00e4. Kuolleen sotilaan leski kertoi Putinille, ett\u00e4 h\u00e4nen perheens\u00e4 ei ole saanut viel\u00e4k\u00e4\u00e4n perheelle kuuluvia etuuksia, kuten leskelle kuuluvaa el\u00e4kett\u00e4 lasten huoltamista varten, vaikka miehen kaatumisesta on kulunut jo puolitoista vuotta.<\/p>\n<p class=\"article-body mb-nof-24 px-nof-16\">Putin pyysi leskelt\u00e4 anteeksi, ett\u00e4 asian ratkaisemisessa on kest\u00e4nyt kauan. Putin lupasi ottaa kontrolliinsa korvauksien ja etuuksien maksamisen.<\/p>\n<p class=\"article-body mb-nof-24 px-nof-16\">\u2013\u2009T\u00e4ytyy nopeuttaa n\u00e4iden korvauksien maksamista erityisesti t\u00e4llaisissa tapauksissa kuten teill\u00e4, jolla on kaksi lasta.<\/p>\n<p class=\"article-body mb-nof-24 px-nof-16\">Putin selitti my\u00f6s suorassa l\u00e4hetyksess\u00e4 kommenttiaan, jossa puhui eurooppalaisista \u201dpikkupossuina\u201d. Putin sanoi, ett\u00e4 termi \u201dpikkupossut\u201d tuli h\u00e4nelt\u00e4 spontaanisti eik\u00e4 h\u00e4n tarkoittanut sill\u00e4 erityisesti ket\u00e4\u00e4n henkil\u00f6kohtaisesti. H\u00e4n ei kuulemma koskaan mene henkil\u00f6kohtaisuuksiin ja viittasi vain \u201dm\u00e4\u00e4rittelem\u00e4tt\u00f6m\u00e4\u00e4n ryhm\u00e4\u00e4n ihmisi\u00e4\u201d.<\/p>\n<p class=\"article-body mb-nof-24 px-nof-16\">Putin kommentoi keskiviikkona Yhdysvaltain edellist\u00e4 hallintoa, jonka v\u00e4itti uskoneen yhdess\u00e4 Ukrainan kanssa \u201dtuhoavansa ja hajottavansa Ven\u00e4j\u00e4n lyhyess\u00e4 ajassa\u201d.<\/p>\n<p class=\"article-body mb-nof-24 px-nof-16\">\u2013 Ja eurooppalaiset pikkupossut liittyiv\u00e4t v\u00e4litt\u00f6m\u00e4sti mukaan Yhdysvaltain edellisen hallinnon ty\u00f6h\u00f6n. He toivoivat hy\u00f6tyv\u00e4ns\u00e4 maamme romahduksesta ja saavansa takaisin jotain aiempina historiallisina kausina menetetty\u00e4, kun he yrittiv\u00e4t kostaa, Putin <a class=\"article-genericlink\" href=\"https:\/\/www.rbc.ru\/politics\/17\/12\/2025\/69429fc69a7947a343f463a4?ysclid=mjb156qaed728132072\" rel=\"nofollow noopener\" target=\"_blank\">sanoi<\/a> televisioidussa puheessaan keskiviikkona.<\/p>\n<p><img decoding=\"async\" src=\"https:\/\/www.europesays.com\/fi\/wp-content\/uploads\/2025\/12\/1766195208_758_468.jpg\" alt=\"Putinin suora linja oli p\u00e4\u00e4ll\u00e4 Taka-Baikalian aluehallinnon kokouksessa Tshitassa.\" class=\"_Img_1rerz_1\" style=\"aspect-ratio:1.5635179153094463\" loading=\"eager\"\/><\/p>\n<p class=\"article-picture-caption\">Putinin suora linja oli p\u00e4\u00e4ll\u00e4 Taka-Baikalian aluehallinnon kokouksessa Tshitassa. Kuva:\u00a0Tass \/ Zuma<\/p>\n<p class=\"article-body mb-nof-24 px-nof-16\">Putin kritisoi eurooppalaisten pyrkimyksi\u00e4 hy\u00f6dynt\u00e4\u00e4 Ven\u00e4j\u00e4n j\u00e4\u00e4dytettyj\u00e4 varoja Ukrainan rahoittamiseksi.<\/p>\n<p class=\"article-body mb-nof-24 px-nof-16\">EU ei p\u00e4\u00e4ssyt yhteisymm\u00e4rrykseen j\u00e4\u00e4dytettyjen varojen k\u00e4teistuoton k\u00e4ytt\u00e4misest\u00e4 Ukrainalle annettavan sotakorvauslainan rahoittamiseen. EU p\u00e4\u00e4tti kuitenkin tarjota 90 miljaria euroa tukea Ukrainalle vuosiksi 2026\u20132027 yhteisell\u00e4 lainalla, johon osallistuu 24 maata EU:n 27 j\u00e4senmaasta. Ulkopuolelle j\u00e4tt\u00e4ytyiv\u00e4t Unkari, Tshekki ja Slovakia.<\/p>\n<p class=\"article-body mb-nof-24 px-nof-16\">\u2013\u2009Miksi he ep\u00e4onnistuivat toteuttamaan t\u00e4m\u00e4n ry\u00f6st\u00f6n? Koska seuraukset voivat olla kovat ry\u00f6st\u00e4jille, Putin sanoi.<\/p>\n<p class=\"article-body mb-nof-24 px-nof-16\">Putinin mukaan jos varoja kuitenkin k\u00e4ytet\u00e4\u00e4n, \u201djossain vaiheessa ne joudutaan antamaan takaisin\u201d. T\u00e4m\u00e4n Ven\u00e4j\u00e4 aikoo saavuttaa esimerkiksi oikeudenk\u00e4yntien avulla.<\/p>\n<p class=\"article-body mb-nof-24 px-nof-16\">Taloutta koskevia kysymyksi\u00e4 oli laidasta laitaan: miksi kaikki on kallistunut, riitt\u00e4v\u00e4tk\u00f6 kalatuotteet, monilapsisten perheiden saamat tuet.<\/p>\n<p class=\"article-body mb-nof-24 px-nof-16\">Yll\u00e4tt\u00e4en kesken Putinin suoran linjan Ven\u00e4j\u00e4n keskuspankki ilmoitti laskevansa ohjauskorkoa 16,5 prosentista 16 prosenttiin. Juontajat ilmoittivat asiasta, ja Putin kehuu keskuspankkia, jonka toimintaan h\u00e4n ei omien sanojensa mukaan sekaannu itse.<\/p>\n<p class=\"article-body mb-nof-24 px-nof-16\">Vaikutti kuitenkin silt\u00e4, ett\u00e4 korkouutinen oli ajoitettu tarkoituksella t\u00e4h\u00e4n suoran linjan keskelle.<\/p>\n","protected":false},"excerpt":{"rendered":"Putinin televisiomaraton kesti j\u00e4lleen yli nelj\u00e4 tuntia. Putin kommentoi mahdollista rauhaa. 19.12. 17:32 Ven\u00e4j\u00e4n presidentti Vladimir Putin vastasi&hellip;\n","protected":false},"author":2,"featured_media":121069,"comment_status":"","ping_status":"","sticky":false,"template":"","format":"standard","meta":{"footnotes":""},"categories":[14],"tags":[22,23,26,27,33,31,30,17,34,24,25,28,29,15,18,21,32,19,20,56,16,59,60,61],"class_list":{"0":"post-121068","1":"post","2":"type-post","3":"status-publish","4":"format-standard","5":"has-post-thumbnail","7":"category-ulkomaat","8":"tag-breaking-news","9":"tag-breakingnews","10":"tag-featured-news","11":"tag-featurednews","12":"tag-fi","13":"tag-finland","14":"tag-finnish","15":"tag-headlines","16":"tag-ilta-sanomat","17":"tag-latest-news","18":"tag-latestnews","19":"tag-main-news","20":"tag-mainnews","21":"tag-news","22":"tag-otsikot","23":"tag-paauutiset","24":"tag-suomi","25":"tag-top-stories","26":"tag-topstories","27":"tag-ulkomaat","28":"tag-uutiset","29":"tag-world","30":"tag-world-news","31":"tag-worldnews"},"share_on_mastodon":{"url":"https:\/\/pubeurope.com\/@fi\/115749378257127867","error":""},"_links":{"self":[{"href":"https:\/\/www.europesays.com\/fi\/wp-json\/wp\/v2\/posts\/121068","targetHints":{"allow":["GET"]}}],"collection":[{"href":"https:\/\/www.europesays.com\/fi\/wp-json\/wp\/v2\/posts"}],"about":[{"href":"https:\/\/www.europesays.com\/fi\/wp-json\/wp\/v2\/types\/post"}],"author":[{"embeddable":true,"href":"https:\/\/www.europesays.com\/fi\/wp-json\/wp\/v2\/users\/2"}],"replies":[{"embeddable":true,"href":"https:\/\/www.europesays.com\/fi\/wp-json\/wp\/v2\/comments?post=121068"}],"version-history":[{"count":0,"href":"https:\/\/www.europesays.com\/fi\/wp-json\/wp\/v2\/posts\/121068\/revisions"}],"wp:featuredmedia":[{"embeddable":true,"href":"https:\/\/www.europesays.com\/fi\/wp-json\/wp\/v2\/media\/121069"}],"wp:attachment":[{"href":"https:\/\/www.europesays.com\/fi\/wp-json\/wp\/v2\/media?parent=121068"}],"wp:term":[{"taxonomy":"category","embeddable":true,"href":"https:\/\/www.europesays.com\/fi\/wp-json\/wp\/v2\/categories?post=121068"},{"taxonomy":"post_tag","embeddable":true,"href":"https:\/\/www.europesays.com\/fi\/wp-json\/wp\/v2\/tags?post=121068"}],"curies":[{"name":"wp","href":"https:\/\/api.w.org\/{rel}","templated":true}]}}