{"id":121070,"date":"2025-12-20T01:47:11","date_gmt":"2025-12-20T01:47:11","guid":{"rendered":"https:\/\/www.europesays.com\/fi\/121070\/"},"modified":"2025-12-20T01:47:11","modified_gmt":"2025-12-20T01:47:11","slug":"joululoman-yleisoluistelut-kutsuvat-jaahallille-jamsan-kaupunki","status":"publish","type":"post","link":"https:\/\/www.europesays.com\/fi\/121070\/","title":{"rendered":"Joululoman yleis\u00f6luistelut kutsuvat j\u00e4\u00e4hallille \u2013 J\u00e4ms\u00e4n kaupunki"},"content":{"rendered":"<p>Joulun ja vuodenvaihteen aikaan j\u00e4\u00e4halleilla on tarjolla runsaasti maksuttomia yleis\u00f6luisteluvuoroja.<\/p>\n<p>J\u00e4ms\u00e4njokilaakson j\u00e4\u00e4hallin vuorot ovat seuraavat:<\/p>\n<p>\u00a0<\/p>\n<p>maanantai 22.12.<\/p>\n<ul>\n<li>klo 15 \u201316.30 yleis\u00f6luistelu<\/li>\n<\/ul>\n<p>tiistai 23.12.<\/p>\n<ul>\n<li>klo 14\u201315 mailavuoro alle 12-vuotiaille<\/li>\n<li>klo 15\u201316.30 yleis\u00f6luistelu<\/li>\n<li>klo 16.30\u201318 mailavuoro yli 12-vuotiaille<\/li>\n<\/ul>\n<p>torstai 25.12.<\/p>\n<ul>\n<li>klo 11\u201313 yleis\u00f6luistelu<\/li>\n<\/ul>\n<p>perjantai 26.12.<\/p>\n<ul>\n<li>klo 12\u00ad \u201314 mailavuoro alle 12-vuotiaille<\/li>\n<li>klo 14\u201316 mailavuoro yli 12-vuotiaille<\/li>\n<\/ul>\n<p>sunnuntai 28.12.<\/p>\n<ul>\n<li>klo 12\u201313.30 mailavuoro alle 12-vuotiaille<\/li>\n<li>klo 13.30\u201315 yleis\u00f6luistelu<\/li>\n<li>klo 15\u201316.30 mailavuoro yli 12-vuotiaille<\/li>\n<\/ul>\n<p>maanantai 29.12.<\/p>\n<ul>\n<li>klo 15\u201316.30 yleis\u00f6luistelu<\/li>\n<\/ul>\n<p>tiistai 30.12.<\/p>\n<ul>\n<li>klo 14\u201315.30 mailavuoro alle 12-vuotiaille<\/li>\n<li>klo 15.30\u201317 yleis\u00f6luistelu<\/li>\n<li>klo 17\u00ad\u201318.30 mailavuoro yli 12-vuotiaille<\/li>\n<\/ul>\n<p>perjantai 2.1.<\/p>\n<ul>\n<li>klo 10\u201312 mailavuoro alle 12-vuotiaille<\/li>\n<li>klo 12\u201314 yleis\u00f6luistelu<\/li>\n<li>klo 14\u201316 mailavuoro yli 12-vuotiaille<\/li>\n<\/ul>\n<p>sunnuntai 4.1.<\/p>\n<ul>\n<li>klo 15\u201316.30 yleis\u00f6luistelu<\/li>\n<\/ul>\n<p>maanantai 5.1.<\/p>\n<ul>\n<li>klo 15\u201316.30 yleis\u00f6luistelu<\/li>\n<\/ul>\n<p>tiistai 6.1.<\/p>\n<ul>\n<li>klo 12\u201313.30 mailavuoro alle 12-vuotiaille<\/li>\n<li>klo 13.30\u201314.30 yleis\u00f6luistelu<\/li>\n<li>klo 14.30\u201316 mailavuoro yli 12-vuotiaille<\/li>\n<\/ul>\n<p>J\u00e4ms\u00e4nkosken j\u00e4\u00e4hallissa yleis\u00f6luisteluvuoroja on joululoman aikaan seuraavasti:<\/p>\n<ul>\n<li>sunnuntai 28.12. klo 16.45\u201317.45 yleis\u00f6luistelu<\/li>\n<li>tiistai 30.12. klo 17\u201318 yleis\u00f6luistelu<\/li>\n<li>perjantai 2.1. klo 18.15\u201319.15 mailavuoro<\/li>\n<li>tiistai 6.1. klo 17\u201318 yleis\u00f6luistelu<\/li>\n<\/ul>\n<p>L\u00e4ngelm\u00e4ki Hallin yleis\u00f6luisteluvuorot l\u00f6ytyv\u00e4t\u00a0<a href=\"https:\/\/langelmakihalli.com\/etusivu\" rel=\"nofollow noopener\" target=\"_blank\">hallin verkkosivuilta<\/a>. Varatut vuorot ohittavat yleis\u00f6luisteluvuorot, joten kannattaa tarkistaa varauskalenterista, onko yleis\u00f6luistelun ajalla varattua vuoroa.<\/p>\n<p>J\u00e4\u00e4hallien mailavuoroilla on aina kyp\u00e4r\u00e4pakko. Alle 12-vuotiaiden mailavuoroilla j\u00e4\u00e4ll\u00e4 saa olla huoltaja mukana. Lis\u00e4tietoja yleis\u00f6luisteluvuoroista on saatavilla j\u00e4\u00e4hallien omilta verkkosivuilta.<\/p>\n","protected":false},"excerpt":{"rendered":"Joulun ja vuodenvaihteen aikaan j\u00e4\u00e4halleilla on tarjolla runsaasti maksuttomia yleis\u00f6luisteluvuoroja. J\u00e4ms\u00e4njokilaakson j\u00e4\u00e4hallin vuorot ovat seuraavat: \u00a0 maanantai 22.12.&hellip;\n","protected":false},"author":2,"featured_media":121071,"comment_status":"","ping_status":"","sticky":false,"template":"","format":"standard","meta":{"footnotes":""},"categories":[12],"tags":[22,23,26,27,33,31,30,17,24,25,28,29,15,18,21,32,19,20,16],"class_list":{"0":"post-121070","1":"post","2":"type-post","3":"status-publish","4":"format-standard","5":"has-post-thumbnail","7":"category-suomi","8":"tag-breaking-news","9":"tag-breakingnews","10":"tag-featured-news","11":"tag-featurednews","12":"tag-fi","13":"tag-finland","14":"tag-finnish","15":"tag-headlines","16":"tag-latest-news","17":"tag-latestnews","18":"tag-main-news","19":"tag-mainnews","20":"tag-news","21":"tag-otsikot","22":"tag-paauutiset","23":"tag-suomi","24":"tag-top-stories","25":"tag-topstories","26":"tag-uutiset"},"share_on_mastodon":{"url":"https:\/\/pubeurope.com\/@fi\/115749378318874680","error":""},"_links":{"self":[{"href":"https:\/\/www.europesays.com\/fi\/wp-json\/wp\/v2\/posts\/121070","targetHints":{"allow":["GET"]}}],"collection":[{"href":"https:\/\/www.europesays.com\/fi\/wp-json\/wp\/v2\/posts"}],"about":[{"href":"https:\/\/www.europesays.com\/fi\/wp-json\/wp\/v2\/types\/post"}],"author":[{"embeddable":true,"href":"https:\/\/www.europesays.com\/fi\/wp-json\/wp\/v2\/users\/2"}],"replies":[{"embeddable":true,"href":"https:\/\/www.europesays.com\/fi\/wp-json\/wp\/v2\/comments?post=121070"}],"version-history":[{"count":0,"href":"https:\/\/www.europesays.com\/fi\/wp-json\/wp\/v2\/posts\/121070\/revisions"}],"wp:featuredmedia":[{"embeddable":true,"href":"https:\/\/www.europesays.com\/fi\/wp-json\/wp\/v2\/media\/121071"}],"wp:attachment":[{"href":"https:\/\/www.europesays.com\/fi\/wp-json\/wp\/v2\/media?parent=121070"}],"wp:term":[{"taxonomy":"category","embeddable":true,"href":"https:\/\/www.europesays.com\/fi\/wp-json\/wp\/v2\/categories?post=121070"},{"taxonomy":"post_tag","embeddable":true,"href":"https:\/\/www.europesays.com\/fi\/wp-json\/wp\/v2\/tags?post=121070"}],"curies":[{"name":"wp","href":"https:\/\/api.w.org\/{rel}","templated":true}]}}