{"id":121074,"date":"2025-12-20T02:00:20","date_gmt":"2025-12-20T02:00:20","guid":{"rendered":"https:\/\/www.europesays.com\/fi\/121074\/"},"modified":"2025-12-20T02:00:20","modified_gmt":"2025-12-20T02:00:20","slug":"frederik-intiimi-suhdepaljastus-seiska","status":"publish","type":"post","link":"https:\/\/www.europesays.com\/fi\/121074\/","title":{"rendered":"Frederik: Intiimi suhdepaljastus | Seiska"},"content":{"rendered":"<p>\n            20210528, Helsinki. Kara\u00e5ke poke. Kuvassa Reetu eli Frederik.<br \/>\n            Timo Korhonen\n        <\/p>\n<p class=\"subtitle \">Junttidiskon kuningas on k\u00e4ynyt sormuskaupoilla.<\/p>\n<p class=\"article-content article-content-width !bg-background\">Iskelm\u00e4t\u00e4hti\u00a0\u00a0eli\u00a0, 80, on l\u00f6yt\u00e4nyt rinnalleen mielitietyn.<\/p>\n<p class=\"font-weight-bold m-font-weight-bold article-content article-content-width !bg-background\">Katso video \u2013 Frederik Tallinnan laivalla naisseurassa:<\/p>\n<p>&#8221;Erotiikkakin toimii&#8221;<\/p>\n<p class=\"article-content article-content-width !bg-background\"><a href=\"https:\/\/www.iltalehti.fi\/viihdeuutiset\/a\/5192b41a-e19f-446a-9367-ece0f012e44c\" target=\"_blank\" rel=\"nofollow noopener\">Frederik kertoo Iltalehden haastattelussa<\/a>, ett\u00e4 h\u00e4nen el\u00e4m\u00e4ss\u00e4\u00e4n on It\u00e4-Suomesta kotoisin oleva, nelikymppinen nainen.<\/p>\n<p class=\"article-content article-content-width !bg-background\">Laulajan mukaan kaksikon suhde alkoi Kanariansaarilla, kun nainen ilmestyi muusikon keikan j\u00e4lkeen h\u00e4nen takahuoneeseen.<\/p>\n<p class=\"article-content article-content-width !bg-background\">\u2013 Erotiikkakin toimii loistavasti. Olen joutunut sanomaan, ett\u00e4 pit\u00e4\u00e4 v\u00e4h\u00e4n rauhoittaakin, keikkakunkku kertoo IL:lle.<\/p>\n<p>        <a itemprop=\"url\" href=\"https:\/\/www.seiska.fi\/kotimaa\/frederikilta-yllattava-kommentti-dannyn-ja-helmin-suhteesta\/1980149\" rel=\"nofollow noopener\" target=\"_blank\"><\/p>\n<p>\nNyt puhuu Frederik\n<\/p>\n<p class=\"section-date\">\n        <strong class=\"article-section\" data-section=\"kotimaa\"><br \/>\n            kotimaa<br \/>\n        <\/strong><br \/>\n        2.11. 19:30\n    <\/p>\n<p>Frederikilt\u00e4 yll\u00e4tt\u00e4v\u00e4 kommentti Dannyn ja Helmin suhteesta!\n    <\/p>\n<p itemprop=\"description\" class=\"subtitle \">\n    Koko viime syksyn media seurasi luimistellen Frederikin ja h\u00e4nen ex-kaverinsa, musiikkineuvos Dannyn, riitely\u00e4.\n<\/p>\n<p>        <\/a><\/p>\n<p class=\"article-content article-content-width !bg-background\">Frederik on ostanut &#8221;koeajossa&#8221; olevalle syd\u00e4nk\u00e4pyselleen sormuksenkin \u2013 joka ei tosin ole kihlasormus.<\/p>\n<p class=\"article-content article-content-width !bg-background\">\u2013 Voisin menn\u00e4 h\u00e4nen kanssaan naimisiinkin, mutta kun h\u00e4n ei halua. H\u00e4n on lapsensakin jo tehnyt. Ja mun tyt\u00f6ll\u00e4ni on omat rahat, t\u00e4m\u00e4 on ensimm\u00e4inen nainen, jota en joudu el\u00e4tt\u00e4m\u00e4\u00e4n, Frederik toteaa Iltalehdelle.<\/p>\n<p>                <img decoding=\"async\" src=\"https:\/\/www.europesays.com\/fi\/wp-content\/uploads\/2025\/12\/1921916.webp\" width=\"576\" height=\"720\" alt=\"Reetun uran l\u00e4pimurto tapahtui vuonna 1970, kun h\u00e4n osallistui Syksyn s\u00e4vel -kilpailun j\u00e4ttihitill\u00e4\u00e4n Jos jotain yritt\u00e4\u00e4 (Harva meist\u00e4 on rautaa).\" loading=\"lazy\" \/>            <\/p>\n<p>\n            Reetun uran l\u00e4pimurto tapahtui vuonna 1970, kun h\u00e4n osallistui Syksyn s\u00e4vel -kilpailun j\u00e4ttihitill\u00e4\u00e4n Jos jotain yritt\u00e4\u00e4 (Harva meist\u00e4 on rautaa).<br \/>\n            ATTE KAJOVA\n        <\/p>\n<p>        <a itemprop=\"url\" href=\"https:\/\/www.seiska.fi\/vain-seiskassa\/salakuva-frederik-nuoremman-naisen-kanssa-parnussa-kertoo-melkoisen-paljastuksen\/1921882\" rel=\"nofollow noopener\" target=\"_blank\"><\/p>\n<p>\nSalakuva Frederikist\u00e4 ja nuoremmasta naisesta\n<\/p>\n<p class=\"section-date\">\n        <strong class=\"article-section\" data-section=\"vain seiskassa\"><br \/>\n            vain seiskassa<br \/>\n        <\/strong><br \/>\n        5.9. 17:00\n    <\/p>\n<p>Salakuva! Frederik nuoremman naisen kanssa P\u00e4rnussa \u2013 kertoo melkoisen paljastuksen!\n    <\/p>\n<p itemprop=\"description\" class=\"subtitle \">\n    Frederik kotiutui taannoin Farmi Suomesta, joka n\u00e4hd\u00e4\u00e4n n\u00e4k\u00f6radiossa my\u00f6hemmin. Maatilaa junttidiskon kuningas kuvaa &#8221;keskitysleiriksi&#8221;.\n<\/p>\n<p>        <\/a><\/p>\n<p>Kisaa pian maatilalla<\/p>\n<p class=\"article-content article-content-width !bg-background\">Frederikill\u00e4 on kaksi lasta,  ja , entisen puolisonsa, seurapiiritoimittaja  kanssa.\u00a0Suhteen p\u00e4\u00e4ttymisen j\u00e4lkeen nuoremmista daameista vieh\u00e4ttyneell\u00e4 Frederikill\u00e4 on ollut pitki\u00e4kin suhteita, mutta naimisiin h\u00e4n ei ole mennyt.<\/p>\n<p class=\"article-content article-content-width !bg-background\">Kev\u00e4\u00e4ll\u00e4 Frederik\u00a0ruoti miesten ja naisten asemaa nyky-yhteiskunnassa.<\/p>\n<p class=\"article-content article-content-width !bg-background\">\u2013 Rehti suomalainen mies ei en\u00e4\u00e4 tunnu kelpaavan, vaan pit\u00e4isi olla joku pullam\u00f6ss\u00f6 ja feministien jalkar\u00e4tti, Frederik t\u00e4r\u00e4ytti.<\/p>\n<p>        <a itemprop=\"url\" href=\"https:\/\/www.seiska.fi\/vain-seiskassa\/espanjassa-hieraistiin-silmia-danny-ja-helmi-loukasmaki-yllattavissa-touhuissa-kanarialla\/1995072\" rel=\"nofollow noopener\" target=\"_blank\"><\/p>\n<p>\nDanny ja Helmi\n<\/p>\n<p class=\"section-date\">\n        <strong class=\"article-section\" data-section=\"vain seiskassa\"><br \/>\n            vain seiskassa<br \/>\n        <\/strong><br \/>\n        26.11. 05:00\n    <\/p>\n<p>Espanjassa hieraistiin silmi\u00e4! Danny ja Helmi Loukasm\u00e4ki yll\u00e4tt\u00e4viss\u00e4 touhuissa Kanarialla\n    <\/p>\n<p itemprop=\"description\" class=\"subtitle \">\n    \u2013 N\u00e4in se tosiaan oli, Seiskalle kerrotaan Gran Canarialta.\n<\/p>\n<p>        <\/a><\/p>\n<p class=\"article-content article-content-width !bg-background\">Junttidiskon kuninkaaksikin tituleeratun Reetun tunnetuimpia hittej\u00e4 ovat Linda, Linda, Volga, Kolmekymppinen, Titanic ja Tsingis Khan.<\/p>\n<p class=\"article-content article-content-width !bg-background\">Frederikin suoriutumista maatilan askareissa voi seurata ensi vuoden puolella televisiosta Farmi Suomen kahdeksannella kaudella.<\/p>\n<p>                <img decoding=\"async\" src=\"https:\/\/www.europesays.com\/fi\/wp-content\/uploads\/2025\/12\/1980190.webp\" width=\"576\" height=\"322\" alt=\"Frederik ja Dannyn seuraneitin\u00e4 tunnettu Helmi Loukasm\u00e4ki vuonna 2022 Dannyn 80-vuotissyntym\u00e4p\u00e4iv\u00e4juhlilla.\" loading=\"lazy\" \/>            <\/p>\n<p>\n            Frederik ja Dannyn seuraneitin\u00e4 tunnettu Helmi Loukasm\u00e4ki vuonna 2022 Dannyn 80-vuotissyntym\u00e4p\u00e4iv\u00e4juhlilla.<br \/>\n            TIMO KORHONEN\n        <\/p>\n","protected":false},"excerpt":{"rendered":"20210528, Helsinki. Kara\u00e5ke poke. Kuvassa Reetu eli Frederik. Timo Korhonen Junttidiskon kuningas on k\u00e4ynyt sormuskaupoilla. Iskelm\u00e4t\u00e4hti\u00a0\u00a0eli\u00a0, 80, on&hellip;\n","protected":false},"author":2,"featured_media":121075,"comment_status":"","ping_status":"","sticky":false,"template":"","format":"standard","meta":{"footnotes":""},"categories":[136],"tags":[407,137,1762,33,31,30,1759,408,47,11785,1417,32,109],"class_list":{"0":"post-121074","1":"post","2":"type-post","3":"status-publish","4":"format-standard","5":"has-post-thumbnail","7":"category-julkkikset","8":"tag-celebrities","9":"tag-entertainment","10":"tag-farmi-suomi","11":"tag-fi","12":"tag-finland","13":"tag-finnish","14":"tag-frederik","15":"tag-julkkikset","16":"tag-musiikki","17":"tag-sormus","18":"tag-suhde","19":"tag-suomi","20":"tag-viihde"},"share_on_mastodon":{"url":"https:\/\/pubeurope.com\/@fi\/115749429369006563","error":""},"_links":{"self":[{"href":"https:\/\/www.europesays.com\/fi\/wp-json\/wp\/v2\/posts\/121074","targetHints":{"allow":["GET"]}}],"collection":[{"href":"https:\/\/www.europesays.com\/fi\/wp-json\/wp\/v2\/posts"}],"about":[{"href":"https:\/\/www.europesays.com\/fi\/wp-json\/wp\/v2\/types\/post"}],"author":[{"embeddable":true,"href":"https:\/\/www.europesays.com\/fi\/wp-json\/wp\/v2\/users\/2"}],"replies":[{"embeddable":true,"href":"https:\/\/www.europesays.com\/fi\/wp-json\/wp\/v2\/comments?post=121074"}],"version-history":[{"count":0,"href":"https:\/\/www.europesays.com\/fi\/wp-json\/wp\/v2\/posts\/121074\/revisions"}],"wp:featuredmedia":[{"embeddable":true,"href":"https:\/\/www.europesays.com\/fi\/wp-json\/wp\/v2\/media\/121075"}],"wp:attachment":[{"href":"https:\/\/www.europesays.com\/fi\/wp-json\/wp\/v2\/media?parent=121074"}],"wp:term":[{"taxonomy":"category","embeddable":true,"href":"https:\/\/www.europesays.com\/fi\/wp-json\/wp\/v2\/categories?post=121074"},{"taxonomy":"post_tag","embeddable":true,"href":"https:\/\/www.europesays.com\/fi\/wp-json\/wp\/v2\/tags?post=121074"}],"curies":[{"name":"wp","href":"https:\/\/api.w.org\/{rel}","templated":true}]}}