{"id":121076,"date":"2025-12-20T02:04:11","date_gmt":"2025-12-20T02:04:11","guid":{"rendered":"https:\/\/www.europesays.com\/fi\/121076\/"},"modified":"2025-12-20T02:04:11","modified_gmt":"2025-12-20T02:04:11","slug":"kansainvalisen-ilmari-hannikainen-kilpailun-hurja-suosio-yllatti-jarjestajat-jyvaskylassa-keski-suomi","status":"publish","type":"post","link":"https:\/\/www.europesays.com\/fi\/121076\/","title":{"rendered":"Kansainv\u00e4lisen Ilmari Hannikainen -kilpailun hurja suosio yll\u00e4tti j\u00e4rjest\u00e4j\u00e4t Jyv\u00e4skyl\u00e4ss\u00e4 | Keski-Suomi"},"content":{"rendered":"<p>Karsinnan j\u00e4lkeen osallistujam\u00e4\u00e4r\u00e4ksi tuli 41 kokoonpanoa, joista monilla on jo kansainv\u00e4list\u00e4 menestyst\u00e4.<\/p>\n<p>Jyv\u00e4skyl\u00e4ss\u00e4 helmi-maaliskuun taitteessa 2026 k\u00e4yt\u00e4v\u00e4\u00e4n Ilmari Hannikainen -pianokamarimusiikkikilpailuun ilmoittautui kaikkiaan 73 yhtyett\u00e4.<\/p>\n<p>P\u00e4\u00e4j\u00e4rjest\u00e4j\u00e4 Keski-Suomen musiikin edist\u00e4miss\u00e4\u00e4ti\u00f6ss\u00e4 osattiin ennakoida hakijoiden m\u00e4\u00e4r\u00e4n kasvu, sill\u00e4 musiikkikilpailu hyv\u00e4ksyttiin kaksi vuotta sitten arvostetun World Federation of International Music Competitions -j\u00e4rjest\u00f6n j\u00e4seneksi.<\/p>\n<p>\u2013\u2009J\u00e4senyyden ennakoitiin tuovan lis\u00e4yst\u00e4 aiempaan, mutta kiinnostuksen runsaus p\u00e4\u00e4si silti iloisesti yll\u00e4tt\u00e4m\u00e4\u00e4n, Keski-Suomen musiikin edist\u00e4miss\u00e4\u00e4ti\u00f6n puheenjohtaja <strong>Anneli Rahn<\/strong> sanoo.<\/p>\n<p>Suomalaisista kilpailuista WFIMC:n j\u00e4seni\u00e4 ovat Mirjam Helin -laulukilpailu, Maj Lind -pianokilpailu ja Jean Sibelius -viulukilpailu.<\/p>\n","protected":false},"excerpt":{"rendered":"Karsinnan j\u00e4lkeen osallistujam\u00e4\u00e4r\u00e4ksi tuli 41 kokoonpanoa, joista monilla on jo kansainv\u00e4list\u00e4 menestyst\u00e4. Jyv\u00e4skyl\u00e4ss\u00e4 helmi-maaliskuun taitteessa 2026 k\u00e4yt\u00e4v\u00e4\u00e4n Ilmari&hellip;\n","protected":false},"author":2,"featured_media":121077,"comment_status":"","ping_status":"","sticky":false,"template":"","format":"standard","meta":{"footnotes":""},"categories":[132],"tags":[138,137,33,31,30,425,108,524,195,47,32,484,2599,109],"class_list":{"0":"post-121076","1":"post","2":"type-post","3":"status-publish","4":"format-standard","5":"has-post-thumbnail","7":"category-musiikki","8":"tag-audio","9":"tag-entertainment","10":"tag-fi","11":"tag-finland","12":"tag-finnish","13":"tag-jyvaskyla","14":"tag-kulttuuri","15":"tag-kulttuuri-ja-taidetapahtumat-ja-nayttelyt","16":"tag-music","17":"tag-musiikki","18":"tag-suomi","19":"tag-taiteellinen-ilmaisu-ja-mediat","20":"tag-tapahtumat-ja-tapahtumatiedot","21":"tag-viihde"},"share_on_mastodon":{"url":"https:\/\/pubeurope.com\/@fi\/115749444863591220","error":""},"_links":{"self":[{"href":"https:\/\/www.europesays.com\/fi\/wp-json\/wp\/v2\/posts\/121076","targetHints":{"allow":["GET"]}}],"collection":[{"href":"https:\/\/www.europesays.com\/fi\/wp-json\/wp\/v2\/posts"}],"about":[{"href":"https:\/\/www.europesays.com\/fi\/wp-json\/wp\/v2\/types\/post"}],"author":[{"embeddable":true,"href":"https:\/\/www.europesays.com\/fi\/wp-json\/wp\/v2\/users\/2"}],"replies":[{"embeddable":true,"href":"https:\/\/www.europesays.com\/fi\/wp-json\/wp\/v2\/comments?post=121076"}],"version-history":[{"count":0,"href":"https:\/\/www.europesays.com\/fi\/wp-json\/wp\/v2\/posts\/121076\/revisions"}],"wp:featuredmedia":[{"embeddable":true,"href":"https:\/\/www.europesays.com\/fi\/wp-json\/wp\/v2\/media\/121077"}],"wp:attachment":[{"href":"https:\/\/www.europesays.com\/fi\/wp-json\/wp\/v2\/media?parent=121076"}],"wp:term":[{"taxonomy":"category","embeddable":true,"href":"https:\/\/www.europesays.com\/fi\/wp-json\/wp\/v2\/categories?post=121076"},{"taxonomy":"post_tag","embeddable":true,"href":"https:\/\/www.europesays.com\/fi\/wp-json\/wp\/v2\/tags?post=121076"}],"curies":[{"name":"wp","href":"https:\/\/api.w.org\/{rel}","templated":true}]}}