{"id":121082,"date":"2025-12-20T02:11:12","date_gmt":"2025-12-20T02:11:12","guid":{"rendered":"https:\/\/www.europesays.com\/fi\/121082\/"},"modified":"2025-12-20T02:11:12","modified_gmt":"2025-12-20T02:11:12","slug":"porilaisjohtaja-nousi-johtajaverkoston-ykkospallille-anniina-honkanen-48-paljastaa-hyvan-johtajan-seitseman-taitoa","status":"publish","type":"post","link":"https:\/\/www.europesays.com\/fi\/121082\/","title":{"rendered":"Porilaisjohtaja nousi johtajaverkoston ykk\u00f6spallille \u2013 Anniina Honkanen, 48, paljastaa hyv\u00e4n johtajan seitsem\u00e4n taitoa"},"content":{"rendered":"<p>Kahdeksan vuotta Satamaitoa johtanut porilainen Anniina Honkanen, 48, nousi Satakunnan Kauppakamarin puheenjohtajaksi. H\u00e4n pohtii johtajuutta ja sit\u00e4, mitk\u00e4 seikat hyville johtajille erottuvat.<\/p>\n<p>19.12. 17:02<\/p>\n<p class=\"article-body mb-nof-24 px-nof-16\">Ulvila<\/p>\n<p class=\"article-body mb-nof-24 px-nof-16\">Kaikki oli uutta. Tuotantolinjojen piti k\u00e4ynnisty\u00e4 ja ty\u00f6ntekij\u00e4t odottivat ohjeita.<\/p>\n<p class=\"article-body mb-nof-24 px-nof-16\">Yritys oli toteuttamassa sen historian suurinta p\u00e4\u00e4t\u00f6st\u00e4, ratkaisemassa kohtalonkysymyst\u00e4.<\/p>\n<p class=\"article-body mb-nof-24 px-nof-16\">Samaan aikaan porilaiselle <a class=\"article-personlink\" href=\"https:\/\/www.satakunnankansa.fi\/haku\/?query=Anniina%20Honkaselle\" rel=\"nofollow noopener\" target=\"_blank\">Anniina Honkaselle<\/a> kerrottiin uutinen, joka pani koko muuton t\u00e4ysin uuteen mittasuhteeseen.<\/p>\n","protected":false},"excerpt":{"rendered":"Kahdeksan vuotta Satamaitoa johtanut porilainen Anniina Honkanen, 48, nousi Satakunnan Kauppakamarin puheenjohtajaksi. H\u00e4n pohtii johtajuutta ja sit\u00e4, mitk\u00e4&hellip;\n","protected":false},"author":2,"featured_media":121083,"comment_status":"","ping_status":"","sticky":false,"template":"","format":"standard","meta":{"footnotes":""},"categories":[76],"tags":[79,77,33,31,30,80,32,78],"class_list":{"0":"post-121082","1":"post","2":"type-post","3":"status-publish","4":"format-standard","5":"has-post-thumbnail","7":"category-talous","8":"tag-business","9":"tag-economy","10":"tag-fi","11":"tag-finland","12":"tag-finnish","13":"tag-satakunnan-kansa","14":"tag-suomi","15":"tag-talous"},"share_on_mastodon":{"url":"https:\/\/pubeurope.com\/@fi\/115749472413014119","error":""},"_links":{"self":[{"href":"https:\/\/www.europesays.com\/fi\/wp-json\/wp\/v2\/posts\/121082","targetHints":{"allow":["GET"]}}],"collection":[{"href":"https:\/\/www.europesays.com\/fi\/wp-json\/wp\/v2\/posts"}],"about":[{"href":"https:\/\/www.europesays.com\/fi\/wp-json\/wp\/v2\/types\/post"}],"author":[{"embeddable":true,"href":"https:\/\/www.europesays.com\/fi\/wp-json\/wp\/v2\/users\/2"}],"replies":[{"embeddable":true,"href":"https:\/\/www.europesays.com\/fi\/wp-json\/wp\/v2\/comments?post=121082"}],"version-history":[{"count":0,"href":"https:\/\/www.europesays.com\/fi\/wp-json\/wp\/v2\/posts\/121082\/revisions"}],"wp:featuredmedia":[{"embeddable":true,"href":"https:\/\/www.europesays.com\/fi\/wp-json\/wp\/v2\/media\/121083"}],"wp:attachment":[{"href":"https:\/\/www.europesays.com\/fi\/wp-json\/wp\/v2\/media?parent=121082"}],"wp:term":[{"taxonomy":"category","embeddable":true,"href":"https:\/\/www.europesays.com\/fi\/wp-json\/wp\/v2\/categories?post=121082"},{"taxonomy":"post_tag","embeddable":true,"href":"https:\/\/www.europesays.com\/fi\/wp-json\/wp\/v2\/tags?post=121082"}],"curies":[{"name":"wp","href":"https:\/\/api.w.org\/{rel}","templated":true}]}}