{"id":121084,"date":"2025-12-20T02:12:07","date_gmt":"2025-12-20T02:12:07","guid":{"rendered":"https:\/\/www.europesays.com\/fi\/121084\/"},"modified":"2025-12-20T02:12:07","modified_gmt":"2025-12-20T02:12:07","slug":"yhdysvallat-iski-yli-70-kohteeseen-syyriassa-uutisia-lyhyesti","status":"publish","type":"post","link":"https:\/\/www.europesays.com\/fi\/121084\/","title":{"rendered":"Yhdysvallat iski yli 70 kohteeseen Syyriassa | Uutisia lyhyesti"},"content":{"rendered":"<p class=\"aw-1gybjub aw-5vja16 kEtdKx kmuxyA yle__article__paragraph\">Yhdysvaltojen puolustusministerin Pete Hegsethin mukaan kyse on kostoiskuista.<\/p>\n<p class=\"aw-1gybjub aw-1p7kakr kEtdKx cEmitX yle__article__paragraph\">Yhdysvallat iski perjantaina kymmeniin \u00e4\u00e4rij\u00e4rjest\u00f6 Isisin kohteisiin Syyriassa kostona yhdysvaltalaisiin joukkouhin kohdistuneista iskuista.<\/p>\n<p class=\"aw-1gybjub aw-1p7kakr kEtdKx cEmitX yle__article__paragraph\">Yhdysvaltojen asevoimien <a class=\"aw-iao6s4 iHOxEa yle__article__link\" href=\"https:\/\/x.com\/CENTCOM\/status\/2002167383952097623?s=20\" role=\"link\" rel=\"nofollow\">mukaan<\/a> iskut kohdistuivat yli 70 kohteeseen Syyrian keskiosassa. Iskuissa k\u00e4ytettiin h\u00e4vitt\u00e4ji\u00e4, taisteluhelikoptereita ja tykist\u00f6\u00e4. Jordanian ilmavoimien h\u00e4vitt\u00e4j\u00e4t tukivat iskuissa.<\/p>\n<p class=\"aw-1gybjub aw-1p7kakr kEtdKx cEmitX yle__article__paragraph\">Yhdysvaltain presidentti <strong class=\"aw-ak79eh KyCXm yle__article__strong\">Donald Trumpin<\/strong> <a class=\"aw-iao6s4 iHOxEa yle__article__link\" href=\"https:\/\/truthsocial.com\/@realDonaldTrump\/115748701721247530\" role=\"link\" rel=\"nofollow noopener\" target=\"_blank\">mukaan<\/a> Syyrian hallinto antoi tukensa Yhdysvaltojen iskuille.<\/p>\n<p class=\"aw-1gybjub aw-1p7kakr kEtdKx cEmitX yle__article__paragraph\">Yhdysvaltojen iskut kohdistuvat ep\u00e4iltyihin Isisin j\u00e4seniin, infrastruktuuriin ja asevarastoihin, joiden uskotaan kuuluvan terroristiliikkeelle, ilmoitti Yhdysvaltojen puolustusministeri <strong class=\"aw-ak79eh KyCXm yle__article__strong\">Pete Hegseth<\/strong> viestipalvelu <a class=\"aw-iao6s4 iHOxEa yle__article__link\" href=\"https:\/\/x.com\/SecWar\/status\/2002140737060692098\" role=\"link\" rel=\"nofollow\">X:ss\u00e4<\/a> perjantaina.<\/p>\n<p class=\"aw-1gybjub aw-1p7kakr kEtdKx cEmitX yle__article__paragraph\">\u2013 T\u00e4m\u00e4 ei ole sodan alku \u2013 t\u00e4m\u00e4 on kostonjulistus. Yhdysvallat, presidentti Trumpin johdolla, ei koskaan ep\u00e4r\u00f6i eik\u00e4 koskaan hellit\u00e4 puolustaessaan kansaansa, Hegseth kirjoitti.<\/p>\n<p class=\"aw-1gybjub aw-1p7kakr kEtdKx cEmitX yle__article__paragraph\">Aseistettu hy\u00f6kk\u00e4\u00e4j\u00e4 tappoi viikko sitten kolme Yhdysvaltojen asevoimien ty\u00f6ntekij\u00e4\u00e4 Keski-Syyriassa. Kaksi sotilasta ja tulkki joutuivat v\u00e4ijytykseen Palmyran kaupungissa.<\/p>\n<p class=\"aw-1gybjub aw-1p7kakr kEtdKx cEmitX yle__article__paragraph\">Trump sanoi heti tekojen j\u00e4lkeen, ett\u00e4 Yhdysvallat aikoo kostaa hy\u00f6kk\u00e4ykset.<\/p>\n<p class=\"aw-1gybjub aw-1p7kakr kEtdKx cEmitX yle__article__paragraph\">L\u00e4hde: Reuters, AFP, STT<\/p>\n","protected":false},"excerpt":{"rendered":"Yhdysvaltojen puolustusministerin Pete Hegsethin mukaan kyse on kostoiskuista. Yhdysvallat iski perjantaina kymmeniin \u00e4\u00e4rij\u00e4rjest\u00f6 Isisin kohteisiin Syyriassa kostona yhdysvaltalaisiin&hellip;\n","protected":false},"author":2,"featured_media":74,"comment_status":"","ping_status":"","sticky":false,"template":"","format":"standard","meta":{"footnotes":""},"categories":[14],"tags":[22,23,26,27,33,31,30,17,13388,4258,24,25,28,29,15,18,21,32,4246,5715,19,20,56,16,59,60,61],"class_list":{"0":"post-121084","1":"post","2":"type-post","3":"status-publish","4":"format-standard","5":"has-post-thumbnail","7":"category-ulkomaat","8":"tag-breaking-news","9":"tag-breakingnews","10":"tag-featured-news","11":"tag-featurednews","12":"tag-fi","13":"tag-finland","14":"tag-finnish","15":"tag-headlines","16":"tag-isis","17":"tag-konfliktit","18":"tag-latest-news","19":"tag-latestnews","20":"tag-main-news","21":"tag-mainnews","22":"tag-news","23":"tag-otsikot","24":"tag-paauutiset","25":"tag-suomi","26":"tag-syyria","27":"tag-terrorismi","28":"tag-top-stories","29":"tag-topstories","30":"tag-ulkomaat","31":"tag-uutiset","32":"tag-world","33":"tag-world-news","34":"tag-worldnews"},"share_on_mastodon":{"url":"https:\/\/pubeurope.com\/@fi\/115749476379330470","error":""},"_links":{"self":[{"href":"https:\/\/www.europesays.com\/fi\/wp-json\/wp\/v2\/posts\/121084","targetHints":{"allow":["GET"]}}],"collection":[{"href":"https:\/\/www.europesays.com\/fi\/wp-json\/wp\/v2\/posts"}],"about":[{"href":"https:\/\/www.europesays.com\/fi\/wp-json\/wp\/v2\/types\/post"}],"author":[{"embeddable":true,"href":"https:\/\/www.europesays.com\/fi\/wp-json\/wp\/v2\/users\/2"}],"replies":[{"embeddable":true,"href":"https:\/\/www.europesays.com\/fi\/wp-json\/wp\/v2\/comments?post=121084"}],"version-history":[{"count":0,"href":"https:\/\/www.europesays.com\/fi\/wp-json\/wp\/v2\/posts\/121084\/revisions"}],"wp:featuredmedia":[{"embeddable":true,"href":"https:\/\/www.europesays.com\/fi\/wp-json\/wp\/v2\/media\/74"}],"wp:attachment":[{"href":"https:\/\/www.europesays.com\/fi\/wp-json\/wp\/v2\/media?parent=121084"}],"wp:term":[{"taxonomy":"category","embeddable":true,"href":"https:\/\/www.europesays.com\/fi\/wp-json\/wp\/v2\/categories?post=121084"},{"taxonomy":"post_tag","embeddable":true,"href":"https:\/\/www.europesays.com\/fi\/wp-json\/wp\/v2\/tags?post=121084"}],"curies":[{"name":"wp","href":"https:\/\/api.w.org\/{rel}","templated":true}]}}